{"id":287681,"date":"2025-12-14T11:20:14","date_gmt":"2025-12-14T11:20:14","guid":{"rendered":"https:\/\/www.europesays.com\/es\/287681\/"},"modified":"2025-12-14T11:20:14","modified_gmt":"2025-12-14T11:20:14","slug":"igor-arrieta-hara-el-giro-de-italia-en-2026","status":"publish","type":"post","link":"https:\/\/www.europesays.com\/es\/287681\/","title":{"rendered":"Igor Arrieta har\u00e1 el Giro de Italia en 2026"},"content":{"rendered":"<p class=\"paragraph\">El <b>equipo UAE <\/b>ha avanzado este s\u00e1bado el calendario de sus principales figuras.<b> Tadej Pogacar <\/b>tendr\u00e1 como objetivos prioritarios las cl\u00e1sicas y el Tour<b>. Joao Almeida<\/b> liderar\u00e1 el conjunto emirat\u00ed en el Giro de Italia y la Vuelta a Espa\u00f1a, <b>Isaac Del Toro<\/b> estar\u00e1 con Pogacar en el Tour&#8230;<b> y el navarro Igor Arrieta ser\u00e1 uno de los hombres importantes del conjunto de Matx\u00edn para la Corsa Rosa.<\/b> Arrieta, que acaba de cumplir\u00a0 23 a\u00f1os, afronta su<b> sexta campa\u00f1a como ciclista profesional,<\/b> la tercera en la formaci\u00f3n del UAE. A finales de 2026 el navarro termina su contrato con el equipo de los emiratos, donde est\u00e1n muy contentos con su rendimiento y esperan que d\u00e9 un paso al frente y pueda rematar su trabajo con resultados.<\/p>\n<p class=\"paragraph\">Arrieta, que <b>el a\u00f1o pasado ya corri\u00f3 el Giro de Italia<\/b> en el que termin\u00f3 en el puesto 36\u00ba y fue cuarto en una etapa, debutar\u00e1 en el <b>Tour de Alula <\/b>para despu\u00e9s disputar la <b>Vuelta a Murcia y la Cl\u00e1sica de Ja\u00e9n<\/b>. De momento estas son las carreras que se han avanzado de su calendario. Arrieta est\u00e1 concentrado con todo el UAE en Calpe.<\/p>\n<p>Te puede interesar<img decoding=\"async\" loading=\"lazy\" alt=\"24 DE ENERO, BERRADE.  El pamplon\u00e9s se impon\u00eda en solitario en la Cl\u00e1sica Morvedre, su primera carrera del a\u00f1o, con 10 segundos de ventaja; 22 DE FEBRERO, URIARTE.  Consegu\u00eda imponerse en solitario tras un ataque letal a 10 km de meta en la cuarta etapa de la Vuelta a Andaluc\u00eda; 25 DE JULIO, ARRIETA.  El uhartearra estrenaba su palmar\u00e9s en Ordizia tras llegar escapado con su compa\u00f1ero Isaac Del Toro.\" width=\"396\" height=\"252\" src=\"https:\/\/www.europesays.com\/es\/wp-content\/uploads\/2025\/12\/68f67486eac34.jpeg\"\/><\/p>\n","protected":false},"excerpt":{"rendered":"El equipo UAE ha avanzado este s\u00e1bado el calendario de sus principales figuras. Tadej Pogacar tendr\u00e1 como objetivos&hellip;\n","protected":false},"author":2,"featured_media":287682,"comment_status":"","ping_status":"","sticky":false,"template":"","format":"standard","meta":{"footnotes":""},"categories":[273],"tags":[3405,313,312,168,25,24,7957,21089,3404,628,23,167],"class_list":{"0":"post-287681","1":"post","2":"type-post","3":"status-publish","4":"format-standard","5":"has-post-thumbnail","7":"category-ciclismo","8":"tag-arrieta","9":"tag-ciclismo","10":"tag-cycling","11":"tag-deportes","12":"tag-es","13":"tag-espana","14":"tag-giro","15":"tag-hara","16":"tag-igor","17":"tag-italia","18":"tag-spain","19":"tag-sports"},"share_on_mastodon":{"url":"https:\/\/pubeurope.com\/@es\/115717657720776589","error":""},"_links":{"self":[{"href":"https:\/\/www.europesays.com\/es\/wp-json\/wp\/v2\/posts\/287681","targetHints":{"allow":["GET"]}}],"collection":[{"href":"https:\/\/www.europesays.com\/es\/wp-json\/wp\/v2\/posts"}],"about":[{"href":"https:\/\/www.europesays.com\/es\/wp-json\/wp\/v2\/types\/post"}],"author":[{"embeddable":true,"href":"https:\/\/www.europesays.com\/es\/wp-json\/wp\/v2\/users\/2"}],"replies":[{"embeddable":true,"href":"https:\/\/www.europesays.com\/es\/wp-json\/wp\/v2\/comments?post=287681"}],"version-history":[{"count":0,"href":"https:\/\/www.europesays.com\/es\/wp-json\/wp\/v2\/posts\/287681\/revisions"}],"wp:featuredmedia":[{"embeddable":true,"href":"https:\/\/www.europesays.com\/es\/wp-json\/wp\/v2\/media\/287682"}],"wp:attachment":[{"href":"https:\/\/www.europesays.com\/es\/wp-json\/wp\/v2\/media?parent=287681"}],"wp:term":[{"taxonomy":"category","embeddable":true,"href":"https:\/\/www.europesays.com\/es\/wp-json\/wp\/v2\/categories?post=287681"},{"taxonomy":"post_tag","embeddable":true,"href":"https:\/\/www.europesays.com\/es\/wp-json\/wp\/v2\/tags?post=287681"}],"curies":[{"name":"wp","href":"https:\/\/api.w.org\/{rel}","templated":true}]}}