{"id":287683,"date":"2025-12-14T11:22:13","date_gmt":"2025-12-14T11:22:13","guid":{"rendered":"https:\/\/www.europesays.com\/es\/287683\/"},"modified":"2025-12-14T11:22:13","modified_gmt":"2025-12-14T11:22:13","slug":"se-aplaza-el-partido-entre-el-valencia-basket-y-el-casademont-zaragoza-de-la-acb","status":"publish","type":"post","link":"https:\/\/www.europesays.com\/es\/287683\/","title":{"rendered":"Se aplaza el partido entre el Valencia Basket y el Casademont Zaragoza de la ACB"},"content":{"rendered":"<p><a class=\"v-mdl-ath__fig-a\" href=\"https:\/\/www.lasprovincias.es\/autor\/juan-carlos-villena-478.html\" title=\"Juan Carlos Villena\" rel=\"nofollow noopener\" target=\"_blank\"><br \/>\n<img decoding=\"async\" class=\"v-mdl-ath__img\" src=\"https:\/\/www.europesays.com\/es\/wp-content\/uploads\/2025\/08\/autor-478-foto-2.jpeg\" alt=\"Juan Carlos Villena\"\/><br \/>\n<\/a><\/p>\n<p class=\"v-mdl-ath__p v-mdl-ath__p--6\">\nDomingo, 14 de diciembre 2025, 11:40<\/p>\n<p class=\"v-p\">El Valencia Basket anunci\u00f3 este s\u00e1bado, tras el env\u00edo del es-alert la suspensi\u00f3n del partido matinal de este domingo en el Roig Arena de la Liga Femenina contra el Casademont Zaragoza, y tras las reuni\u00f3n del CECOPI que ha mantenido la alerta roja para la tarde se ha anunciado la suspensi\u00f3n del segundo partido, el que deb\u00eda enfrentar a los mismos equipos pero en la Liga ACB. Con el equipo ma\u00f1o en Valencia se quer\u00eda apurar las opciones para disputar el encuentro si se rebajaba la alerta, y con la tranquilidad que daba que el club aragon\u00e9s ya hab\u00eda suspendido el viaje por carretera de los 700 aficionados que ven\u00edan a ver los dos partidos. Puesto que la seguridad es, siempre, lo primero. <\/p>\n<p class=\"v-p\">El Valencia Basket ha seguido el protocolo y, tras recibir la informaci\u00f3n del CECOPI y en contacto con el Ayuntamiento y las autoridades competentes, solicit\u00f3 formalmente a la ACB el aplazamiento del partido, y ya lo ha confirmado como ocurri\u00f3 este s\u00e1bado en Las Palmas con el partido entre el Gran Canaria y el Baskonia. Ahora, se deber\u00e1 encontrar una fecha para disputar el encuentro. Algo que no ser\u00e1 f\u00e1cil por el apretado calendario de los taronja con la Euroliga .<\/p>\n<p>Reporta un error<\/p>\n","protected":false},"excerpt":{"rendered":"Domingo, 14 de diciembre 2025, 11:40 El Valencia Basket anunci\u00f3 este s\u00e1bado, tras el env\u00edo del es-alert la&hellip;\n","protected":false},"author":2,"featured_media":287684,"comment_status":"","ping_status":"","sticky":false,"template":"","format":"standard","meta":{"footnotes":""},"categories":[269],"tags":[302,299,1918,298,2511,168,25,24,1045,23,167,9986,235,491],"class_list":{"0":"post-287683","1":"post","2":"type-post","3":"status-publish","4":"format-standard","5":"has-post-thumbnail","7":"category-baloncesto","8":"tag-acb","9":"tag-baloncesto","10":"tag-basket","11":"tag-basketball","12":"tag-casademont","13":"tag-deportes","14":"tag-es","15":"tag-espana","16":"tag-partido","17":"tag-spain","18":"tag-sports","19":"tag-suspende","20":"tag-valencia","21":"tag-zaragoza"},"share_on_mastodon":{"url":"https:\/\/pubeurope.com\/@es\/115717666514064531","error":""},"_links":{"self":[{"href":"https:\/\/www.europesays.com\/es\/wp-json\/wp\/v2\/posts\/287683","targetHints":{"allow":["GET"]}}],"collection":[{"href":"https:\/\/www.europesays.com\/es\/wp-json\/wp\/v2\/posts"}],"about":[{"href":"https:\/\/www.europesays.com\/es\/wp-json\/wp\/v2\/types\/post"}],"author":[{"embeddable":true,"href":"https:\/\/www.europesays.com\/es\/wp-json\/wp\/v2\/users\/2"}],"replies":[{"embeddable":true,"href":"https:\/\/www.europesays.com\/es\/wp-json\/wp\/v2\/comments?post=287683"}],"version-history":[{"count":0,"href":"https:\/\/www.europesays.com\/es\/wp-json\/wp\/v2\/posts\/287683\/revisions"}],"wp:featuredmedia":[{"embeddable":true,"href":"https:\/\/www.europesays.com\/es\/wp-json\/wp\/v2\/media\/287684"}],"wp:attachment":[{"href":"https:\/\/www.europesays.com\/es\/wp-json\/wp\/v2\/media?parent=287683"}],"wp:term":[{"taxonomy":"category","embeddable":true,"href":"https:\/\/www.europesays.com\/es\/wp-json\/wp\/v2\/categories?post=287683"},{"taxonomy":"post_tag","embeddable":true,"href":"https:\/\/www.europesays.com\/es\/wp-json\/wp\/v2\/tags?post=287683"}],"curies":[{"name":"wp","href":"https:\/\/api.w.org\/{rel}","templated":true}]}}