{"id":287687,"date":"2025-12-14T11:24:16","date_gmt":"2025-12-14T11:24:16","guid":{"rendered":"https:\/\/www.europesays.com\/es\/287687\/"},"modified":"2025-12-14T11:24:16","modified_gmt":"2025-12-14T11:24:16","slug":"maria-patino-carga-contra-kiko-matamoros-tras-su-adios-a-no-somos-nadie-la-estrategia-del-caracol","status":"publish","type":"post","link":"https:\/\/www.europesays.com\/es\/287687\/","title":{"rendered":"Mar\u00eda Pati\u00f1o carga contra Kiko Matamoros tras su adi\u00f3s a \u2018No somos nadie\u2019: \u201cLa estrategia del caracol\u201d"},"content":{"rendered":"<p class=\"\"><b>Las \u00faltimas semanas no est\u00e1n siendo precisamente f\u00e1ciles en el entorno de \u2018No somos nadie\u2019<\/b>, programa emitido que ha perdido a varios de sus colaboradores m\u00e1s destacados y reconocidos. Primero fue <b>Bel\u00e9n Esteban<\/b>, ahora ha sido el turno de <b>Kiko Matamoros<\/b>, quien, tras una fuerte discusi\u00f3n con Mar\u00eda Pati\u00f1o, aprovech\u00f3 para despedirse de sus compa\u00f1eros y del formato durante la emisi\u00f3n de este <b>viernes, 12 de diciembre<\/b>.<\/p>\n<p class=\"\"><b>\u201cHoy toca decir adi\u00f3s. Gracias a los que me hab\u00e9is apoyado\u201d<\/b>, escribi\u00f3 el televisivo a primera hora de la ma\u00f1ana. Despu\u00e9s, ya en el programa presentado por Carlota Corredera y Mar\u00eda Pati\u00f1o, Matamoros justific\u00f3 su decisi\u00f3n:<b> \u201cAyer por la noche empec\u00e9 a valorar esta decisi\u00f3n y hoy por la ma\u00f1ana, cuando me he levantado, no s\u00e9 qu\u00e9 es lo que he so\u00f1ado pero lo ten\u00eda muy claro\u201d<\/b>, afirm\u00f3.<\/p>\n<p class=\"\"><b>\u201cCreo que las mejores decisiones se toman desde la tranquilidad y una vez que ha pasado la tormenta\u201d<\/b>, a\u00f1adi\u00f3. Tras ello, tanto los compa\u00f1eros presentes en plat\u00f3 como otros que han formado parte de la trayectoria televisiva del madrile\u00f1o, como <b>Marta L\u00f3pez o Lydia Lozano<\/b>, entre otros, le han pedido a Kiko que se replantease su decisi\u00f3n y siguiera en \u2018No somos nadie\u2019.<\/p>\n<p class=\"\"><b>\u201cHe decidido dejar de colaborar en \u2018No somos nadie\u2019 por circunstancias que han sido p\u00fablicas y evidentes. Yo no vengo a culpar a nadie, posiblemente el primer culpable sea yo por haber permitido determinadas cosas y haber participado y ya est\u00e1\u201d<\/b>, continu\u00f3 para concluir lanzando el siguiente mensaje: <b>\u201cBusco paz y tranquilidad, mi felicidad, le da de los m\u00edos\u2026 Y he entendido que eso no pasa por estar aqu\u00ed en este programa\u201d.<\/b><\/p>\n<p>La reacci\u00f3n de Mar\u00eda Pati\u00f1o<\/p>\n<p class=\"\">En su despedida, Kiko Matamoros tambi\u00e9n se acord\u00f3 de Mar\u00eda Pati\u00f1o: <b>\u201cNo quiero que en mi casa se sientan mal vi\u00e9ndome en la tele, no quiero sentirme mal yo cuando me voy en el coche. Dicho lo cual, para que quede clar\u00edsimo: Mar\u00eda Pati\u00f1o, te tengo much\u00edsimo cari\u00f1o y te apreci\u00f3\u201d<\/b>, recalc\u00f3.<\/p>\n<blockquote class=\"twitter-tweet\">\n<p lang=\"es\" dir=\"ltr\">La estrategia del caracol. Nos vemos el lunes. Agradezco las palabras sinceras de <a href=\"https:\/\/twitter.com\/KikoMatamoros?ref_src=twsrc%5Etfw\" rel=\"nofollow noopener\" target=\"_blank\">@KikoMatamoros<\/a> . Es un maestro y yo una aprendiz q capta su mensaje.<\/p>\n<p>\u2014 Maria pati\u00f1o (@maria_patino) <a href=\"https:\/\/twitter.com\/maria_patino\/status\/1999595727245250970?ref_src=twsrc%5Etfw\" rel=\"nofollow noopener\" target=\"_blank\">December 12, 2025<\/a><\/p><\/blockquote>\n<p>Noticias relacionadas<a href=\"https:\/\/as.com\/tikitakas\/television\/rtve-dice-adios-a-broncano-y-la-revuelta-la-proxima-semana-f202512-n\/\" class=\"s_m_w\" title=\"La cadena p\u00fablica suspende la emisi\u00f3n del programa para ofrecer el partido de Copa del Rey entre Talavera de la Reina y Real Madrid.\" data-tb-link=\"\" rel=\"nofollow noopener\" target=\"_blank\"><img decoding=\"async\" src=\"https:\/\/www.europesays.com\/es\/wp-content\/uploads\/2025\/12\/1765711455_144_DAELG7JGFJFVXK4YNEFUWSGTOM.jpg\" alt=\"RTVE dice \u2018adi\u00f3s\u2019 a Broncano y \u2018La Revuelta\u2019 la pr\u00f3xima semana\" class=\"\" height=\"9\" width=\"16\"   loading=\"lazy\" data-tb-thumbnail=\"\"\/><\/a><a href=\"https:\/\/as.com\/tikitakas\/television\/kiko-matamoros-dice-adios-a-no-somos-nadie-el-primer-culpable-seguro-que-soy-yo-f202512-n\/\" class=\"s_m_w\" title=\"El colaborador de televisi\u00f3n ha anunciado su salida del programa de TEN en pleno directo, y dejando un mensaje explicando los motivos.\" data-tb-link=\"\" rel=\"nofollow noopener\" target=\"_blank\"><img decoding=\"async\" src=\"https:\/\/www.europesays.com\/es\/wp-content\/uploads\/2025\/12\/X7SAGFEB3JEPBBXCEOCE437XXQ.png\" alt=\"Kiko Matamoros dice adi\u00f3s a \u2018No somos nadie\u2019: \u201cEl primer culpable seguro que soy yo\u201d\" class=\"\" height=\"9\" width=\"16\"   loading=\"lazy\" data-tb-thumbnail=\"\"\/><\/a><\/p>\n<p class=\"\">Lo dicho por el ya excolaborador de \u2018No somos nadie\u2019 ha tenido su respuesta por parte de Mar\u00eda Pati\u00f1o, quien, a trav\u00e9s de X -anteriormente Twitter-, ha escrito las siguientes palabras: <b>\u201cLa estrategia del caracol. Nos vemos el lunes. Agradezco las palabras sinceras de Kiko Matamoros. Es un maestro y yo una aprendiz que capta su mensaje\u201d<\/b>.<\/p>\n<p class=\"\"><b>\u00a1Tus opiniones importan!<\/b> Comenta en los art\u00edculos y suscr\u00edbete gratis a nuestra <a href=\"https:\/\/asfan.as.com\/newsletters\/\" target=\"_blank\" rel=\"nofollow noopener\" title=\"https:\/\/asfan.as.com\/newsletters\/\">newsletter<\/a> y a las alertas informativas en la <a href=\"https:\/\/as.com\/aplicacion-de-as-n\/\" target=\"_blank\" rel=\"nofollow noopener\" title=\"https:\/\/as.com\/aplicacion-de-as-n\/\">App<\/a> o el canal de <a href=\"https:\/\/www.whatsapp.com\/channel\/0029VaAasdA7j6g745nz9M10\" target=\"_blank\" rel=\"nofollow noopener\" title=\"https:\/\/www.whatsapp.com\/channel\/0029VaAasdA7j6g745nz9M10\">WhatsApp<\/a>. \u00bfBuscas licenciar contenido? Haz clic <a href=\"https:\/\/profesional.elpais.com\/soluciones-sindicacion?utm_medium=interno&amp;utm_source=crosslinking&amp;utm_campaign=sindicacion_as_pie_articulos\" target=\"_blank\" rel=\"nofollow noopener\" title=\"https:\/\/profesional.elpais.com\/soluciones-sindicacion?utm_medium=interno&amp;utm_source=crosslinking&amp;utm_campaign=sindicacion_as_pie_articulos\">aqu\u00ed<\/a><\/p>\n<p><script async src=\"https:\/\/platform.twitter.com\/widgets.js\" charset=\"utf-8\"><\/script><\/p>\n","protected":false},"excerpt":{"rendered":"Las \u00faltimas semanas no est\u00e1n siendo precisamente f\u00e1ciles en el entorno de \u2018No somos nadie\u2019, programa emitido que&hellip;\n","protected":false},"author":2,"featured_media":287688,"comment_status":"","ping_status":"","sticky":false,"template":"","format":"standard","meta":{"footnotes":""},"categories":[174],"tags":[255,146,147,25,24,256,23],"class_list":{"0":"post-287687","1":"post","2":"type-post","3":"status-publish","4":"format-standard","5":"has-post-thumbnail","7":"category-famosos","8":"tag-celebrities","9":"tag-entertainment","10":"tag-entretenimiento","11":"tag-es","12":"tag-espana","13":"tag-famosos","14":"tag-spain"},"share_on_mastodon":{"url":"https:\/\/pubeurope.com\/@es\/115717673258029948","error":""},"_links":{"self":[{"href":"https:\/\/www.europesays.com\/es\/wp-json\/wp\/v2\/posts\/287687","targetHints":{"allow":["GET"]}}],"collection":[{"href":"https:\/\/www.europesays.com\/es\/wp-json\/wp\/v2\/posts"}],"about":[{"href":"https:\/\/www.europesays.com\/es\/wp-json\/wp\/v2\/types\/post"}],"author":[{"embeddable":true,"href":"https:\/\/www.europesays.com\/es\/wp-json\/wp\/v2\/users\/2"}],"replies":[{"embeddable":true,"href":"https:\/\/www.europesays.com\/es\/wp-json\/wp\/v2\/comments?post=287687"}],"version-history":[{"count":0,"href":"https:\/\/www.europesays.com\/es\/wp-json\/wp\/v2\/posts\/287687\/revisions"}],"wp:featuredmedia":[{"embeddable":true,"href":"https:\/\/www.europesays.com\/es\/wp-json\/wp\/v2\/media\/287688"}],"wp:attachment":[{"href":"https:\/\/www.europesays.com\/es\/wp-json\/wp\/v2\/media?parent=287687"}],"wp:term":[{"taxonomy":"category","embeddable":true,"href":"https:\/\/www.europesays.com\/es\/wp-json\/wp\/v2\/categories?post=287687"},{"taxonomy":"post_tag","embeddable":true,"href":"https:\/\/www.europesays.com\/es\/wp-json\/wp\/v2\/tags?post=287687"}],"curies":[{"name":"wp","href":"https:\/\/api.w.org\/{rel}","templated":true}]}}