{"id":287691,"date":"2025-12-14T11:27:12","date_gmt":"2025-12-14T11:27:12","guid":{"rendered":"https:\/\/www.europesays.com\/es\/287691\/"},"modified":"2025-12-14T11:27:12","modified_gmt":"2025-12-14T11:27:12","slug":"mairena-se-vuelca-con-la-final-de-este-lunes","status":"publish","type":"post","link":"https:\/\/www.europesays.com\/es\/287691\/","title":{"rendered":"Mairena se vuelca con la final de este lunes"},"content":{"rendered":"<p class=\"ft-text\">La artista sevillana <a class=\"ft-link ft-link--decoration\" href=\"https:\/\/www.elcorreoweb.es\/sevilla\/2025\/11\/24\/ot-operacion-triunfo-cristina-sanchez-musica-124071041.html\" target=\"_blank\" rel=\"nofollow noopener\">Cristina Lora<\/a> puede convertirse este lunes en la ganadora de la edici\u00f3n 2025 de Operaci\u00f3n Triunfo. La estudiante de Comunicaci\u00f3n llega a la gala como una de las principales candidatas a la victoria tras haber sido<strong> elegida en tres ocasiones como favorita por el p\u00fablico.<\/strong><\/p>\n<p class=\"ft-text\"><strong>La gala final se celebra este lunes por la noche <\/strong>y en ella participan cinco de los 16 concursantes que entraron en la Academia el pasado mes de septiembre. El ganador o ganadora ser\u00e1 elegido por el voto del p\u00fablico.<\/p>\n<p class=\"ft-text\">Durante el concurso Cristina Lora ha destacado por sus interpretaciones de El punto de partida , de Rocio Jurado, Uh Nana de Daniela Blasco, Je me casse de Destiny o Garganta con arena de Roberto Goyeneche. Para la gran final ha escogido La noia de Angelina Mango y volver\u00e1 a cantar si queda entre las tres mejores el t\u00edtulo con el que se estren\u00f3 en el concurso en la gala cero: <strong>My baby just cares for me <\/strong><strong>de Nina Simone. <\/strong><\/p>\n<p>Apoyo y una pantalla gigante en Mairena del Aljarafe<\/p>\n<p class=\"ft-text\">Por ese motivo, su municipio natal, <strong>Mairena del Aljarafe,<\/strong> se ha volcado con este evento. El Ayuntamiento ha pedido a la poblaci\u00f3n que vote a la concursante andaluza y ha convocado a todos los vecinos a compartir la gala final en el Teatro Municipal Villa de Mairena que se convertir\u00e1 en \u00abun gran plat\u00f3\u00bb. <strong>La final de OT 2025 se puede ver a partir de las 22.00 horas el pr\u00f3ximo lunes 15 de diciembre. <\/strong><\/p>\n<p class=\"ft-text\">Una vez que finalice el programa, todos los concursantes participar\u00e1n en una gira de conciertos que precisamente tendr\u00e1 Mairena del Aljarafe como uno <strong>de sus grandes escenarios<\/strong>. Ser\u00e1 all\u00ed donde se cierre la programaci\u00f3n de espect\u00e1culos en el mes de septiembre.<\/p>\n<p>\u00bfQui\u00e9n es Cristina Lora?<\/p>\n<p class=\"ft-text\">Cristina Lora estudia en la <strong>Facultad de Comunicaci\u00f3n de Sevilla <\/strong>el doble grado de <strong>Comunicaci\u00f3n Audiovisual y Periodismo<\/strong>, que junto a la <a class=\"ft-link ft-link--decoration\" href=\"https:\/\/www.elcorreoweb.es\/tags\/universidad-de-sevilla\/\" target=\"_blank\" rel=\"nofollow noopener\">Universidad de Sevilla<\/a> han transmitido en las redes sociales mensajes de apoyo para ella en su camino en el programa. Cristina <strong>ha estudiado baile y teatro, toca el piano y lleva diez a\u00f1os de experiencia en claqu\u00e9<\/strong>.<\/p>\n<p class=\"ft-text\">En la Gala 1, la primera de todo el programa,<strong> consigui\u00f3 ser la favorita interpretando la canci\u00f3n <\/strong><strong>APT <\/strong> y cruz\u00f3 la pasarela, logrando 3.000 euros. Con cerca del 18% de los votos del p\u00fablico, super\u00f3 a Guille Toledano y Judit, que estuvieron entre los m\u00e1s apoyados. Posteriormente fue elegida por los espectadores en otras dos galas.<\/p>\n<p class=\"ft-text\">Cristina tambi\u00e9n <strong>tiene ra\u00edces extreme\u00f1as<\/strong>, ya que la familia de su padre es de Herv\u00e1s, donde desde muy peque\u00f1a ha disfrutado del pueblo, de sus fiestas y de su gente, presumiendo de ello donde vaya. No obstante, durante todo el concurso ha hecho continuas referencias a Andaluc\u00eda e incluso ha llegado a colgar una bandera en la Academia de OT.<\/p>\n","protected":false},"excerpt":{"rendered":"La artista sevillana Cristina Lora puede convertirse este lunes en la ganadora de la edici\u00f3n 2025 de Operaci\u00f3n&hellip;\n","protected":false},"author":2,"featured_media":287692,"comment_status":"","ping_status":"","sticky":false,"template":"","format":"standard","meta":{"footnotes":""},"categories":[171],"tags":[7538,146,147,25,24,2000,63718,185,2885,222,45273,23,214,44469],"class_list":{"0":"post-287691","1":"post","2":"type-post","3":"status-publish","4":"format-standard","5":"has-post-thumbnail","7":"category-tv","8":"tag-cristina","9":"tag-entertainment","10":"tag-entretenimiento","11":"tag-es","12":"tag-espana","13":"tag-ganar","14":"tag-lora","15":"tag-musica","16":"tag-operacion","17":"tag-operacion-triunfo","18":"tag-sevillana","19":"tag-spain","20":"tag-tv","21":"tag-universidad-de-sevilla"},"share_on_mastodon":{"url":"https:\/\/pubeurope.com\/@es\/115717685001449570","error":""},"_links":{"self":[{"href":"https:\/\/www.europesays.com\/es\/wp-json\/wp\/v2\/posts\/287691","targetHints":{"allow":["GET"]}}],"collection":[{"href":"https:\/\/www.europesays.com\/es\/wp-json\/wp\/v2\/posts"}],"about":[{"href":"https:\/\/www.europesays.com\/es\/wp-json\/wp\/v2\/types\/post"}],"author":[{"embeddable":true,"href":"https:\/\/www.europesays.com\/es\/wp-json\/wp\/v2\/users\/2"}],"replies":[{"embeddable":true,"href":"https:\/\/www.europesays.com\/es\/wp-json\/wp\/v2\/comments?post=287691"}],"version-history":[{"count":0,"href":"https:\/\/www.europesays.com\/es\/wp-json\/wp\/v2\/posts\/287691\/revisions"}],"wp:featuredmedia":[{"embeddable":true,"href":"https:\/\/www.europesays.com\/es\/wp-json\/wp\/v2\/media\/287692"}],"wp:attachment":[{"href":"https:\/\/www.europesays.com\/es\/wp-json\/wp\/v2\/media?parent=287691"}],"wp:term":[{"taxonomy":"category","embeddable":true,"href":"https:\/\/www.europesays.com\/es\/wp-json\/wp\/v2\/categories?post=287691"},{"taxonomy":"post_tag","embeddable":true,"href":"https:\/\/www.europesays.com\/es\/wp-json\/wp\/v2\/tags?post=287691"}],"curies":[{"name":"wp","href":"https:\/\/api.w.org\/{rel}","templated":true}]}}