{"id":287713,"date":"2025-12-14T11:43:12","date_gmt":"2025-12-14T11:43:12","guid":{"rendered":"https:\/\/www.europesays.com\/es\/287713\/"},"modified":"2025-12-14T11:43:12","modified_gmt":"2025-12-14T11:43:12","slug":"isaac-del-toro-al-tour-de-francia","status":"publish","type":"post","link":"https:\/\/www.europesays.com\/es\/287713\/","title":{"rendered":"Isaac Del Toro al Tour de Francia"},"content":{"rendered":"<p class=\"\">Si el 2025 de Isaac Del Toro fue espectacular, su 2026 apunta a ser una locura. Este s\u00e1bado desde una concentraci\u00f3n de su equipo, <a href=\"https:\/\/mexico.as.com\/noticias\/ciclismo\/\" target=\"_self\" rel=\"nofollow noopener\" title=\"https:\/\/mexico.as.com\/noticias\/ciclismo\/\">UAE Team Emirates,<\/a> en la ciudad espa\u00f1ola de Benidorm, el atleta de 22 a\u00f1os de edad revel\u00f3 su calendario del siguiente a\u00f1o y confirm\u00f3 su presencia en el <b>Tour de Francia, la mayor prueba dentro del mundo del ciclismo. <\/b><\/p>\n<p class=\"\">En la rueda de prensa en la cual atendi\u00f3 a los medios de comunicaci\u00f3n, el nacido en Ensenada revel\u00f3 que se trata de <b>\u201cun sue\u00f1o desde ni\u00f1o\u201d,<\/b> y ahora tendr\u00e1 la oportunidad de hacerlo como escudero del veterano <b>Tadej Pogacar, <\/b>ganador de la edici\u00f3n anterior. Ser\u00e1 su primera vez en una competencia de esta envergadura, luego de despuntar en carreras importantes como el<b> Giro de Italia y la Vuelta a Burgos.<\/b><\/p>\n<p class=\"\">Aunque la noticia genera mucha expectaci\u00f3n por la escases de competidores mexicanos en el Tour, Del Toro es consiente que <b>su participaci\u00f3n ser\u00e1 meramente en un rol secundario<\/b> y todos los esfuerzos estar\u00e1n enfocados en el esloveno Pogacar. \u201cSe trata m\u00e1s de aprender que de desempe\u00f1ar un papel m\u00e1s importante\u201d, confes\u00f3. <\/p>\n<p class=\"\">Isaac Del Toro comparti\u00f3 m\u00e1s detalles sobre su temporada entrante. Debutar\u00e1 en el UAE Tour el 16 de febrero, y posteriormente correr\u00e1 la <b>Strade Bianche, la Mil\u00e1n-San Remo, la Tirreno-Adri\u00e1tico, la Itzulia, el Tour de Auvernia-R\u00f3dano-Alpes y el Tour de Francia.<\/b><\/p>\n<p>Noticias relacionadas<\/p>\n<p class=\"\">Disputada desde 1903 y <b>solamente interrumpida en dos ocasiones a causa de las dos Guerras Mundiales<\/b>, en 2026 se celebrar\u00e1 del 4 al 26 de julio y su ruta abarcar\u00e1 21 etapas: siete en llano, cuatro de media monta\u00f1a, ocho de monta\u00f1a con cinco llegadas en alto en Gavarnie-G\u00e8dre, Plateau de Solaison, Orci\u00e8res-Merlette y Alpe d\u2019Huez (2 veces), un contrarreloj por equipos y un contrarreloj individual, adem\u00e1s de dos jornadas de descanso.<\/p>\n<p class=\"\"><b>\u00a1Tus opiniones importan!<\/b> Comenta en los art\u00edculos y suscr\u00edbete gratis a nuestra <a href=\"https:\/\/asfan.as.com\/newsletters\/\" target=\"_blank\" rel=\"nofollow noopener\" title=\"https:\/\/asfan.as.com\/newsletters\/\">newsletter<\/a> y a las alertas informativas en la <a href=\"https:\/\/as.com\/aplicacion-de-as-n\/\" target=\"_blank\" rel=\"nofollow noopener\" title=\"https:\/\/as.com\/aplicacion-de-as-n\/\">App<\/a> o el canal de <a href=\"https:\/\/www.whatsapp.com\/channel\/0029VaAasdA7j6g745nz9M10\" target=\"_blank\" rel=\"nofollow noopener\" title=\"https:\/\/www.whatsapp.com\/channel\/0029VaAasdA7j6g745nz9M10\">WhatsApp<\/a>. \u00bfBuscas licenciar contenido? Haz clic <a href=\"https:\/\/profesional.elpais.com\/soluciones-sindicacion?utm_medium=interno&amp;utm_source=crosslinking&amp;utm_campaign=sindicacion_as_pie_articulos\" target=\"_blank\" rel=\"nofollow noopener\" title=\"https:\/\/profesional.elpais.com\/soluciones-sindicacion?utm_medium=interno&amp;utm_source=crosslinking&amp;utm_campaign=sindicacion_as_pie_articulos\">aqu\u00ed<\/a><\/p>\n","protected":false},"excerpt":{"rendered":"Si el 2025 de Isaac Del Toro fue espectacular, su 2026 apunta a ser una locura. Este s\u00e1bado&hellip;\n","protected":false},"author":2,"featured_media":287714,"comment_status":"","ping_status":"","sticky":false,"template":"","format":"standard","meta":{"footnotes":""},"categories":[273],"tags":[313,312,168,25,24,23,167],"class_list":{"0":"post-287713","1":"post","2":"type-post","3":"status-publish","4":"format-standard","5":"has-post-thumbnail","7":"category-ciclismo","8":"tag-ciclismo","9":"tag-cycling","10":"tag-deportes","11":"tag-es","12":"tag-espana","13":"tag-spain","14":"tag-sports"},"share_on_mastodon":{"url":"https:\/\/pubeurope.com\/@es\/115717747730325787","error":""},"_links":{"self":[{"href":"https:\/\/www.europesays.com\/es\/wp-json\/wp\/v2\/posts\/287713","targetHints":{"allow":["GET"]}}],"collection":[{"href":"https:\/\/www.europesays.com\/es\/wp-json\/wp\/v2\/posts"}],"about":[{"href":"https:\/\/www.europesays.com\/es\/wp-json\/wp\/v2\/types\/post"}],"author":[{"embeddable":true,"href":"https:\/\/www.europesays.com\/es\/wp-json\/wp\/v2\/users\/2"}],"replies":[{"embeddable":true,"href":"https:\/\/www.europesays.com\/es\/wp-json\/wp\/v2\/comments?post=287713"}],"version-history":[{"count":0,"href":"https:\/\/www.europesays.com\/es\/wp-json\/wp\/v2\/posts\/287713\/revisions"}],"wp:featuredmedia":[{"embeddable":true,"href":"https:\/\/www.europesays.com\/es\/wp-json\/wp\/v2\/media\/287714"}],"wp:attachment":[{"href":"https:\/\/www.europesays.com\/es\/wp-json\/wp\/v2\/media?parent=287713"}],"wp:term":[{"taxonomy":"category","embeddable":true,"href":"https:\/\/www.europesays.com\/es\/wp-json\/wp\/v2\/categories?post=287713"},{"taxonomy":"post_tag","embeddable":true,"href":"https:\/\/www.europesays.com\/es\/wp-json\/wp\/v2\/tags?post=287713"}],"curies":[{"name":"wp","href":"https:\/\/api.w.org\/{rel}","templated":true}]}}