{"id":287738,"date":"2025-12-14T11:58:10","date_gmt":"2025-12-14T11:58:10","guid":{"rendered":"https:\/\/www.europesays.com\/es\/287738\/"},"modified":"2025-12-14T11:58:10","modified_gmt":"2025-12-14T11:58:10","slug":"la-quijada-de-un-burro","status":"publish","type":"post","link":"https:\/\/www.europesays.com\/es\/287738\/","title":{"rendered":"La quijada de un burro"},"content":{"rendered":"<p class=\"c-paragraph\">El Congreso de los EEUU acaba de aprobar un presupuesto de defensa para el a\u00f1o 2026 de poco m\u00e1s de <b>900.000 millones de d\u00f3lares<\/b>. La mareante cifra, que multiplica por 10 el presupuesto de sanidad del presidente Trump \u2014en tiempos de Sans\u00f3n, cuando las quijadas de burro serv\u00edan como arma letal, la guerra era mucho m\u00e1s barata\u2014 merece un an\u00e1lisis detallado desde infinidad de perspectivas. Pero no se preocupe el lector, que no es mi intenci\u00f3n llamar su atenci\u00f3n m\u00e1s que sobre un par de cuestiones que me parecen de inter\u00e9s general.<\/p>\n<p class=\"c-paragraph\">Para empezar, sorprende que la cifra haya sido aprobada por casi el 75% de los congresistas de una c\u00e1mara dividida casi en partes iguales entre dem\u00f3cratas y republicanos. Y ello a pesar de que incluye <b>400 millones de d\u00f3lares anuales de ayuda militar a Ucrania<\/b>, una cantidad relativamente peque\u00f1a pero que cuestiona la err\u00e1tica pol\u00edtica de Trump que, los d\u00edas impares y dos fines de semana de cada mes, prefiere culpar a Kiev de la guerra.<\/p>\n<p class=\"c-paragraph\">\u00bfQu\u00e9 m\u00e1s podr\u00edamos decir sobre el presupuesto que acaba de aprobarse? Que, al cambio actual, supone una cifra muy pr\u00f3xima a los<b> 800.000 millones de euros <\/b>que la Comisi\u00f3n Europea ha puesto sobre la mesa \u2014bien que solo en forma de deuda para los pa\u00edses que quieran asumirla\u2014 para el rearme de Europa\u2026 pero que, en nuestro caso, tendr\u00e1 que bastar para cubrir nuestras necesidades hasta el a\u00f1o 2030.<\/p>\n<p class=\"c-paragraph\"><b>\u00bfQu\u00e9 rearme de Europa?<\/b> \u2014 se preguntara alg\u00fan lector despistado. Por si hubiera dudas, estoy hablando de ese rearme que, gracias en parte a Espa\u00f1a, ya no se llama as\u00ed. Y no, no se me escapan las razones por las que nuestro Gobierno y algunos otros de la UE quieren adulterar el nombre de las cosas. As\u00ed no tienen que justificarlas ante los votantes. Sin embargo, las mistificaciones tienen un precio: <b>distraen a la opini\u00f3n p\u00fablica<\/b> y conceden terreno a quien desee manipularnos.<\/p>\n<p class=\"c-paragraph\">Es inevitable que la falta de informaci\u00f3n d\u00e9 v\u00eda libre a la desinformaci\u00f3n. Quiz\u00e1 sea por eso por lo que vuelven a o\u00edrse en nuestro pa\u00eds las voces del desarme. Las convencidas, que debemos respetar \u2014hay quien cree de verdad en eso de poner la otra mejilla\u2014 y las mercenarias, al servicio de quien, desde dentro o desde fuera, busca aprovecharse de la ingenuidad de los dem\u00e1s. As\u00ed, en la prensa y en los foros de debate vuelve a plantearse la vieja pregunta: \u00bfa qui\u00e9n beneficia este desmesurado gasto en armamento? <b>A la industria de defensa, claro<\/b>. Y de ah\u00ed a echarle la culpa de lo que ocurre en Ucrania a Boeing o Lockheed Martin apenas hay un paso. Un paso dudoso \u2014es f\u00e1cil identificar el m\u00f3vil, pero no la oportunidad\u2014 pero que resulta particularmente tentador porque casi nos exculpa como especie. Ya no es Putin, un ser humano como nosotros, el culpable de la guerra que remueve nuestras conciencias, sino algo m\u00e1s lejano, un <b>conglomerado impersonal de oscuros intereses<\/b> con el que nos cuesta m\u00e1s identificarnos.<\/p>\n<p class=\"c-paragraph\"><b>\u00abTodas las guerras\u00bb<\/b> \u2014me dijo muy convencido uno de los asistentes a una charla informal que di hace unos d\u00edas en Barcelona\u2014 \u00ablas provoca el hambre de beneficios del complejo militar industrial norteamericano\u00bb. Quiz\u00e1 la mejor respuesta a esa afirmaci\u00f3n, que naci\u00f3 en Vietnam pero todav\u00eda hoy es m\u00e1s frecuente de lo que el lector podr\u00eda imaginar, est\u00e9 en una pregunta: \u00bfcu\u00e1ndo exactamente tenemos que creer que ha cambiado la naturaleza de la guerra?<\/p>\n<p class=\"c-paragraph\">Jane Goodall, la primat\u00f3loga fallecida hace ahora dos meses, document\u00f3 una cruenta guerra de chimpanc\u00e9s en la selva de Gombe, a orillas del lago Tanganika, que atribuy\u00f3 a la lucha por el poder de tres machos muy agresivos\u2026 ninguno de los cuales siquiera conoc\u00eda la existencia de Am\u00e9rica. Nosotros, los primos humanos de aquellos monos, tambi\u00e9n lo ignor\u00e1bamos hasta hace muy poco y nunca dejamos de matarnos por ello. El propio complejo militar industrial norteamericano <b>no naci\u00f3 hasta los a\u00f1os 50 del siglo pasado<\/b>, algunos a\u00f1os despu\u00e9s de las dos \u00fanicas guerras mundiales que llevan ese nombre y de otras varias, tambi\u00e9n de alcance global, que solo conocemos de otras maneras porque a nadie se le ocurri\u00f3 llamarlas as\u00ed.<\/p>\n<p class=\"c-paragraph\">Todas las guerras \u2014las de antes, las de ahora y la de Jums, el elefante dominante del parque de Cab\u00e1rceno que acaba de morir en una pelea brutal contra su propio hijo\u2014 <b>se libran por el poder<\/b>. S\u00ed, es verdad que, como no tenemos grandes colmillos, los seres humanos usamos en ellas las armas que fabricamos. Pero tambi\u00e9n lo es que la mayor parte de las que se han empleado en conflictos reales en todo el mundo ni siquiera han sido norteamericanas. Del AK-47, el ubicuo fusil de asalto sovi\u00e9tico, se vendieron alrededor de <b>80 millones de unidades<\/b>. Es imposible calcular los muertos que habr\u00e1n provocado estos fusiles, pero nadie deber\u00eda olvidar que, cuando no se dispone de ellos, tambi\u00e9n sirven los machetes o los cuchillos de cocina. Hasta las quijadas de burro, si nos atenemos a la letra del Libro de los Jueces.<\/p>\n<p class=\"c-paragraph\">Y ya que hemos llegado a la haza\u00f1a de Sans\u00f3n, me resulta dif\u00edcil creer que el l\u00edder b\u00edblico, usando una de esas quijadas como arma, pudiera matar a mil filisteos. A lo mejor los burros de antes no eran como los de ahora, pero me parece m\u00e1s razonable encajar el relato en una campa\u00f1a de lo que hoy llamamos desinformaci\u00f3n, concebida para proyectar una imagen de invencibilidad del pueblo jud\u00edo.<b> Lo mismo hace cada d\u00eda Putin desde el Kremlin<\/b>, aunque \u00e9l prefiere hablar de armas nucleares.<\/p>\n<p class=\"c-paragraph\">Sin embargo, si lo de Sans\u00f3n fuera cierto, seguramente habr\u00eda quien, siguiendo el mismo hilo argumental de los modernos conspiracionistas, tendr\u00eda que responsabilizar a los burros de aquella masacre. Lo que yo ya no tengo tan claro es si convendr\u00eda <b>culpar a los de cuatro patas o a los de dos<\/b>.<\/p>\n","protected":false},"excerpt":{"rendered":"El Congreso de los EEUU acaba de aprobar un presupuesto de defensa para el a\u00f1o 2026 de poco&hellip;\n","protected":false},"author":2,"featured_media":287739,"comment_status":"","ping_status":"","sticky":false,"template":"","format":"standard","meta":{"footnotes":""},"categories":[42],"tags":[17,18,69156,13,14,11,61,62,63,64,19,20,9,10,15,16,69155,12,21,22,16743,65,66,67],"class_list":{"0":"post-287738","1":"post","2":"type-post","3":"status-publish","4":"format-standard","5":"has-post-thumbnail","7":"category-internacional","8":"tag-breaking-news","9":"tag-breakingnews","10":"tag-burro","11":"tag-featured-news","12":"tag-featurednews","13":"tag-headlines","14":"tag-internacional","15":"tag-international","16":"tag-international-news","17":"tag-internationalnews","18":"tag-latest-news","19":"tag-latestnews","20":"tag-news","21":"tag-noticias","22":"tag-noticias-destacadas","23":"tag-noticiasdestacadas","24":"tag-quijada","25":"tag-titulares","26":"tag-ultimas-noticias","27":"tag-ultimasnoticias","28":"tag-un","29":"tag-world","30":"tag-world-news","31":"tag-worldnews"},"share_on_mastodon":{"url":"https:\/\/pubeurope.com\/@es\/115717806845360474","error":""},"_links":{"self":[{"href":"https:\/\/www.europesays.com\/es\/wp-json\/wp\/v2\/posts\/287738","targetHints":{"allow":["GET"]}}],"collection":[{"href":"https:\/\/www.europesays.com\/es\/wp-json\/wp\/v2\/posts"}],"about":[{"href":"https:\/\/www.europesays.com\/es\/wp-json\/wp\/v2\/types\/post"}],"author":[{"embeddable":true,"href":"https:\/\/www.europesays.com\/es\/wp-json\/wp\/v2\/users\/2"}],"replies":[{"embeddable":true,"href":"https:\/\/www.europesays.com\/es\/wp-json\/wp\/v2\/comments?post=287738"}],"version-history":[{"count":0,"href":"https:\/\/www.europesays.com\/es\/wp-json\/wp\/v2\/posts\/287738\/revisions"}],"wp:featuredmedia":[{"embeddable":true,"href":"https:\/\/www.europesays.com\/es\/wp-json\/wp\/v2\/media\/287739"}],"wp:attachment":[{"href":"https:\/\/www.europesays.com\/es\/wp-json\/wp\/v2\/media?parent=287738"}],"wp:term":[{"taxonomy":"category","embeddable":true,"href":"https:\/\/www.europesays.com\/es\/wp-json\/wp\/v2\/categories?post=287738"},{"taxonomy":"post_tag","embeddable":true,"href":"https:\/\/www.europesays.com\/es\/wp-json\/wp\/v2\/tags?post=287738"}],"curies":[{"name":"wp","href":"https:\/\/api.w.org\/{rel}","templated":true}]}}