{"id":287806,"date":"2025-12-14T12:57:11","date_gmt":"2025-12-14T12:57:11","guid":{"rendered":"https:\/\/www.europesays.com\/es\/287806\/"},"modified":"2025-12-14T12:57:11","modified_gmt":"2025-12-14T12:57:11","slug":"la-real-destituye-a-sergio-francisco-y-ansotegi-sera-entrenador-interino-hasta-el-paron","status":"publish","type":"post","link":"https:\/\/www.europesays.com\/es\/287806\/","title":{"rendered":"La Real destituye a Sergio Francisco y Ansotegi ser\u00e1 entrenador interino hasta el par\u00f3n"},"content":{"rendered":"<p class=\"v-mdl-ath__p v-mdl-ath__p--2\">\nBe\u00f1at Barreto y Javier Medrano\n<\/p>\n<p class=\"v-mdl-ath__p v-mdl-ath__p--6\">\nDomingo, 14 de diciembre 2025, 11:01<\/p>\n<p>| Actualizado 11:33h.<\/p>\n<p class=\"v-p\">La Real Sociedad ha hecho oficial la destituci\u00f3n de Sergio como entrenador txuri-urdin. Pasadas las diez y media de la ma\u00f1ana, la entidad blanquiazul ha confirmado el despido del t\u00e9cnico irundarra, que ser\u00e1 sustituido de forma interina por Jon Ansotegi, tal y como ha adelantado este peri\u00f3dico. Ansotegi se har\u00e1 a cargo del primer equipo hasta el par\u00f3n navide\u00f1o, acompa\u00f1ado de Imanol Agirretxe como segundo. Esta tarde dirigir\u00e1n a puerta cerrada el entrenamiento del primer equipo en Zubieta.<\/p>\n<p class=\"v-p\">Si bien fue este s\u00e1bado cuando la directiva del club tom\u00f3 la decisi\u00f3n del cese, el anuncio oficial ha llegado esta ma\u00f1ana para no interceder con el encuentro que el Sanse disput\u00f3 en A Coru\u00f1a, donde el filial venci\u00f3 por tres goles a cero al Deportivo.<\/p>\n<p class=\"v-p\">En el comunicado, la Real Sociedad ha querido reconocer \u00abla profesionalidad, el esfuerzo y el compromiso\u00bb mostrados por Sergio Francisco, tanto en el tiempo que ha dirigido al primer equipo como en los a\u00f1os que ha pertenecido a nuestro club. \u00abEn su paso por nuestra cantera, en la que ha estado m\u00e1s de once a\u00f1os como entrenador, ha sido una pieza clave en la \u00faltima etapa de formaci\u00f3n de nuestros canteranos. Adem\u00e1s de los ascensos logrados, tanto con el C como con el Sanse, muchos de los futbolistas que est\u00e1n y estar\u00e1n en el primer equipo han pasado por sus manos en ese camino\u00bb, ha recordado la Real en el comunicado.<\/p>\n<p class=\"v-p\">Las tres derrotas consecutivas que la Real ha sufrido frente al Villarreal, Alav\u00e9s y Girona han sido la puntilla para Sergio al frente del banquillo realzale, que tras un mal arranque de temporada parec\u00eda tomar aire despu\u00e9s de acumular once de quince puntos durante un m\u00e1s que notable mes de noviembre. Sin embargo, las remontadas rivales sufridas en Anoeta as\u00ed como la vuelta de vac\u00edo de Mendizorrotza han pesado demasiado en el balance de una Real Sociedad que tan solo ha cosechado cuatro victorias en diecis\u00e9is encuentros ligueros y que ocupa la decimoquinta plaza a un punto del descenso.<\/p>\n<p class=\"v-p\">De esta manera, se pone fin a la etapa de Sergio en el \u00e1rea t\u00e9cnica de la Real, club al que lleg\u00f3 como t\u00e9cnico en 2014 y donde ha permanecido m\u00e1s de una d\u00e9cada tras pasar por las filas del Easo, Berio, Real C, Sanse y hasta llegar finalmente a la m\u00e1xima categor\u00eda. Mientras Jokin Aperribay y Erik Bretos ultiman la llegada del pr\u00f3ximo entrenador a la banda de Anoeta, ser\u00e1 Jon Ansotegi, hasta ahora t\u00e9cnico del filial, quien se har\u00e1 cargo del primer equipo para los partidos frente al Eldense en Copa del Rey y contra el Levante en Liga.<\/p>\n<p>El radar activado desde octubre<\/p>\n<p class=\"v-p\">Si bien la derrota frente al Girona supuso la estocada final para Sergio Francisco, el de Irun se encontraba en el alambre desde hac\u00eda semanas. De hecho, fue en octubre cuando la direcci\u00f3n deportiva activ\u00f3 por primera vez el radar para la b\u00fasqueda de un nuevo t\u00e9cnico despu\u00e9s del mal inicio de temporada de la Real. <\/p>\n<p class=\"v-p\">Un escaso bagaje de resultados y puntos en la clasificaci\u00f3n a la que se suma la inexperiencia en la \u00e9lite y la falta de lazos estrechos con el grueso del vestuario, que siempre han apoyado al hasta ahora su t\u00e9cnico pero que no eran ajenos a situaci\u00f3n que se viv\u00eda en las \u00faltimas jornadas y, especialmente, tras la segunda parte del encuentro frente al Girona. \u00abNo hay duda de que estamos a muerte con Sergio y cuanto menos se hable mejor. El runr\u00fan siempre es peor. El equipo conf\u00eda en el entrenador y en la gente que est\u00e1 alrededor de nosotros en el d\u00eda a d\u00eda. Todos queremos lo mejor para la Real\u00bb, declaraba Oyarzabal antes de la fat\u00eddica derrota del viernes en Anoeta a horas de conocerse la destituci\u00f3n de Sergio.<\/p>\n<p class=\"v-p\">Desde dentro del club no se entendi\u00f3 el plan de partido pese a que la primera parte fue decente, pero ya en los minutos finales del primer acto se apreciaba que el equipo estaba sin energ\u00eda. Si el t\u00e9cnico de Irun estaba acertando en la direcci\u00f3n de campo durante las \u00faltimas semanas, esta vez los cambios terminaron de reventar la posibilidad de que la Real sumara los tres puntos, algo que se vislumbraba todav\u00eda con el 1-0. Con todos los respetos para Aihen, no se entendi\u00f3 que el de Etxauri saltara al campo ya con el marcador en contra cuando hab\u00eda futbolistas de ataque como Sucic, Goti o Sadiq.<\/p>\n<p>Reporta un error<\/p>\n","protected":false},"excerpt":{"rendered":"Be\u00f1at Barreto y Javier Medrano Domingo, 14 de diciembre 2025, 11:01 | Actualizado 11:33h. La Real Sociedad ha&hellip;\n","protected":false},"author":2,"featured_media":287807,"comment_status":"","ping_status":"","sticky":false,"template":"","format":"standard","meta":{"footnotes":""},"categories":[268],"tags":[10106,168,48978,2226,25,24,280,11826,282,34618,10675,798,2139,281,23,167],"class_list":{"0":"post-287806","1":"post","2":"type-post","3":"status-publish","4":"format-standard","5":"has-post-thumbnail","7":"category-futbol","8":"tag-ansotegi","9":"tag-deportes","10":"tag-destituye","11":"tag-entrenador","12":"tag-es","13":"tag-espana","14":"tag-football","15":"tag-francisco","16":"tag-futbol","17":"tag-interino","18":"tag-paron","19":"tag-real","20":"tag-sergio","21":"tag-soccer","22":"tag-spain","23":"tag-sports"},"share_on_mastodon":{"url":"https:\/\/pubeurope.com\/@es\/115718038822198614","error":""},"_links":{"self":[{"href":"https:\/\/www.europesays.com\/es\/wp-json\/wp\/v2\/posts\/287806","targetHints":{"allow":["GET"]}}],"collection":[{"href":"https:\/\/www.europesays.com\/es\/wp-json\/wp\/v2\/posts"}],"about":[{"href":"https:\/\/www.europesays.com\/es\/wp-json\/wp\/v2\/types\/post"}],"author":[{"embeddable":true,"href":"https:\/\/www.europesays.com\/es\/wp-json\/wp\/v2\/users\/2"}],"replies":[{"embeddable":true,"href":"https:\/\/www.europesays.com\/es\/wp-json\/wp\/v2\/comments?post=287806"}],"version-history":[{"count":0,"href":"https:\/\/www.europesays.com\/es\/wp-json\/wp\/v2\/posts\/287806\/revisions"}],"wp:featuredmedia":[{"embeddable":true,"href":"https:\/\/www.europesays.com\/es\/wp-json\/wp\/v2\/media\/287807"}],"wp:attachment":[{"href":"https:\/\/www.europesays.com\/es\/wp-json\/wp\/v2\/media?parent=287806"}],"wp:term":[{"taxonomy":"category","embeddable":true,"href":"https:\/\/www.europesays.com\/es\/wp-json\/wp\/v2\/categories?post=287806"},{"taxonomy":"post_tag","embeddable":true,"href":"https:\/\/www.europesays.com\/es\/wp-json\/wp\/v2\/tags?post=287806"}],"curies":[{"name":"wp","href":"https:\/\/api.w.org\/{rel}","templated":true}]}}