{"id":287827,"date":"2025-12-14T13:10:09","date_gmt":"2025-12-14T13:10:09","guid":{"rendered":"https:\/\/www.europesays.com\/es\/287827\/"},"modified":"2025-12-14T13:10:09","modified_gmt":"2025-12-14T13:10:09","slug":"la-borrasca-emilia-azota-con-fuerza-y-deja-mas-de-1-500-incidencias-en-canarias-ninguna-grave","status":"publish","type":"post","link":"https:\/\/www.europesays.com\/es\/287827\/","title":{"rendered":"La borrasca Emilia azota con fuerza y deja m\u00e1s de 1.500 incidencias en Canarias, ninguna grave"},"content":{"rendered":"<p><a class=\"v-mdl-ath__fig-a\" href=\"https:\/\/www.canarias7.es\/autor\/cristina-gonzalez-oliva-6874.html\" title=\"Cristina Gonz\u00e1lez Oliva\" rel=\"nofollow noopener\" target=\"_blank\"><br \/>\n<img decoding=\"async\" class=\"v-mdl-ath__img\" src=\"https:\/\/www.europesays.com\/es\/wp-content\/uploads\/2025\/12\/autor-6874-foto-1.jpeg\" alt=\"Cristina Gonz\u00e1lez Oliva\"\/><br \/>\n<\/a><\/p>\n<p class=\"v-mdl-ath__p v-mdl-ath__p--6\">\nS\u00e1bado, 13 de diciembre 2025<\/p>\n<p>| Actualizado 14\/12\/2025 11:06h.<\/p>\n<p class=\"v-p\">Las predicciones de la Agencia Estatal de Meteorolog\u00eda (Aemet) se cumplieron con creces y la <strong>borrasca Emilia <\/strong>dej\u00f3 este s\u00e1bado a su paso por el Archipi\u00e9lago lluvias intensas, rachas de viento de <strong>casi 160 km\/h en Iza\u00f1a<\/strong>, granizo y nevadas en el Teide, con medio metro, y en la cumbre de Gran Canaria y La Palma. A ello se sum\u00f3 un desplome de las temperaturas y olas que alcanzaron los siete metros de altura en algunos puntos del Archipi\u00e9lago, especialmente en el norte, adem\u00e1s de tormenta el\u00e9ctrica que tuvo su mayor intensidad a \u00faltima hora de la tarde. En total hubo m\u00e1s de 1.500 incidencias, ninguna grave. <\/p>\n<p class=\"v-p\"><strong>Iza\u00f1a<\/strong>, en Tenerife, acumul\u00f3 varios de los datos m\u00e1s dr\u00e1sticos. Tuvo la racha m\u00e1s elevada de viento, alcanzando los <strong>159 km\/h<\/strong> a las 10.50 horas, pero tambi\u00e9n registr\u00f3 la velocidad m\u00e1xima de 134 km\/h durante la ma\u00f1ana. En cuanto a las temperaturas, a las 12.00 hubo <strong>-2.8 grados cent\u00edgrados<\/strong>. <\/p>\n<p class=\"v-p\">En <strong>Gran Canaria <\/strong>la racha m\u00e1s elevada la tuvo el Aeropuerto, con 113 km\/h, mientras que la temperatura m\u00ednima se contabiliz\u00f3 en <strong>San Mateo a las 7.00 horas con 0.8 grados cent\u00edgrados<\/strong>.<\/p>\n<p class=\"v-p\">En cuanto a <strong>precipitaciones<\/strong>, los m\u00e1ximos registros se produjeron todos en Gran Canaria. Hasta las 22.30 hab\u00edan ca\u00edda <strong>145.4 mm en San Mateo<\/strong>, 126.6 en Cruz de Tejeda, 106.3 en Tejeda, seguido por 98.6 en Cuevas del Pinar y 95.4 en Las Tirajanas, ambos en San Bartolom\u00e9 de Tirajana, donde corrieron los barrancos con intensidad.<\/p>\n<p>M\u00e1s incidencias en Las Palmas<\/p>\n<p class=\"v-p\">Este c\u00f3ctel meteorol\u00f3gico provoc\u00f3, como era de esperar, alrededor de <strong>1.500 incidencias contabilizadas por el 112 <\/strong>desde el viernes, aunque pueden ser muchas m\u00e1s si fueron resueltas por los servicios de cada municipio al no ser notificadas. M\u00e1s de un 60% tuvieron lugar en la provincia de Las Palmas, tanto durante la madrugada como a lo largo de toda la jornada del s\u00e1bado. Ca\u00eddas de ramas y \u00e1rboles, vallas, torretas el\u00e9ctricas, adornos navide\u00f1os, muros, adem\u00e1s de desprendimiento de piedras en numerosas carreteras, especialmente de las cumbres, fueron las m\u00e1s recurrentes. <strong>Los destrozos han sido numerosos, pero ninguno de gravedad, ni ha habido que lamentar da\u00f1os personales<\/strong>. <\/p>\n<p class=\"v-p\">En Las Palmas de Gran Canaria se contabilizaron m\u00e1s de<strong> 30 \u00e1rboles ca\u00eddos<\/strong> y alrededor de 400 incidencias, mientras que en <strong>Telde<\/strong> tuvieron que cerrar la principal entrada al casco de la ciudad, la Avenida del Cabildo, debido a la ca\u00edda de palmeras. En este municipio se vivi\u00f3 tambi\u00e9n una estampa ins\u00f3lita con<strong> granizo en el casco urbano<\/strong>, adem\u00e1s de la ca\u00edda de una palmera en El Caracol que provoc\u00f3 importantes da\u00f1os en varios veh\u00edculos. Varios vecinos tambi\u00e9n sufrieron corte de suministro el\u00e9ctrico, al igual que ha habido problemas puntuales en Valle Gran Rey (La Gomera) y en Agaete (Gran Canaria).<\/p>\n<p class=\"v-p\">Las Palmas de Gran Canaria, Telde, Santa Cruz de Tenerife y La Laguna fueron las principales \u00e1reas afectadas, seg\u00fan el 112. Adem\u00e1s, varias viviendas se han inundado en Puerto del Rosario, en Fuerteventura; Ingenio y G\u00e1ldar, en Gran Canaria, y Arrecife y T\u00edas, en Lanzarote.<\/p>\n<p class=\"v-p\">Por su parte, el temporal de mar caus\u00f3 <strong>da\u00f1os en la costa de G\u00e1ldar<\/strong>, por lo que el Ayuntamiento recomend\u00f3 desalojar las zonas de El Agujero, Los Dos Roques y Caleta de Arriba. En Fuerteventura dos personas tuvieron que ser <strong>rescatadas en Puerto del Rosario <\/strong>al quedar el veh\u00edculo atascado en el cauce de un barranco.<\/p>\n<p>Prudencia<\/p>\n<p class=\"v-p\">Las autoridades incidieron durante todo el s\u00e1bado en la importancia de <strong>evitar desplazamientos innecesarios<\/strong>, subir a las cumbres de las islas o acercarse a las costas por el fuerte oleaje. Por ese motivo, se cerraron carreteras, aunque muchos no hicieron caso a las recomendaciones y tuvieron problemas con los veh\u00edculos. <\/p>\n<p class=\"v-p\">La borrasca ocasion\u00f3 <strong>problemas con los vuelos<\/strong>, con un balance de 21 cancelaciones y tres desv\u00edos, ninguno de ellos en Gran Canaria, Fuerteventura y Lanzarote. Adem\u00e1s, a ultima hora de la tarde de este s\u00e1bado hubo desv\u00edos en las rutas que transitan por el espacio a\u00e9reo de Canarias debido al n\u00facleo tormentoso al norte de las islas. <\/p>\n<p class=\"v-p\">Por su parte, las <strong>rutas de Fred Olsen <\/strong>operaron con normalidad en buena parte de la jornada, aunque se cancel\u00f3 el trayecto entre Fuerteventura y Lanzarote, mientras que entre Gran Canaria y Tenerife hubo reubicaciones al cancelarse el de las 20.00 horas de hoy y el de las 8.30 de ma\u00f1ana. <\/p>\n<p>Barrancos con agua corriendo<\/p>\n<p class=\"v-p\">Pese a los cuantiosos da\u00f1os materiales, Emilia est\u00e1 dejando tambi\u00e9n una parte m\u00e1s amable, con <strong>agua corriendo por los barrancos <\/strong>que podr\u00edan llegar a las presas para alegr\u00eda de los agricultores y que en las pr\u00f3ximas semanas dejar\u00e1 un manto verde en la mayor parte de las islas. <\/p>\n<p class=\"v-p\">El temporal tambi\u00e9n dej\u00f3 otro dato curioso, como publicaron los controladores a\u00e9reos. Se trat\u00f3 de un <strong>avi\u00f3n que un\u00eda Madrid y Buenos Aires y <\/strong>que por el viento de cola en altura provocado por Emilia lleg\u00f3 a alcanzar los <strong>1.150 km\/h<\/strong>. <\/p>\n<p>Ma\u00f1ana baja de intensidad<\/p>\n<p class=\"v-p\">La Agencia Estatal de Meteorolog\u00eda (Aemet) mantiene para este domingo los avisos naranja pero solo hasta primera hora de la ma\u00f1ana, por lo que los efectos de la borrasca ser\u00e1n de menor intensidad y a <strong>partir del mediod\u00eda ya se desactivan todas alertas<\/strong>.<\/p>\n<p class=\"v-p\">Habr\u00e1 un predominio de cielos nubosos en el norte de las islas de mayor relieve, donde se prev\u00e9n<strong> lluvias ocasionales <\/strong>que ser\u00e1n m\u00e1s probables y frecuentes en la provincia occidental, y no se descartan chubascos localmente fuertes, pudiendo estar acompa\u00f1ados de aparato el\u00e9ctrico, as\u00ed como aguaceros y tormentas en las aguas costeras.<\/p>\n<p class=\"v-p\">Las<strong> temperaturas sufrir\u00e1n pocos cambios <\/strong>y el viento ser\u00e1 de componente norte con rachas ocasionales muy fuertes en vertientes este y noroeste de las islas monta\u00f1osas as\u00ed como en cumbres expuestas a primeras horas, disminuyendo durante la ma\u00f1ana. Hasta el mediod\u00eda pueden alcanzar los <strong>70 km\/hora<\/strong>, con rachas de hasta 90 en algunas islas como La Gomera, Tenerife, El Hierro y La Palma.<\/p>\n<p>Reporta un error<\/p>\n","protected":false},"excerpt":{"rendered":"S\u00e1bado, 13 de diciembre 2025 | Actualizado 14\/12\/2025 11:06h. Las predicciones de la Agencia Estatal de Meteorolog\u00eda (Aemet)&hellip;\n","protected":false},"author":2,"featured_media":287828,"comment_status":"","ping_status":"","sticky":false,"template":"","format":"standard","meta":{"footnotes":""},"categories":[8],"tags":[24219,5175,45206,17,18,1896,51,9135,25,24,13,14,8720,12050,11,42145,19,20,9,11381,10,15,16,23,12,21,22],"class_list":{"0":"post-287827","1":"post","2":"type-post","3":"status-publish","4":"format-standard","5":"has-post-thumbnail","7":"category-espana","8":"tag-24219","9":"tag-azota","10":"tag-borrasca","11":"tag-breaking-news","12":"tag-breakingnews","13":"tag-canarias","14":"tag-deja","15":"tag-emilia","16":"tag-es","17":"tag-espana","18":"tag-featured-news","19":"tag-featurednews","20":"tag-fuerza","21":"tag-grave","22":"tag-headlines","23":"tag-incidencias","24":"tag-latest-news","25":"tag-latestnews","26":"tag-news","27":"tag-ninguna","28":"tag-noticias","29":"tag-noticias-destacadas","30":"tag-noticiasdestacadas","31":"tag-spain","32":"tag-titulares","33":"tag-ultimas-noticias","34":"tag-ultimasnoticias"},"share_on_mastodon":{"url":"https:\/\/pubeurope.com\/@es\/115718090385589622","error":""},"_links":{"self":[{"href":"https:\/\/www.europesays.com\/es\/wp-json\/wp\/v2\/posts\/287827","targetHints":{"allow":["GET"]}}],"collection":[{"href":"https:\/\/www.europesays.com\/es\/wp-json\/wp\/v2\/posts"}],"about":[{"href":"https:\/\/www.europesays.com\/es\/wp-json\/wp\/v2\/types\/post"}],"author":[{"embeddable":true,"href":"https:\/\/www.europesays.com\/es\/wp-json\/wp\/v2\/users\/2"}],"replies":[{"embeddable":true,"href":"https:\/\/www.europesays.com\/es\/wp-json\/wp\/v2\/comments?post=287827"}],"version-history":[{"count":0,"href":"https:\/\/www.europesays.com\/es\/wp-json\/wp\/v2\/posts\/287827\/revisions"}],"wp:featuredmedia":[{"embeddable":true,"href":"https:\/\/www.europesays.com\/es\/wp-json\/wp\/v2\/media\/287828"}],"wp:attachment":[{"href":"https:\/\/www.europesays.com\/es\/wp-json\/wp\/v2\/media?parent=287827"}],"wp:term":[{"taxonomy":"category","embeddable":true,"href":"https:\/\/www.europesays.com\/es\/wp-json\/wp\/v2\/categories?post=287827"},{"taxonomy":"post_tag","embeddable":true,"href":"https:\/\/www.europesays.com\/es\/wp-json\/wp\/v2\/tags?post=287827"}],"curies":[{"name":"wp","href":"https:\/\/api.w.org\/{rel}","templated":true}]}}