{"id":287836,"date":"2025-12-14T13:21:10","date_gmt":"2025-12-14T13:21:10","guid":{"rendered":"https:\/\/www.europesays.com\/es\/287836\/"},"modified":"2025-12-14T13:21:10","modified_gmt":"2025-12-14T13:21:10","slug":"estamos-muy-agradecidos-por-el-papa-que-tuvimos","status":"publish","type":"post","link":"https:\/\/www.europesays.com\/es\/287836\/","title":{"rendered":"\u00abEstamos muy agradecidos por el pap\u00e1 que tuvimos\u00bb"},"content":{"rendered":"<p style=\"\">Actores y personalidades de la cultura han acudido este s\u00e1bado al tanatorio de la M30 para dar el \u00faltimo adi\u00f3s a H\u00e9ctor Alterio, <a href=\"https:\/\/www.abc.es\/cultura\/muere-hector-alterio-anos-20251213153015-nt.html\" title=\"www.abc.es\" data-voc-vtm-id=\"in-text-traffic\" data-mrf-link=\"www.abc.es\" rel=\"nofollow noopener\" target=\"_blank\">fallecido en Madrid a los 96 a\u00f1os de edad.<\/a><\/p>\n<p style=\"\">A \u00faltima hora de la tarde se abri\u00f3 la capilla ardiente. Los primeros  &#8230; en llegar fueron sus hijos Ernesto y Malena Alterio, que pidieron \u00abrespeto\u00bb en el momento que est\u00e1n viviendo y agradecieron las muestras de cari\u00f1o. \u00abEstamos muy agradecidos por el pap\u00e1 que tuvimos y que tambi\u00e9n se fue de la misma manera elegante que vivi\u00f3, estuvo activo hasta el final, <strong>haciendo lo que m\u00e1s le gustaba, y que hac\u00eda fenomenal<\/strong>\u00ab, ha expresado Ernesto Alterio.<\/p>\n<p class=\"voc-p\" style=\"\">Por su parte, Malena Alterio manifest\u00f3 que su familia pensaba que <strong>\u00abnunca iba a llegar este d\u00eda, pero esto est\u00e1 en el contrato<\/strong>, es inevitable\u00ab y ha agradecido su presencia a los asistentes.<\/p>\n<p>\nFernando Tejero o Lola Herrera, entre los asistentes\n<\/p>\n<p class=\"voc-p\" style=\"\">Entre ellos, han acudido los actores Fernando Tejero, Lola Herrera y su hija Natalia Dicenta, Juan Diego Botto, Luisa Mart\u00edn, y el expresidente de la Academia de las Artes y las Ciencias Cinematogr\u00e1ficas de Espa\u00f1a, Mariano Barroso, entre otros.<\/p>\n<p class=\"voc-p\" style=\"\">\u00abEs una gran perdida. Ha estado 96 a\u00f1os por encima de las tablas y ha vivido una vida muy digna\u00bb, ha dicho el tambi\u00e9n actor y amigo de sus hijos, Gustavo Salmer\u00f3n, a la entrada en el tanatorio. <strong>\u00abSiempre ha sido un hombre intelig<\/strong>ente, sab\u00eda adaptarse muy bien a las circunstancias\u00ab, ha recordado Salmer\u00f3n.<\/p>\n<p class=\"voc-p\" style=\"\">A las condolencias tambi\u00e9n se han unido diferentes personalidades del mundo de la cultura mediante sus perfiles de redes sociales, como Luis Merlo, que ha calificado a Alterio como \u00abuno de los artistas m\u00e1s destacados de su generaci\u00f3n\u00bb y ha recordado a sus hijos.<\/p>\n<p class=\"voc-p\" style=\"\">La productora Pentaci\u00f3n Espect\u00e1culos ha lamentado \u00abcon profundo dolor y pesar el fallecimiento de H\u00e9ctor Alterio, figura notablemente destacada en el \u00e1mbito cultural tanto de Argentina como de Espa\u00f1a\u00bb.<\/p>\n<p class=\"voc-p\" style=\"\"><strong>Jes\u00fas Cimarro, el productor de su \u00faltimo espect\u00e1culo<\/strong>, &#8216;Una peque\u00f1a historia&#8217;, ha subrayado que \u00abse va uno de los grandes int\u00e9rpretes de la escena espa\u00f1ola y argentina\u00bb. \u00abTuve el honor de ser su productor en numerosas producciones. Buen viaje, querido H\u00e9ctor\u00bb, ha a\u00f1adido.<\/p>\n<p>\nActivo hasta este s\u00e1bado\n<\/p>\n<p class=\"voc-p\" style=\"\">El reconocido actor argentino H\u00e9ctor Alterio ha fallecido en Madrid \u00abdespu\u00e9s de una vida larga y plena dedicada a su familia y al arte, estando activo profesionalmente\u00bb hasta este s\u00e1bado, seg\u00fan ha informado la familia Alterio-Bacaicoa en un comunicado.<\/p>\n<p class=\"voc-p\" style=\"\">Alterio (Buenos Aires, 1929) fue uno de los int\u00e9rpretes m\u00e1s destacados de su generaci\u00f3n, tanto en su Argentina natal como en Espa\u00f1a, donde desarroll\u00f3 de manera prol\u00edfica su carrera y donde fue reconocido con el Goya de Honor 2004 de la Academia de Cine, de la que era miembro.<\/p>\n<p class=\"voc-p\" style=\"\"><strong>Debut\u00f3 como actor en 1948<\/strong>, con la obra &#8216;Prohibido suicidarse en primavera&#8217;, de Alejandro Casona, y, tras acabar sus estudios de Arte Dram\u00e1tico, creo la compa\u00f1\u00eda Nuevo Teatro, con la que trabaj\u00f3 por la renovaci\u00f3n de la escena argentina durante la d\u00e9cada de los 60.<\/p>\n<p class=\"voc-p\" style=\"\">Su fama como actor, sin embargo, le lleg\u00f3 a trav\u00e9s del cine, donde debut\u00f3 junto a Alfredo Math\u00e9 en &#8216;Todo sol es amargo&#8217; y donde intervino en algunas de las mejores pel\u00edculas de la nueva generaci\u00f3n de cineastas argentinos, como Leopoldo Torre Nilsson, seg\u00fan ha informado la Academia de Cine en un comunicado.<\/p>\n","protected":false},"excerpt":{"rendered":"Actores y personalidades de la cultura han acudido este s\u00e1bado al tanatorio de la M30 para dar el&hellip;\n","protected":false},"author":2,"featured_media":287837,"comment_status":"","ping_status":"","sticky":false,"template":"","format":"standard","meta":{"footnotes":""},"categories":[174],"tags":[6831,69176,62738,255,7441,146,147,25,24,256,20830,563,12629,23,3667],"class_list":{"0":"post-287836","1":"post","2":"type-post","3":"status-publish","4":"format-standard","5":"has-post-thumbnail","7":"category-famosos","8":"tag-adios","9":"tag-agradecidos","10":"tag-alterio","11":"tag-celebrities","12":"tag-dan","13":"tag-entertainment","14":"tag-entretenimiento","15":"tag-es","16":"tag-espana","17":"tag-famosos","18":"tag-hector","19":"tag-hijos","20":"tag-papa","21":"tag-spain","22":"tag-ultimo"},"share_on_mastodon":{"url":"https:\/\/pubeurope.com\/@es\/115718133278638961","error":""},"_links":{"self":[{"href":"https:\/\/www.europesays.com\/es\/wp-json\/wp\/v2\/posts\/287836","targetHints":{"allow":["GET"]}}],"collection":[{"href":"https:\/\/www.europesays.com\/es\/wp-json\/wp\/v2\/posts"}],"about":[{"href":"https:\/\/www.europesays.com\/es\/wp-json\/wp\/v2\/types\/post"}],"author":[{"embeddable":true,"href":"https:\/\/www.europesays.com\/es\/wp-json\/wp\/v2\/users\/2"}],"replies":[{"embeddable":true,"href":"https:\/\/www.europesays.com\/es\/wp-json\/wp\/v2\/comments?post=287836"}],"version-history":[{"count":0,"href":"https:\/\/www.europesays.com\/es\/wp-json\/wp\/v2\/posts\/287836\/revisions"}],"wp:featuredmedia":[{"embeddable":true,"href":"https:\/\/www.europesays.com\/es\/wp-json\/wp\/v2\/media\/287837"}],"wp:attachment":[{"href":"https:\/\/www.europesays.com\/es\/wp-json\/wp\/v2\/media?parent=287836"}],"wp:term":[{"taxonomy":"category","embeddable":true,"href":"https:\/\/www.europesays.com\/es\/wp-json\/wp\/v2\/categories?post=287836"},{"taxonomy":"post_tag","embeddable":true,"href":"https:\/\/www.europesays.com\/es\/wp-json\/wp\/v2\/tags?post=287836"}],"curies":[{"name":"wp","href":"https:\/\/api.w.org\/{rel}","templated":true}]}}