{"id":287838,"date":"2025-12-14T13:22:16","date_gmt":"2025-12-14T13:22:16","guid":{"rendered":"https:\/\/www.europesays.com\/es\/287838\/"},"modified":"2025-12-14T13:22:16","modified_gmt":"2025-12-14T13:22:16","slug":"la-galeria-almeriense-que-entregara-un-cuadro-a-trump","status":"publish","type":"post","link":"https:\/\/www.europesays.com\/es\/287838\/","title":{"rendered":"La galer\u00eda almeriense que entregar\u00e1 un cuadro a Trump"},"content":{"rendered":"<p>La Galer\u00eda de Arte Trino Tortosa, ubicada en la calle Concepci\u00f3n Arenal de Almer\u00eda y dirigida por los hermanos Javier y Trino Tortosa, contin\u00faa abri\u00e9ndose  &#8230; paso en el panorama internacional con una fuerza y una velocidad que desbordan cualquier previsi\u00f3n. Tras haber entregado obras a personalidades como Leo Messi, Rafa Nadal, Will Smith o Tom Brady, el proyecto suma ahora uno de sus hitos m\u00e1s medi\u00e1ticos: la inminente entrega de un cuadro al presidente de Estados Unidos, Donald Trump, prevista para las pr\u00f3ximas semanas en Washington D. C.<\/p>\n<p class=\"v-p\">La obra naci\u00f3 tras la participaci\u00f3n de la galer\u00eda en el America Business Forum, celebrado los d\u00edas 5 y 6 de noviembre en el Kaseya Center de Miami, un evento que reuni\u00f3 a algunas de las personalidades m\u00e1s influyentes del mundo del deporte, la pol\u00edtica y la econom\u00eda, entre ellas Messi, Nadal, Will Smith, Serena Williams, Jeff Bezos, Gianni Infantino, Stefano Domenicali, Jamie Dimon, Kenneth Griffin Javier Milei y la actual Nobel de la Paz, Mar\u00eda Corina Machado. Javier Tortosa viaj\u00f3 a Miami a finales de octubre para reunirse con Jorge Mas, propietario del Inter Miami, con quien ultima un acuerdo para gestionar todo el contenido art\u00edstico del futuro complejo Miami Freedom Park. Fue entonces cuando decidi\u00f3 contactar con Ignacio Gonz\u00e1lez, promotor del foro econ\u00f3mico, para ofrecerle la posibilidad de crear retratos hiperrealistas de todos los ponentes y entregarlos durante el evento.<\/p>\n<p class=\"v-p\">La propuesta fue aceptada de inmediato tanto por Gonz\u00e1lez como por el alcalde de Miami, Francis Su\u00e1rez, quienes consideraron la idea como una oportunidad \u00fanica para homenajear a un elenco irrepetible de invitados. Tortosa activ\u00f3 entonces a cinco de los artistas de la galer\u00eda, que durante semanas trabajaron a contrarreloj en catorce piezas de gran tama\u00f1o realizadas con la t\u00e9cnica del &#8216;Hyperemphatic Art&#8217;, un movimiento art\u00edstico patentado por la galer\u00eda en 2019 y que combina pintura hiperrealista con la incorporaci\u00f3n de objetos reales para generar una sensaci\u00f3n de trampantojo de gran impacto visual.<\/p>\n<p class=\"v-p\">El apoyo y sponsorizaci\u00f3n de la empresa &#8216;EcoCulture Biosciences&#8217; , de la mano de su Presidente \u00c1ngel Mart\u00ednez, result\u00f3 imprescindible para poder terminar de darle forma a la operativa.<\/p>\n<p class=\"v-p\">El cuadro destinado a Donald Trump es uno de los m\u00e1s ambiciosos del conjunto: una obra de 1,80 por 1,40 metros en la que el presidente aparece se\u00f1alando hacia un enorme m\u00e1stil real de tres metros coronado por una bandera estadounidense aut\u00e9ntica. El gesto, inspirado en la iconograf\u00eda de Crist\u00f3bal Col\u00f3n, alude simb\u00f3licamente al liderazgo y la visi\u00f3n de futuro. Sin embargo, por motivos de seguridad fue imposible entregarle la pieza durante el foro, ya que ninguna persona pod\u00eda aproximarse a \u00e9l a menos de cien metros. La entrega se realizar\u00e1 finalmente en Washington dentro de dos o tres semanas, en un acto privado coordinado por los Tortosa junto a un senador estadounidense, el promotor del evento y el alcalde de Miami Francis Su\u00e1rez.<\/p>\n<p class=\"v-p\">A pesar de las restricciones, la presencia de la galer\u00eda en el foro fue notable. Aunque las obras no pudieron exhibirse p\u00fablicamente en el recinto principal, numerosos asistentes VIP pudieron verlas en privado, lo que gener\u00f3 una oleada de reacciones entre empresarios, l\u00edderes internacionales y estrellas del deporte. Durante los dos d\u00edas del evento, Javier Tortosa, acompa\u00f1ado del alcalde de Miami y del equipo organizador, mantuvo encuentros con algunos de los invitados m\u00e1s influyentes del panorama norteamericano.<\/p>\n<p class=\"v-p\">Tras el foro, Tortosa fue invitado a la final de la MLS, donde asisti\u00f3 en un palco privado junto a Jorge Mas, David Beckham y Jos\u00e9 Mas. All\u00ed continu\u00f3 cerrando detalles sobre la gesti\u00f3n art\u00edstica del Hall of Fame del Inter Miami y de la futura galer\u00eda que se ubicar\u00e1 dentro del Miami Freedom Park, cuyo estadio se inaugurar\u00e1 el pr\u00f3ximo 4 de abril. La intenci\u00f3n es que la sede permanente de la galer\u00eda abra a finales del pr\u00f3ximo a\u00f1o, coincidiendo con la apertura del hotel y centro comercial que forman parte del complejo.<\/p>\n<p class=\"v-p\">En paralelo, la galer\u00eda avanza en m\u00faltiples proyectos internacionales. Ya trabaja en la colecci\u00f3n oficial de leyendas del f\u00fatbol para el Mundial de 2026, en coordinaci\u00f3n directa con Gianni Infantino; desarrollan la colecci\u00f3n destinada a la cumbre del G20 que tendr\u00e1 lugar en Miami a finales de 2026; y colaboran con Jorge Garbajosa en el proyecto del Sal\u00f3n de la Fama del Baloncesto Internacional y en la colecci\u00f3n vinculada al Mundial FIBA de Qatar 2027. Adem\u00e1s, han iniciado contactos para colecciones dedicadas al p\u00e1del junto a Fernando Belastegu\u00edn, al polo con Adolfo Cambiaso, considerado el mejor jugador de la historia, y con figuras como Juan Mart\u00edn del Potro, Manu Gin\u00f3bili o el piloto de F\u00f3rmula 1 Franco Colapinto.<\/p>\n<p class=\"v-p\">La Galer\u00eda de Arte Trino Tortosa representa actualmente a nueve artistas internacionales, entre ellos Jos\u00e9 Mar\u00eda Pe\u00f1a Gallardo, Elena Montull, Ricardo Celma, Javier Arizabalo y \u00c1ngel Vaca de Le\u00f3n, todos ellos vinculados al movimiento &#8216;Hyperemphatic Art&#8217;. Su crecimiento ha sido acompa\u00f1ado desde el inicio por el fot\u00f3grafo y creativo Fran E. Lara, responsable de documentar cada entrega y de construir la identidad visual del proyecto, que ser\u00e1 protagonista de un documental ya en desarrollo y con posibilidades de distribuci\u00f3n en plataformas globales.<\/p>\n","protected":false},"excerpt":{"rendered":"La Galer\u00eda de Arte Trino Tortosa, ubicada en la calle Concepci\u00f3n Arenal de Almer\u00eda y dirigida por los&hellip;\n","protected":false},"author":2,"featured_media":287839,"comment_status":"","ping_status":"","sticky":false,"template":"","format":"standard","meta":{"footnotes":""},"categories":[173],"tags":[33113,229,233,231,230,5835,232,234,146,69177,147,25,24,9192,23,936],"class_list":{"0":"post-287838","1":"post","2":"type-post","3":"status-publish","4":"format-standard","5":"has-post-thumbnail","7":"category-arte-y-diseno","8":"tag-almeriense","9":"tag-arte","10":"tag-arte-y-diseno","11":"tag-arts","12":"tag-arts-and-design","13":"tag-cuadro","14":"tag-design","15":"tag-diseno","16":"tag-entertainment","17":"tag-entregara","18":"tag-entretenimiento","19":"tag-es","20":"tag-espana","21":"tag-galeria","22":"tag-spain","23":"tag-trump"},"share_on_mastodon":{"url":"https:\/\/pubeurope.com\/@es\/115718136988537487","error":""},"_links":{"self":[{"href":"https:\/\/www.europesays.com\/es\/wp-json\/wp\/v2\/posts\/287838","targetHints":{"allow":["GET"]}}],"collection":[{"href":"https:\/\/www.europesays.com\/es\/wp-json\/wp\/v2\/posts"}],"about":[{"href":"https:\/\/www.europesays.com\/es\/wp-json\/wp\/v2\/types\/post"}],"author":[{"embeddable":true,"href":"https:\/\/www.europesays.com\/es\/wp-json\/wp\/v2\/users\/2"}],"replies":[{"embeddable":true,"href":"https:\/\/www.europesays.com\/es\/wp-json\/wp\/v2\/comments?post=287838"}],"version-history":[{"count":0,"href":"https:\/\/www.europesays.com\/es\/wp-json\/wp\/v2\/posts\/287838\/revisions"}],"wp:featuredmedia":[{"embeddable":true,"href":"https:\/\/www.europesays.com\/es\/wp-json\/wp\/v2\/media\/287839"}],"wp:attachment":[{"href":"https:\/\/www.europesays.com\/es\/wp-json\/wp\/v2\/media?parent=287838"}],"wp:term":[{"taxonomy":"category","embeddable":true,"href":"https:\/\/www.europesays.com\/es\/wp-json\/wp\/v2\/categories?post=287838"},{"taxonomy":"post_tag","embeddable":true,"href":"https:\/\/www.europesays.com\/es\/wp-json\/wp\/v2\/tags?post=287838"}],"curies":[{"name":"wp","href":"https:\/\/api.w.org\/{rel}","templated":true}]}}