{"id":28785,"date":"2025-08-06T05:59:09","date_gmt":"2025-08-06T05:59:09","guid":{"rendered":"https:\/\/www.europesays.com\/es\/28785\/"},"modified":"2025-08-06T05:59:09","modified_gmt":"2025-08-06T05:59:09","slug":"tebas-florentino-la-guerra-de-nunca-acabar-durisimos-ataques-con-real-madrid-tv-y-un-abogado-de-por-medio","status":"publish","type":"post","link":"https:\/\/www.europesays.com\/es\/28785\/","title":{"rendered":"Tebas-Florentino, la guerra de nunca acabar: dur\u00edsimos ataques con Real Madrid TV y un abogado de por medio"},"content":{"rendered":"<p>El Comit\u00e9 Nacional de Segunda Instancia de la Federaci\u00f3n Espa\u00f1ola de F\u00fatbol (RFEF) ha decidido desestimar un nuevo recurso del <strong>Real Madrid<\/strong> contra la decisi\u00f3n del Juez \u00danico de Competici\u00f3n de <strong>aplazar el partido de la primera jornada de Liga contra Osasuna<\/strong> y mantenerlo en la fecha del 19 de agosto.<\/p>\n<p>El club blanco acudi\u00f3 a la segunda instancia federativa el pasado d\u00eda 1, un d\u00eda despu\u00e9s de que el Juez \u00danico rechazara su pretensi\u00f3n de posponer el encuentro hasta el 29 de octubre por su participaci\u00f3n en el Mundial de Clubes, en el que lleg\u00f3 hasta las <strong>semifinales que perdi\u00f3 frente al Par\u00eds Saint-Germain <\/strong>el pasado 9 de julio (4-0).<\/p>\n<p>\u00abNi el <strong>argumento de la participaci\u00f3n en el Mundial de Clubes<\/strong> o contar o no con una plantilla m\u00e1s o menos amplia, suponen por s\u00ed mismo la concurrencia de una causa de fuerza mayor (&#8230;) \u00abLa participaci\u00f3n en el Mundial de Clubes era conocida y previsible por parte de la entidad,<strong> no concurriendo por tanto uno de los elementos fundamentales de la causa de fuerza mayor<\/strong>, el de la imprevisibilidad de los hechos que fundamentan la concurrencia de dicha causa para el aplazamiento de un partido oficial\u00bb, destaca en su escrito el Comit\u00e9 Nacional de Segunda Instancia de la RFEF.<\/p>\n<p>\u00abLa Liga empieza viciada, alterada y manipulada\u00bb<\/p>\n<p>Lo cierto es que las negativas a aplazar el partido ante Osasuna han causado un hondo malestar en el Real Madrid. A trav\u00e9s de su televisi\u00f3n oficial (<strong>Real Madrid TV<\/strong>), el club blanco arremeti\u00f3 duramente contra LaLiga asegurando \u2014en concreto, el periodista<strong> Jes\u00fas Alcaide<\/strong>\u2014 que la temporada empieza \u00abviciada, alterada y manipulada\u00bb, con el argumento de que el equipo blanco comienza con desventaja antes de disputar su primer partido.<\/p>\n<p>Para ello, Alcaide se ampara en unos mensajes escritos en X (antes Twitter) por<strong> Miguel Garc\u00eda Caba<\/strong>, jurista que ha pasado por el Real Madrid, La Liga y la RFEF, y ahora es profesor del M\u00e1ster de Derecho Deportivo del club blanco, en los que acusa al Juez \u00danico de Competici\u00f3n, <strong>Jos\u00e9 Alberto Pel\u00e1ez<\/strong>, de \u00abirse de vacaciones mientras pisoteaba la salud de los futbolistas\u00bb.<\/p>\n<blockquote class=\"twitter-tweet\"><p>&#13;<\/p>\n<p dir=\"ltr\" lang=\"es\">Jos\u00e9 Alberto Pel\u00e1ez: el juez que se fue de vacaciones mientras pisoteaba la salud de los futbolistas<\/p>\n<p>&#13;<br \/>\n&#13;<\/p>\n<p>Por Miguel Garc\u00eda Caba<\/p>\n<p>&#13;<br \/>\n&#13;<\/p>\n<p>El 9 de julio de 2025, Jos\u00e9 Alberto Pel\u00e1ez, Juez \u00danico de Competici\u00f3n, recibi\u00f3 la solicitud de aplazamiento de un partido de Primera Divisi\u00f3n.\u2026<\/p>\n<p>&#13;<br \/>\n\u2014 Miguel Maria Garc\u00eda Caba (@mmgarciacaba) <a href=\"https:\/\/twitter.com\/mmgarciacaba\/status\/1951039713285935503?ref_src=twsrc%5Etfw\" rel=\"nofollow noopener\" target=\"_blank\">July 31, 2025<\/a><\/p><\/blockquote>\n<p>Garc\u00eda Caba es conocido por sus grabaciones en una reuni\u00f3n en la que particip\u00f3 con el presidente de LaLiga, <strong>Javier Tebas<\/strong>, y el exsecretario general de la Federaci\u00f3n Espa\u00f1ola, <strong>Gerardo Gonz\u00e1lez Otero<\/strong>, as\u00ed como por sus supuestas presiones a las jugadoras de la selecci\u00f3n femenina que gan\u00f3 el Mundial 2023 para intentar salvar la cabeza del expresidente de la RFEF, <strong>Luis Rubiales<\/strong>. Ahora sus argumentaciones las hace suyas Real Madrid TV para cargar contra los estamentos futbol\u00edsticos, atizando a LaLiga.<\/p>\n<p>La respuesta de Tebas<\/p>\n<p>Y el presidente de la patronal de los clubes no duda en atacar con dureza a Caba, a quien le critica haber pasado \u00abde grabador a doblador\u00bb. \u00abMiguel, tu &#8216;art\u00edculo&#8217; \u2014si es que puede llamarse as\u00ed\u2014<strong> tiene de jur\u00eddico lo que yo de aficionado al curling<\/strong>. Solo hay una frase que merece an\u00e1lisis: &#8216;Se refugia en el reglamento. Siempre el reglamento. Pero todos sabemos que cuando interesa se interpreta, se adapta, se dobla. Esta vez no&#8217;. \u00bfNos est\u00e1s diciendo que <strong>cuando t\u00fa eras el supuesto &#8216;gran jurista&#8217; de la RFEF<\/strong>, se doblaban los reglamentos a conveniencia? \u00bfEso es lo que defend\u00edas desde tu cargo? \u00bfO est\u00e1s insinuando que el Juez de Competici\u00f3n deber\u00eda prevaricar, interpretando el reglamento al gusto del &#8216;Ser Supremo&#8217;? Dobl\u00e1ndolo\u00bb, subraya Javier Tebas.<\/p>\n<blockquote class=\"twitter-tweet\"><p>&#13;<\/p>\n<p dir=\"ltr\" lang=\"es\">DE GRABADOR A DOBLADOR, LOS PRINCIPIOS DE UN \u00abJURISTA\u00bb MIGUEL GARCIA \u00abGRABA\u00bb Y AHORA \u00abDOBLADOR\u00bb<br \/>&#13;<br \/>\nMiguel, tu \u00abart\u00edculo\u00bb \u2014si es que puede llamarse as\u00ed\u2014 tiene de jur\u00eddico lo que yo de aficionado al curling. Solo hay una frase que merece an\u00e1lisis:<br \/>&#13;<br \/>\n\u00abSe refugia en el reglamento. Siempre\u2026<\/p>\n<p>&#13;<br \/>\n\u2014 Javier Tebas Medrano (@Tebasjavier) <a href=\"https:\/\/twitter.com\/Tebasjavier\/status\/1952570102034940269?ref_src=twsrc%5Etfw\" rel=\"nofollow noopener\" target=\"_blank\">August 5, 2025<\/a><\/p><\/blockquote>\n<p>Asimismo, Tebas tambi\u00e9n insin\u00faa que el presidente del Real Madrid, <strong>Florentino P\u00e9rez<\/strong>, estuvo vinculado con el caso que estos d\u00edas se investiga del exministro de Hacienda <strong>Crist\u00f3bal Montoro<\/strong>. \u00abAunque el &#8216;ser superior\u2019 sabe de doblar y de tr\u00e1fico\u2026 sino que se lo pregunten a Montoro\u00bb, a\u00f1ade en este sentido.<\/p>\n<p>            <script async src=\"https:\/\/platform.twitter.com\/widgets.js\" charset=\"utf-8\"><\/script><\/p>\n","protected":false},"excerpt":{"rendered":"El Comit\u00e9 Nacional de Segunda Instancia de la Federaci\u00f3n Espa\u00f1ola de F\u00fatbol (RFEF) ha decidido desestimar un nuevo&hellip;\n","protected":false},"author":2,"featured_media":28786,"comment_status":"","ping_status":"","sticky":false,"template":"","format":"standard","meta":{"footnotes":""},"categories":[93],"tags":[168,25,24,15510,653,288,3048,23,167],"class_list":{"0":"post-28785","1":"post","2":"type-post","3":"status-publish","4":"format-standard","5":"has-post-thumbnail","7":"category-deportes","8":"tag-deportes","9":"tag-es","10":"tag-espana","11":"tag-florentino-perez","12":"tag-javier-tebas","13":"tag-laliga","14":"tag-real-madrid","15":"tag-spain","16":"tag-sports"},"share_on_mastodon":{"url":"","error":""},"_links":{"self":[{"href":"https:\/\/www.europesays.com\/es\/wp-json\/wp\/v2\/posts\/28785","targetHints":{"allow":["GET"]}}],"collection":[{"href":"https:\/\/www.europesays.com\/es\/wp-json\/wp\/v2\/posts"}],"about":[{"href":"https:\/\/www.europesays.com\/es\/wp-json\/wp\/v2\/types\/post"}],"author":[{"embeddable":true,"href":"https:\/\/www.europesays.com\/es\/wp-json\/wp\/v2\/users\/2"}],"replies":[{"embeddable":true,"href":"https:\/\/www.europesays.com\/es\/wp-json\/wp\/v2\/comments?post=28785"}],"version-history":[{"count":0,"href":"https:\/\/www.europesays.com\/es\/wp-json\/wp\/v2\/posts\/28785\/revisions"}],"wp:featuredmedia":[{"embeddable":true,"href":"https:\/\/www.europesays.com\/es\/wp-json\/wp\/v2\/media\/28786"}],"wp:attachment":[{"href":"https:\/\/www.europesays.com\/es\/wp-json\/wp\/v2\/media?parent=28785"}],"wp:term":[{"taxonomy":"category","embeddable":true,"href":"https:\/\/www.europesays.com\/es\/wp-json\/wp\/v2\/categories?post=28785"},{"taxonomy":"post_tag","embeddable":true,"href":"https:\/\/www.europesays.com\/es\/wp-json\/wp\/v2\/tags?post=28785"}],"curies":[{"name":"wp","href":"https:\/\/api.w.org\/{rel}","templated":true}]}}