{"id":287854,"date":"2025-12-14T13:31:10","date_gmt":"2025-12-14T13:31:10","guid":{"rendered":"https:\/\/www.europesays.com\/es\/287854\/"},"modified":"2025-12-14T13:31:10","modified_gmt":"2025-12-14T13:31:10","slug":"huevos-cafe-carne-de-vacuno-y-chocolate-disparan-sus-precios-en-lo-que-va-de-ano-expansion","status":"publish","type":"post","link":"https:\/\/www.europesays.com\/es\/287854\/","title":{"rendered":"Huevos, caf\u00e9, carne de vacuno y chocolate disparan sus precios en lo que va de a\u00f1o &#8211; Expansi\u00f3n"},"content":{"rendered":"<ol>\n<li><a href=\"https:\/\/news.google.com\/rss\/articles\/CBMigAFBVV95cUxQZjlGenRlREpnZm5qTmJtVnE0OVkySzJ3ZHJ4UzNCak13WlNfTG90Z3BoOHdEMW1keGpTRWV6UVlOVHNHU21mUjh5OVhMS0ZxM0FNeFVlcXpIU1Zob2U2S1hNSnpKcDkwYWFqZzJZbHl5SFRBcFdCTlhrRmp6UVR6U9IBgAFBVV95cUxPbnZlenpVa0RkY3pDWTRRV2Q2TXhtYjIxZUE1SFFHMG9tWlQ2MnEyWEVaUUtMTFQ4LUduTDBRYzltQVE0SmxyVGRITFhZWXVJUHllVGNKem8wc1VVQUlkLU15QW00cHRiNV9KY0VPOU9rMHVtWnl2WncxbVEzMGJzZg?oc=5\" target=\"_blank\" rel=\"nofollow noopener\">Huevos, caf\u00e9, carne de vacuno y chocolate disparan sus precios en lo que va de a\u00f1o<\/a>&nbsp;&nbsp;Expansi\u00f3n<\/li>\n<li><a href=\"https:\/\/news.google.com\/rss\/articles\/CBMijwFBVV95cUxQUlZ4U08yY3R0UGdpVzdkTWlsYnVWSURqQTA1NkRtNG1hUFc5Yk9XYU5OelF4ZXNKYVJFcnNiZk9fcElpZW5USTBneTktQzd0ekNPcE5SLTZMb2lLWmxqU1JEX09fSWc2YzV4a181NXphN3lNTWJ6WE93enplLXp5NW5UVWJlRXk2eGw5c3owZ9IBjwFBVV95cUxOMzBfSGpwdFh6RDJ2Rk5pbW5ac1QzUlZzTXhPWHBHcVVrdGJfd0Rmd0xyekluRDZHMmtOYkNaYnZCYWNDaFp5dHlXS1B4b1ZSMHd5bVNVa2ZBTTNEOUpiMkg3aFhyU250dEVDdFpTN2lNb3JyVy1uYTlFNllrblVDSXFFVWdYWHJNTnQzQW91SQ?oc=5\" target=\"_blank\" rel=\"nofollow noopener\">La inflaci\u00f3n de los alimentos se acelera al 2,8%, cuatro d\u00e9cimas m\u00e1s, en la antesala de la Navidad<\/a>&nbsp;&nbsp;El Mundo<\/li>\n<li><a href=\"https:\/\/news.google.com\/rss\/articles\/CBMi3wFBVV95cUxPSzFmYkpCUFlEckpJU0tvbTh4R2drdUZfcUZJZVNFVW95TDJDUGNVUWVGd1BBZUpxYkhfNTlLX0pCSkt4Q0ZTbks5TFlDVFU1ZDNNdHJ1dW5LV01QTHlJVlVxdjFZWkpJbHQzRU91LVNoS3NPN0l0UDctblllaFhGOGh0WGE2bHdxeXMyQl9MX3Q4MG9rekhxUW1EcDF1Z3h5aWE1XzRMQ1ZOMTJVVkJWX2NLMTQ1dk5veTVHX1REOE1JUkJBN2EyYi1HcklucFEta2dCUndJUDVmSHYzb2I0?oc=5\" target=\"_blank\" rel=\"nofollow noopener\">El INE confirma la primera ca\u00edda de la inflaci\u00f3n en seis meses por el abaratamiento de la electricidad<\/a>&nbsp;&nbsp;EL PA\u00cdS<\/li>\n<li><a href=\"https:\/\/news.google.com\/rss\/articles\/CBMiogFBVV95cUxOanI2emFMTVkyMTFyQnRJWEFVY09VcFBIdGIyRXNxd3ZlTEo0Z2ZvWjQ3a1Z3OWdzbm1CZHY2b2ktdTAzalRUb085QnMxb1BnWUpQVW9fWVdfRXBUYkx5anZDUGNXOG83UVBvX2RrT05lY1VlWFNoeWZYSGU1WnJKd2U4bHFWZjNTcWV0c3JVR01VeXJSUDNIR0ZPdVp5NUE5cGfSAacBQVVfeXFMTTdNZ19CMlQ3SldfQndDNkRXRHJ3ZndqTXRNdlI3cDB2SVJlNmxZcmNKUWY4Yk5ZYThENFFhODg2elVpTm53SjFYamtZamRqZUJpNWJKcHhvMm5tNEFTZ2NxWGdUazdtTlZQWlh1Rl90aWpWNEQxMU1uYmNvNzMyN3dQT0F3MlZqdW16RFhqUkFNWENOOHBHczA3R19IejdsRUpvUFhwN0k?oc=5\" target=\"_blank\" rel=\"nofollow noopener\">La inflaci\u00f3n devora el poder adquisitivo de los ciudadanos<\/a>&nbsp;&nbsp;El Debate<\/li>\n<li><a href=\"https:\/\/news.google.com\/rss\/articles\/CBMi2gFBVV95cUxQZU1XT0lPeVpWVnVTRkx0ZG5Qcl9FQnc5UDFJX1JxSlVhRDNIb09aSmwyTUFtOXZTMV9jMlBYZF9ySTh4SlVPOEFTWE9ZZ3UxS3JLYzRIQXVUbEdJQXJRLTJNTm1HYWNFWnNSdWlNeWQ3MU45N2V4VmxsTTMxV2dIRHh1UHdrSzJZNU9VdXJBanJ3N2R0S01vQ1F1VEp1Zkd1Ui1HSHVLZFF1VV80RXE0NHl6MjRPdlZLOWNlbFl5UGVmTWtSUXVHQkgzNThjaWduN09aVE1qaVVLUQ?oc=5\" target=\"_blank\" rel=\"nofollow noopener\">La inflaci\u00f3n como impuesto invisible y la maravilla de la capitalizaci\u00f3n compuesta<\/a>&nbsp;&nbsp;Renta 4<\/li>\n<\/ol>\n","protected":false},"excerpt":{"rendered":"Huevos, caf\u00e9, carne de vacuno y chocolate disparan sus precios en lo que va de a\u00f1o&nbsp;&nbsp;Expansi\u00f3n La inflaci\u00f3n&hellip;\n","protected":false},"author":2,"featured_media":287855,"comment_status":"","ping_status":"","sticky":false,"template":"","format":"standard","meta":{"footnotes":""},"categories":[80],"tags":[82,95,94,25,24,23],"class_list":{"0":"post-287854","1":"post","2":"type-post","3":"status-publish","4":"format-standard","5":"has-post-thumbnail","7":"category-economia","8":"tag-business","9":"tag-economia","10":"tag-economy","11":"tag-es","12":"tag-espana","13":"tag-spain"},"share_on_mastodon":{"url":"https:\/\/pubeurope.com\/@es\/115718172487740254","error":""},"_links":{"self":[{"href":"https:\/\/www.europesays.com\/es\/wp-json\/wp\/v2\/posts\/287854","targetHints":{"allow":["GET"]}}],"collection":[{"href":"https:\/\/www.europesays.com\/es\/wp-json\/wp\/v2\/posts"}],"about":[{"href":"https:\/\/www.europesays.com\/es\/wp-json\/wp\/v2\/types\/post"}],"author":[{"embeddable":true,"href":"https:\/\/www.europesays.com\/es\/wp-json\/wp\/v2\/users\/2"}],"replies":[{"embeddable":true,"href":"https:\/\/www.europesays.com\/es\/wp-json\/wp\/v2\/comments?post=287854"}],"version-history":[{"count":0,"href":"https:\/\/www.europesays.com\/es\/wp-json\/wp\/v2\/posts\/287854\/revisions"}],"wp:featuredmedia":[{"embeddable":true,"href":"https:\/\/www.europesays.com\/es\/wp-json\/wp\/v2\/media\/287855"}],"wp:attachment":[{"href":"https:\/\/www.europesays.com\/es\/wp-json\/wp\/v2\/media?parent=287854"}],"wp:term":[{"taxonomy":"category","embeddable":true,"href":"https:\/\/www.europesays.com\/es\/wp-json\/wp\/v2\/categories?post=287854"},{"taxonomy":"post_tag","embeddable":true,"href":"https:\/\/www.europesays.com\/es\/wp-json\/wp\/v2\/tags?post=287854"}],"curies":[{"name":"wp","href":"https:\/\/api.w.org\/{rel}","templated":true}]}}