{"id":287884,"date":"2025-12-14T13:54:13","date_gmt":"2025-12-14T13:54:13","guid":{"rendered":"https:\/\/www.europesays.com\/es\/287884\/"},"modified":"2025-12-14T13:54:13","modified_gmt":"2025-12-14T13:54:13","slug":"seguir-con-la-prohibicion-en-2035","status":"publish","type":"post","link":"https:\/\/www.europesays.com\/es\/287884\/","title":{"rendered":"seguir con la prohibici\u00f3n en 2035"},"content":{"rendered":"\n<p data-p-index=\"1\">El presidente del Gobierno espa\u00f1ol, <strong>Pedro S\u00e1nchez<\/strong>, ha <strong>pedido a la Comisi\u00f3n Europea que mantenga intacta la actual normativa que proh\u00edbe la venta de veh\u00edculos con motor de combusti\u00f3n<\/strong> a partir de 2035, en medio de las intensas negociaciones en Bruselas sobre la posible revisi\u00f3n de esa medida clave enmarcada en el Pacto Verde europeo.<\/p>\n<p>Espa\u00f1a en contra de suavizar la pol\u00edtica del 2035<\/p>\n<p data-p-index=\"2\">S\u00e1nchez remiti\u00f3 recientemente una carta a la presidenta de la Comisi\u00f3n Europea, <strong>Ursula von der Leyen<\/strong>, en la que <strong>insta a no eliminar la prohibici\u00f3n<\/strong> de vender autom\u00f3viles nuevos que emitan CO\u2082 despu\u00e9s de 2035 (<a href=\"https:\/\/www.reuters.com\/sustainability\/climate-energy\/spain-urges-eu-not-weaken-2035-combustion-engine-ban-letter-shows-2025-12-12\/\" rel=\"nofollow noopener\" target=\"_blank\">Reuters<\/a>). La iniciativa comunitaria original obliga a que todos los veh\u00edculos vendidos a partir de esa fecha tengan cero emisiones, lo que implica en la pr\u00e1ctica el fin de los coches con motor de combusti\u00f3n, incluidos los h\u00edbridos.<\/p>\n<p><a href=\"https:\/\/www.diariomotor.com\/imagenes\/2025\/11\/Dacia-Sandero-Stepway-6924776284214.jpg?class=L\" rel=\"attachment nofollow noopener\" target=\"_blank\"><img decoding=\"async\" width=\"700\" height=\"466\" data-attachment-id=\"1218974\" alt=\"\" title=\"\" src=\"https:\/\/www.europesays.com\/es\/wp-content\/uploads\/2025\/12\/Dacia-Sandero-Stepway-6924776284214.jpg\"   loading=\"lazy\"\/><\/a><\/p>\n<p class=\"wp-caption-text\">Dacia Sandero, el coche m\u00e1s vendido en Europa.<\/p>\n<p data-p-index=\"3\">La raz\u00f3n que esgrime el jefe del Ejecutivo espa\u00f1ol es que <strong>cualquier relajaci\u00f3n de los compromisos clim\u00e1ticos podr\u00eda retrasar inversiones en la modernizaci\u00f3n del sector y poner en riesgo empleos<\/strong> en la industria automovil\u00edstica europea, un sector estrat\u00e9gico para la econom\u00eda de la UE y fundamental para la balanza comercial espa\u00f1ola.<\/p>\n<p>No habr\u00eda prohibici\u00f3n (total) en 2035\u2026 Ni en 2040<\/p>\n<p data-p-index=\"4\">El mensaje de Pedro S\u00e1nchez llega en un momento de m\u00e1xima incertidumbre en la Uni\u00f3n Europea respecto al veto de los coches con motor de combusti\u00f3n. <strong>Bruselas est\u00e1 dispuesta a levantar la mano<\/strong> y, aunque en principio iba a anunciar su decisi\u00f3n en diciembre, parece que finalmente ser\u00e1 en enero.<\/p>\n<p data-p-index=\"-1\"><a href=\"https:\/\/www.diariomotor.com\/imagenes\/2024\/11\/renault-5-6735a216222c7-1120763.jpg?class=L\" rel=\"attachment nofollow noopener\" target=\"_blank\"><img decoding=\"async\" width=\"700\" height=\"449\" data-attachment-id=\"1120763\" alt=\"El Renault 5 presenta un dise\u00f1o vibrante y retro, ideal para captar miradas. \" title=\"El Renault 5 presenta un dise\u00f1o vibrante y retro, ideal para captar miradas. \" src=\"https:\/\/www.europesays.com\/es\/wp-content\/uploads\/2025\/12\/renault-5-6735a216222c7-1120763.jpg\"   loading=\"lazy\"\/><\/a>Nuevo Renault 5 (el\u00e9ctrico)<\/p>\n<p data-p-index=\"5\"><strong>Lo \u00faltimo que hemos sabido es que no habr\u00e1 prohibici\u00f3n total de las ventas de coches con motores de combusti\u00f3n interna, ni en 2035, ni en 2040.<\/strong> Al menos eso ha dicho <strong>Manfred Weber<\/strong>, presidente del Partido Popular Europeo, en declaraciones a la publicaci\u00f3n alemana <a href=\"https:\/\/www.autonews.com\/regulation-safety\/ane-eu-hybrids-emissions-1211\/\" rel=\"nofollow noopener\" target=\"_blank\">Bild<\/a>.<\/p>\n<p data-p-index=\"6\">Weber apuntaba que <strong>no se plantear\u00e1 ninguna prohibici\u00f3n total en el futuro, ni siquiera en 2040<\/strong>, y por tanto los motores que se fabrican actualmente en Alemania o en Espa\u00f1a podr\u00edan, por tanto, seguir produci\u00e9ndose y vendi\u00e9ndose. Sin embargo, esta informaci\u00f3n no es oficial.<\/p>\n<p data-p-index=\"7\"><a href=\"https:\/\/www.autonews.com\/regulation-safety\/ane-eu-hybrids-emissions-1211\/\" rel=\"nofollow noopener\" target=\"_blank\">Otras fuentes<\/a> apuntan que la situaci\u00f3n m\u00e1s probable pasa por un retraso de los objetivos que se hab\u00edan propuesto hasta ahora, pasando la fecha l\u00edmite de 2035 a 2040. En <strong>2040<\/strong> s\u00ed se abordar\u00eda <strong>el fin de la combusti\u00f3n interna sin ning\u00fan genero de dudas.<\/strong><\/p>\n<p>Europa est\u00e1 dividida y Bruselas, m\u00e1s presionada que nunca<\/p>\n<p data-p-index=\"8\">La petici\u00f3n de Espa\u00f1a se produce en un contexto de divisi\u00f3n interna en la UE. Espa\u00f1a y Francia se oponen a cambiar los objetivos para 2035, pero <strong>seis primeros ministros europeos han <a href=\"https:\/\/www.diariomotor.com\/noticia\/no-hay-nada-verde-en-un-desierto-industrial-seis-lideres-europeos-se-rebelan-contra-la-ue-y-piden-frenar-el-veto-al-motor-termico-de-2035\/\" rel=\"nofollow noopener\" target=\"_blank\">enviado una carta a \u00darsula Von der Leyen<\/a> posicion\u00e1ndose en contra de los actuales objetivos<\/strong> para 2035, argumentando que \u00abla competitividad europea no puede sacrificarse en un modelo \u00fanico de transici\u00f3n\u00bb.<\/p>\n<p data-p-index=\"-1\"><a href=\"https:\/\/www.diariomotor.com\/imagenes\/2025\/12\/motor-boxer-BYD-U7-electrico-6-692ee9dd2f2e6.jpg?class=L\" rel=\"attachment nofollow noopener\" target=\"_blank\"><img decoding=\"async\" width=\"700\" height=\"393\" data-attachment-id=\"1221107\" alt=\"\" title=\"\" src=\"https:\/\/www.europesays.com\/es\/wp-content\/uploads\/2025\/12\/motor-boxer-BYD-U7-electrico-6-692ee9dd2f2e6.jpg\"   loading=\"lazy\"\/><\/a><\/p>\n<p data-p-index=\"9\">La carta la firman los primeros ministros de <strong>Polonia, Eslovaquia, Hungr\u00eda, Rep\u00fablica Checa y Bulgaria<\/strong>, <strong>encabezados por Giorgia Meloni, Primera Ministra de Italia<\/strong>, uno de los pa\u00edses productores de autom\u00f3viles en Europa que m\u00e1s ha visto comprometida su producci\u00f3n en el proceso de transici\u00f3n hacia el veh\u00edculo el\u00e9ctrico.<\/p>\n<p data-p-index=\"10\">Los que piden cambiar las pol\u00edticas actuales piden m\u00e1s tiempo para ayudar a la industria a adaptarse a una demanda a\u00fan insuficiente de veh\u00edculos el\u00e9ctricos y no perder competitividad frente a la competencia china. <strong>Meloni aboga por la \u00abneutralidad tecnol\u00f3gica\u00bb<\/strong>, es decir, <strong>que la reducci\u00f3n de emisiones no implique cerrar la puerta a ninguna tecnolog\u00eda<\/strong>, incluyendo el motor de combusti\u00f3n interna en h\u00edbridos enchufables o con combustibles sint\u00e9ticos.<\/p>\n<p>Como suele ser habitual, Alemania tiene la llave<\/p>\n<p data-p-index=\"11\">Por su parte, el gobierno espa\u00f1ol enfatiza que relajar la pol\u00edtica clim\u00e1tica \u00absocava la credibilidad del Pacto Verde\u00bb y la apuesta firme por la electrificaci\u00f3n. <strong>S\u00e1nchez incluso sugiere incentivos adicionales, como etiquetas para el uso de \u00abacero verde\u00bb y un mayor contenido manufacturado en la UE para reforzar el valor a\u00f1adido local<\/strong> de la industria automotriz espa\u00f1ola y europea.<\/p>\n<p>\u00abM\u00e1s del 95% del valor agregado bruto del autom\u00f3vil en Espa\u00f1a est\u00e1 en la cadena de valor del veh\u00edculo de combusti\u00f3n\u00bb<\/p>\n<p><a href=\"https:\/\/www.diariomotor.com\/imagenes\/2024\/10\/renault-austral-hibrido-produccion-valladolid-1108120.jpg?class=L\" rel=\"attachment nofollow noopener\" target=\"_blank\"><img decoding=\"async\" width=\"700\" height=\"476\" data-attachment-id=\"1108120\" alt=\"Vista lateral del Renault Austral h\u00edbrido en la l\u00ednea de producci\u00f3n de Valladolid.\" title=\"Vista lateral del Renault Austral h\u00edbrido en la l\u00ednea de producci\u00f3n de Valladolid.\" src=\"https:\/\/www.europesays.com\/es\/wp-content\/uploads\/2025\/12\/renault-austral-hibrido-produccion-valladolid-1108120.jpg\"   loading=\"lazy\"\/><\/a><\/p>\n<p class=\"wp-caption-text\">Renault Austral en la f\u00e1brica de Valladolid.<\/p>\n<p data-p-index=\"12\"><strong>No podemos perder de vista el enorme peso que tiene el autom\u00f3vil en nuestra econom\u00eda.<\/strong> Espa\u00f1a es el segundo mayor pa\u00eds productor de veh\u00edculos de la Uni\u00f3n Europea y, seg\u00fan apunt\u00f3 <strong>Josep Mar\u00eda Recasens<\/strong> hace unos d\u00edas, <strong>la industria del autom\u00f3vil genera \u00ab85.000 millones de euros de valor bruto\u00bb<\/strong>, alrededor del 6 % del PIB del pa\u00eds. Pero hay un dato lapidario en el contexto actual: m\u00e1s del 95% de ese valor agregado bruto est\u00e1 en la cadena de valor del veh\u00edculo de combusti\u00f3n, seg\u00fan Recasens.<\/p>\n<p data-p-index=\"13\"><strong>En cualquier caso, el actor m\u00e1s importante en este escenario, aunque no haya firmado la carta mencionada antes, es Alemania.<\/strong> El mayor productor de Europa aboga, como m\u00ednimo, por una flexibilizaci\u00f3n de los objetivos. <strong>Friedrich Merz<\/strong>, canciller de Alemania, habr\u00eda remitido su propia carta a Von der Leyen, en la que habr\u00eda declarado que \u00abnuestro objetivo debe ser una regulaci\u00f3n del CO2 tecnol\u00f3gicamente neutral, flexible y realista que cumpla los objetivos de protecci\u00f3n clim\u00e1tica de la UE sin poner en peligro la innovaci\u00f3n y la creaci\u00f3n de valor industrial\u00bb (<a href=\"https:\/\/www.autonews.com\/manufacturing\/automakers\/ane-germany-emissions-merz-1128\/\" rel=\"nofollow noopener\" target=\"_blank\">Automotive News<\/a>).<\/p>\n","protected":false},"excerpt":{"rendered":"El presidente del Gobierno espa\u00f1ol, Pedro S\u00e1nchez, ha pedido a la Comisi\u00f3n Europea que mantenga intacta la actual&hellip;\n","protected":false},"author":2,"featured_media":287885,"comment_status":"","ping_status":"","sticky":false,"template":"","format":"standard","meta":{"footnotes":""},"categories":[80],"tags":[82,95,94,25,24,23],"class_list":{"0":"post-287884","1":"post","2":"type-post","3":"status-publish","4":"format-standard","5":"has-post-thumbnail","7":"category-economia","8":"tag-business","9":"tag-economia","10":"tag-economy","11":"tag-es","12":"tag-espana","13":"tag-spain"},"share_on_mastodon":{"url":"https:\/\/pubeurope.com\/@es\/115718263155166036","error":""},"_links":{"self":[{"href":"https:\/\/www.europesays.com\/es\/wp-json\/wp\/v2\/posts\/287884","targetHints":{"allow":["GET"]}}],"collection":[{"href":"https:\/\/www.europesays.com\/es\/wp-json\/wp\/v2\/posts"}],"about":[{"href":"https:\/\/www.europesays.com\/es\/wp-json\/wp\/v2\/types\/post"}],"author":[{"embeddable":true,"href":"https:\/\/www.europesays.com\/es\/wp-json\/wp\/v2\/users\/2"}],"replies":[{"embeddable":true,"href":"https:\/\/www.europesays.com\/es\/wp-json\/wp\/v2\/comments?post=287884"}],"version-history":[{"count":0,"href":"https:\/\/www.europesays.com\/es\/wp-json\/wp\/v2\/posts\/287884\/revisions"}],"wp:featuredmedia":[{"embeddable":true,"href":"https:\/\/www.europesays.com\/es\/wp-json\/wp\/v2\/media\/287885"}],"wp:attachment":[{"href":"https:\/\/www.europesays.com\/es\/wp-json\/wp\/v2\/media?parent=287884"}],"wp:term":[{"taxonomy":"category","embeddable":true,"href":"https:\/\/www.europesays.com\/es\/wp-json\/wp\/v2\/categories?post=287884"},{"taxonomy":"post_tag","embeddable":true,"href":"https:\/\/www.europesays.com\/es\/wp-json\/wp\/v2\/tags?post=287884"}],"curies":[{"name":"wp","href":"https:\/\/api.w.org\/{rel}","templated":true}]}}