{"id":287886,"date":"2025-12-14T13:55:11","date_gmt":"2025-12-14T13:55:11","guid":{"rendered":"https:\/\/www.europesays.com\/es\/287886\/"},"modified":"2025-12-14T13:55:11","modified_gmt":"2025-12-14T13:55:11","slug":"dos-anos-de-milei-un-exito-rotundo","status":"publish","type":"post","link":"https:\/\/www.europesays.com\/es\/287886\/","title":{"rendered":"Dos a\u00f1os de Milei. Un \u00e9xito rotundo"},"content":{"rendered":"<p>Cuando se abandonan las pol\u00edticas socialistas y la libertad avanza, cae la pobreza y entra la riqueza. Eso es lo que le molesta a la izquierda depredadora, que crea pobres para servirse de ellos.<\/p>\n<p><b>Javier Milei <\/b>ha conseguido en dos a\u00f1os sacar a m\u00e1s de un mill\u00f3n y medio de ni\u00f1os de la pobreza, recuperar la esperanza y relanzar Argentina, que se encontraba en el camino de un desastre similar al de Venezuela con las pol\u00edticas del kirchnerismo socialista empobrecedor.<\/p>\n<p>Cuando Milei lleg\u00f3 al poder, Argentina iba a toda velocidad hacia la hiperinflaci\u00f3n y la miseria, en una senda acelerada de devastaci\u00f3n econ\u00f3mica socialista. La inflaci\u00f3n era de un 25% mensual. Con el kirchnerismo socialista y su \u201cpol\u00edtica monetaria inclusiva\u201d, la inflaci\u00f3n acumulada se dispar\u00f3: entre 2011 y 2015, Cristina Fern\u00e1ndez de Kirchner sum\u00f3 alrededor de un 175% de subida de precios, y el mandato destructor de Alberto Fern\u00e1ndez dej\u00f3 una inflaci\u00f3n acumulada del 1.020%, la m\u00e1s alta de los \u00faltimos cinco presidentes, lo que implica que los precios pr\u00e1cticamente se multiplicaron por diez. Este mal llamado socialismo del siglo XXI, empobrecedor de pa\u00edses y enriquecedor para los l\u00edderes pol\u00edticos, hundi\u00f3 el peso, dispar\u00f3 la inflaci\u00f3n y multiplic\u00f3 la pobreza hasta superar el 41,7% oficial. Alberto Fern\u00e1ndez se fue dejando casi 19 millones de pobres y 4,3 millones de indigentes, m\u00faltiples tipos de cambio, un cepo devastador y un banco central quebrado con reservas netas negativas de m\u00e1s de $15.000 millones.<\/p>\n<p><img decoding=\"async\" loading=\"lazy\" src=\"https:\/\/www.europesays.com\/es\/wp-content\/uploads\/2025\/12\/1765720510_823_58.jpg\" alt=\"Milei cumple dos a\u00f1os de gobierno validado en las urnas tras superar fuertes turbulencias\" width=\"3342\" height=\"2228\"\/><b>Milei cumple dos a\u00f1os de gobierno validado en las urnas tras superar fuertes turbulencias<\/b>JUAN IGNACIO RONCORONIAgencia EFE<\/p>\n<p>El socialismo empobreci\u00f3 a un pa\u00eds rico como Argentina de manera alarmante y muy r\u00e1pida.<\/p>\n<p>Javier Milei lleg\u00f3 al poder con objetivos irrenunciables: super\u00e1vit fiscal, frenar la inflaci\u00f3n y relanzar una econom\u00eda hundida. Sus dos primeros a\u00f1os de mandato cierran con un <b>balance espectacular<\/b> en t\u00e9rminos macroecon\u00f3micos: <b>la inflaci\u00f3n se ha desplomado desde m\u00e1ximos mundiales, la pobreza ha retrocedido hasta niveles similares a 2018, la econom\u00eda recupera la senda de crecimiento, ha bajado de forma notable la deuda neta y comienzan a recuperarse los salarios reales<\/b>, todo ello gracias al mayor plan de ajuste y desregulaci\u00f3n de las \u00faltimas d\u00e9cadas.<\/p>\n<p>Milei hered\u00f3 una inflaci\u00f3n del 25,5% mensual en diciembre de 2023, cercana al 300% anual, la m\u00e1s alta del mundo, y la ha reducido en poco tiempo a alrededor del 2,3% mensual en octubre, el nivel m\u00e1s bajo desde 2018, con previsiones que apuntan a una nueva bajada en 2026. Adem\u00e1s, el presupuesto ha pasado de un d\u00e9ficit insostenible a registrar super\u00e1vit por primera vez en 14 a\u00f1os, gracias a fuertes recortes de gasto innecesario sin perjudicar a los servicios esenciales, fusionando ministerios, eliminando organismos in\u00fatiles, reduciendo subsidios y recortando decenas de miles de empleos p\u00fablicos inflados en el tramo final del gobierno anterior.<\/p>\n<p>Gracias a las pol\u00edticas adecuadas, la pobreza se ha reducido de forma espectacular. Las estimaciones de la UCA muestran una ca\u00edda de casi 20 puntos porcentuales respecto de los picos de la crisis y una tasa en el entorno del 31\u201336%, el nivel m\u00e1s bajo en seis a\u00f1os, mientras que UNICEF estima que alrededor de 1,7 millones de ni\u00f1os han salido de la pobreza en estos dos a\u00f1os. Los analistas independientes sit\u00faan la \u201cpobreza real\u201d heredada de Alberto Fern\u00e1ndez en niveles mucho m\u00e1s altos al 41,7% si se ajusta plenamente el tipo de cambio; en cualquier caso, incluso tomando las cifras oficiales, el giro es innegable: muchos menos pobres y m\u00e1s capacidad de compra para los sectores vulnerables cuando se ataca de ra\u00edz la inflaci\u00f3n.<\/p>\n<p>Argentina estaba en recesi\u00f3n cuando lleg\u00f3 Milei. El PIB de Argentina cay\u00f3 un 1,6% en 2023 seg\u00fan INDEC, y ya ven\u00eda en declive desde 2022, con ca\u00eddas de 2,2% desestacionalizado en el cuatro trimestre de 2022. El PIB cay\u00f3 1,3% en 2024 y, se dispar\u00f3 el 5,2% en los primeros nueve meses de 2025. Con los datos de crecimiento econ\u00f3mico de 2025, se ha recuperado mucho m\u00e1s que el agujero heredado, registrando un crecimiento potente y sano, no inflado con gasto p\u00fablico. El FMI prev\u00e9 un crecimiento en torno al 4,5%, de los m\u00e1s altos de Hispanoam\u00e9rica, para 2025. Para 2026, las proyecciones de los principales organismos sit\u00faan el avance del PIB en torno al 3\u20134%, con un crecimiento acumulado cercano a los 8 puntos entre 2025 y 2026. Este fuerte impulso se compara con el estancamiento cr\u00f3nico dejado por el socialismo, que encima ten\u00eda la poca verg\u00fcenza de afirmar que su problema era que \u00abcrecemos demasiado\u00bb, seg\u00fan Alberto Fern\u00e1ndez. La confirmaci\u00f3n de la ca\u00edda del PIB en 2023 mostraba que Argentina ten\u00eda pr\u00e1cticamente el mismo PIB que en 2011, y eso disparando el gasto p\u00fablico y el d\u00e9ficit para dopar artificialmente la actividad.<\/p>\n<p><img decoding=\"async\" loading=\"lazy\" src=\"https:\/\/www.europesays.com\/es\/wp-content\/uploads\/2025\/12\/1765720511_223_58.jpg\" alt=\"Argentina.- La Bolsa argentina sube un 46% desde la victoria del partido de Milei en las elecciones legislativas\" width=\"1920\" height=\"1280\"\/><b>Argentina.- La Bolsa argentina sube un 46% desde la victoria del partido de Milei en las elecciones legislativas<\/b>Europa Press<\/p>\n<p>El ajuste de Milei se ha traducido en una fuerte reducci\u00f3n de empleo p\u00fablico inflado por el kirchnerismo y pagado con deuda e inflaci\u00f3n, mientras el sector privado empieza a tomar el relevo. Con Milei se crearon m\u00e1s de 650.000 nuevos empleos en el sector privado. El empleo total ha crecido en 330 mil puestos de trabajo en dos a\u00f1os seg\u00fan INDEC y, lo m\u00e1s importante es que cae el empleo p\u00fablico en 370.000 puestos pol\u00edticos innecesarios dopados por el kirchnerismo y sube con fuerza el empleo privado. El objetivo del gobierno es que el empleo privado formal crezca de forma sostenida a medida que se consolida el rebote del PIB, con una tasa de paro que los distintos escenarios sit\u00faan en el entorno del 6,5% para 2026 si se mantienen las reformas.<\/p>\n<p>La deuda p\u00fablica lleg\u00f3 a niveles muy elevados a finales de 2023 y desde entonces ha ca\u00eddo de manera espectacular en t\u00e9rminos netos. El peso de la deuda sobre la econom\u00eda ha bajado con fuerza: se ha reducido en decenas de miles de millones de d\u00f3lares, ha bajado en t\u00e9rminos absolutos y sobre PIB, y se ha frenado la din\u00e1mica explosiva heredada. De m\u00e1s de un 100% de deuda sobre PIB entre 2020 y 2023, llegando al 155%, a un 70% en el tercer trimestre. No podemos olvidar el agujero de deuda escondido en el Banco Central dejado por el socialismo. Milei elimin\u00f3 la deuda del banco central para para transferirla al Tesoro, como debe ser, y en los dos a\u00f1os de la presidencia de Milei, la deuda total registr\u00f3 una ca\u00edda neta de 48.512 millones. La labor del ministro Luis Caputo y el presidente del Banco Central, Santiago Bausili, ha sido esencial a la hora de desactivar las bombas de relojer\u00eda que dej\u00f3 el socialismo para que explotaran en la cara del siguiente. No podemos olvidar la labor del ministro Diego Santilli a la hora de garantizar la seguridad y la tranquilidad de los argentinos ante la amenaza de sabotaje constante y el trabajo de Manuel Adorni desmontando la propaganda y desinformaci\u00f3n socialista.<\/p>\n<p>Desregulaci\u00f3n<\/p>\n<p>El super\u00e1vit primario se consigue recortando gasto y reduciendo el peso de subsidios ineficientes, frenando el crecimiento del empleo p\u00fablico y priorizando partidas sociales esenciales. Menos subsidios para todos y m\u00e1s ayudas a quien realmente las necesita permite bajar la deuda, controlar las cuentas y ayudar a quien de verdad lo requiere.<\/p>\n<p>El DNU 70\/2023 y la Ley Bases han desmontado centenares de regulaciones en mercados de bienes, servicios, alquileres, comercio exterior y empresas p\u00fablicas, liderado por el Ministerio de Desregulaci\u00f3n encabezado por Federico Sturzenegger. La eliminaci\u00f3n de controles de precios, la reducci\u00f3n de aranceles y la apertura de sectores como el transporte a\u00e9reo o el inmobiliario se han traducido en una mayor variedad de productos y mejores precios para el consumidor.<\/p>\n<p>Ahora llega el turno de la inversi\u00f3n, que necesita eliminar la inseguridad jur\u00eddica creada por el socialismo. El programa RIGI, orientado a atraer grandes inversiones superiores a 200 millones de d\u00f3lares, ofrece estabilidad regulatoria y seguridad jur\u00eddica, y ya se han anunciado m\u00e1s de 31.000 millones de d\u00f3lares en proyectos, especialmente en miner\u00eda y energ\u00eda.<\/p>\n<p>Es esencial que las empresas espa\u00f1olas apuesten por la Argentina de la libertad como ha hecho Estados Unidos, o se perder\u00e1n el periodo de prosperidad en marcha.<\/p>\n<p>Todos estos logros macroecon\u00f3micos los percibe el votante: en las elecciones legislativas de medio t\u00e9rmino, La Libertad Avanza obtuvo alrededor del 41% de los votos frente al 32% del peronismo, configurando por primera vez desde 1989 un Congreso donde el peronismo deja de ser la primera minor\u00eda y permitiendo acelerar las reformas estructurales.<\/p>\n<p><b>No es milagro. No es romper esquemas. No es un experimento.<\/b> Lo que fue un experimento fue secuestrar Argentina y entregarla al socialismo depredador. Milei y su equipo de gobierno han implementado l\u00f3gica econ\u00f3mica y defensa inequ\u00edvoca de la libertad.<\/p>\n<p><b>La receta para nuestros pa\u00edses es clara: echar al socialismo, rechazar el gradualismo y defender la libertad sin complejos\u2026 y la prosperidad florece.<\/b><\/p>\n","protected":false},"excerpt":{"rendered":"Cuando se abandonan las pol\u00edticas socialistas y la libertad avanza, cae la pobreza y entra la riqueza. Eso&hellip;\n","protected":false},"author":2,"featured_media":287887,"comment_status":"","ping_status":"","sticky":false,"template":"","format":"standard","meta":{"footnotes":""},"categories":[42],"tags":[17,18,13,14,11,61,62,63,64,19,20,9,10,15,16,12,21,22,65,66,67],"class_list":{"0":"post-287886","1":"post","2":"type-post","3":"status-publish","4":"format-standard","5":"has-post-thumbnail","7":"category-internacional","8":"tag-breaking-news","9":"tag-breakingnews","10":"tag-featured-news","11":"tag-featurednews","12":"tag-headlines","13":"tag-internacional","14":"tag-international","15":"tag-international-news","16":"tag-internationalnews","17":"tag-latest-news","18":"tag-latestnews","19":"tag-news","20":"tag-noticias","21":"tag-noticias-destacadas","22":"tag-noticiasdestacadas","23":"tag-titulares","24":"tag-ultimas-noticias","25":"tag-ultimasnoticias","26":"tag-world","27":"tag-world-news","28":"tag-worldnews"},"share_on_mastodon":{"url":"https:\/\/pubeurope.com\/@es\/115718267383767810","error":""},"_links":{"self":[{"href":"https:\/\/www.europesays.com\/es\/wp-json\/wp\/v2\/posts\/287886","targetHints":{"allow":["GET"]}}],"collection":[{"href":"https:\/\/www.europesays.com\/es\/wp-json\/wp\/v2\/posts"}],"about":[{"href":"https:\/\/www.europesays.com\/es\/wp-json\/wp\/v2\/types\/post"}],"author":[{"embeddable":true,"href":"https:\/\/www.europesays.com\/es\/wp-json\/wp\/v2\/users\/2"}],"replies":[{"embeddable":true,"href":"https:\/\/www.europesays.com\/es\/wp-json\/wp\/v2\/comments?post=287886"}],"version-history":[{"count":0,"href":"https:\/\/www.europesays.com\/es\/wp-json\/wp\/v2\/posts\/287886\/revisions"}],"wp:featuredmedia":[{"embeddable":true,"href":"https:\/\/www.europesays.com\/es\/wp-json\/wp\/v2\/media\/287887"}],"wp:attachment":[{"href":"https:\/\/www.europesays.com\/es\/wp-json\/wp\/v2\/media?parent=287886"}],"wp:term":[{"taxonomy":"category","embeddable":true,"href":"https:\/\/www.europesays.com\/es\/wp-json\/wp\/v2\/categories?post=287886"},{"taxonomy":"post_tag","embeddable":true,"href":"https:\/\/www.europesays.com\/es\/wp-json\/wp\/v2\/tags?post=287886"}],"curies":[{"name":"wp","href":"https:\/\/api.w.org\/{rel}","templated":true}]}}