{"id":287894,"date":"2025-12-14T14:03:08","date_gmt":"2025-12-14T14:03:08","guid":{"rendered":"https:\/\/www.europesays.com\/es\/287894\/"},"modified":"2025-12-14T14:03:08","modified_gmt":"2025-12-14T14:03:08","slug":"mathieu-van-der-poel-vuelve-al-barro-copa-del-mundo-de-namur","status":"publish","type":"post","link":"https:\/\/www.europesays.com\/es\/287894\/","title":{"rendered":"Mathieu van der Poel vuelve al barro: Copa del Mundo de Namur"},"content":{"rendered":"<p>El domingo 14 de diciembre es el d\u00eda para la primera competici\u00f3n de Mathieu van der Poel en la temporada 2025-2026 de ciclocross. El neerland\u00e9s es, por tanto, el principal favorito para la victoria en la Copa del Mundo de Namur, competici\u00f3n en la que tambi\u00e9n veremos a Felipe Orts.<\/p>\n<p>La <strong>Copa del Mundo de Namur<\/strong> ser\u00e1 retransmitida en diferido (a partir de las 16 horas) en <strong>Teledeporte<\/strong> mientras que <strong>Eurosport 2<\/strong> s\u00ed que ofrecer\u00e1 las carreras en directo: a partir de las 13.30 horas la prueba femenina mientras que los hombres competir\u00e1n a partir de las 15 horas.<\/p>\n<p><strong>Mathieu van der Poel<\/strong> saldr\u00e1 desde mucho m\u00e1s atr\u00e1s de lo que ser\u00eda normal para un corredor de su nivel, pero es el freno que tiene por no haber competido hasta ahora. De todos modos, el de Alpecin es especialista en grandes remontadas en muy poco espacio de tiempo. Sus rivales en Namur ya saben que deber\u00e1n pelear por la segunda plaza.<\/p>\n<p><strong>Joris Nieuwenhuis, Lars van der Haar, Pim Ronhaar, Tibor del Gross, Ryan Kamp, Michael Vanthourenhout, Laurens Sweeck, Niels Vandeputte y Felipe Orts<\/strong> son algunos de los corredores que sue\u00f1an con una plaza de podio, aunque por encima de ellos habr\u00eda que citar a un hombre que s\u00ed tiene motivos para aspirar a pelear por el \u00e9xito al m\u00e1s alto nivel. Nos referimos a <strong>Thibau Nys<\/strong>, el mejor entre los humanos.<\/p>\n<p><strong>DORSALES OFICIALES<\/strong><\/p>\n<p>1 VAN DER POEL Mathieu ALPECIN-DECEUNINCK NED<br \/>2 NIEUWENHUIS Joris RIDLEY RACING TEAM NED<br \/>3 VAN DER HAAR Lars BALOISE GLOWI LIONS NED<br \/>4 RONHAAR Pim BALOISE GLOWI LIONS NED<br \/>5 DEL GROSSO Tibor ALPECIN-DECEUNINCK NED<br \/>6 KAMP Ryan NED<br \/>7 HENDRIKX Mees HEIZOMAT \u2013 CUBE NED<br \/>8 HAVERDINGS David BALOISE GLOWI LIONS NED<br \/>9 VAN LIEROP Danny NED<br \/>10 REMIJN Senna ALPECIN-DECEUNINCK DEVELOPMENT TEAM NED<br \/>11 SOLEN Keije CHARLES LI\u00c9GEOIS ROASTERY CX NED<br \/>12 JOCHEMS Jelte NED<br \/>13 RIJVERS Max NED<br \/>14 VANTHOURENHOUT Michael PAUWELS SAUZEN \u2013 ALTEZ INDUSTRIEBOUW CYCLING TEAM BEL<br \/>15 NYS Thibau BALOISE GLOWI LIONS BEL 2002 1 2 47 HARTER Luca GER 2002 84<br \/>16 AERTS Toon DESCHACHT-HENS CX TEAM BEL<br \/>17 VANDEPUTTE Niels ALPECIN-DECEUNINCK DEVELOPMENT TEAM BEL<br \/>18 SWEECK Laurens CRELAN-CORENDON BEL<br \/>19 VERSTRYNGE Emiel CRELAN-CORENDON BEL<br \/>20 WYSEURE Joran CRELAN-CORENDON BEL<br \/>21 MICHELS Jente ALPECIN-DECEUNINCK DEVELOPMENT TEAM BEL<br \/>22 VANDEBOSCH Toon CRELAN-CORENDON BEL<br \/>23 DE BRUYCKERE Kay PAUWELS SAUZEN \u2013 ALTEZ INDUSTRIEBOUW CYCLING TEAM BEL<br \/>24 VAN DE PUTTE Victor DESCHACHT-HENS CX TEAM BEL<br \/>25 MEEUSSEN Witse CRELAN-CORENDON BEL<br \/>26 JANSSEN Wout BEL<br \/>27 FERDINANDE Anton BEL<br \/>28 JAMIN Antoine BH-WALLONIE MTB TEAM BEL<br \/>29 MENUT David AS BIKE RACING \/ FRANCE LITERIE FRA<br \/>30 BOMMENEL Nathan<br \/>31 GROSLAMBERT Martin SEBMOTOBIKES CX TEAM FRA<br \/>32 THOMAS Th\u00e9o SEBMOTOBIKES CX TEAM FRA<br \/>33 LELANDAIS R\u00e9mi ARKEA-B&amp;B HOTELS CONTINENTALE FRA<br \/><strong>34 ORTS LLORET Felipe RIDLEY RACING TEAM ESP<\/strong><br \/><strong>35 JUNQUERA SAN MILLAN Mario UNICAJA \u2013 GIJON ESP<\/strong><br \/>36 KUHN Kevin HEIZOMAT \u2013 CUBE SUI<br \/>37 SOMMER Lars SUI<br \/>38 ROUILLER Loris AS BIKE RACING \/ FRANCE LITERIE SUI<br \/>39 BARD Nicolas SUI<br \/>40 MASON Cameron SEVEN RACING GBR<br \/>41 MEIN Thomas HOPE FACTORY RACING GBR<br \/>42 STROHMEYER Andrew CXD TREK BIKES USA<br \/>43 JUNGE Frederick USA<br \/>44 KING Carden USA<br \/>45 WESTOVER Finn USA<br \/>46 MILANOVIC Nikolas USA<br \/>48 HERRMANN Lukas GER<br \/>49 K\u00d6PSEL Jonas RADSPORT NAGEL CX TEAM GER<br \/>50 KUSCHLA Silas GER<br \/>51 OERTZEN Max Heiner RADSPORT NAGEL CX TEAM GER<br \/>52 OBERTEICHER Matteo PURE ENERGY DRINK \/ HARO BIKES BY COREGO GER<br \/>53 BATES Rhett CAN<br \/>54 SARGENT Liam CAN<br \/>55 VIEZZI Stefano ALPECIN-DECEUNINCK DEVELOPMENT TEAM ITA<br \/>56 AGOSTINACCHIO Mattia EF EDUCATION \u2013 EASYPOST \u2013 OATLY ITA<br \/>57 AGOSTINACCHIO Filippo EF EDUCATION \u2013 EASYPOST \u2013 OATLY ITA<br \/>58 BORO\u0160 Michael ELKOV \u2013 KASPER CZE<br \/>59 GROENENDAAL Bailey DEN<br \/>60 RISBERG David SWE<br \/>61 AASTRUP Vilmar SWE<br \/>62 PAPI Lennox LUX<br \/>63 ACT CYCLING FRA<br \/>64 TURNER Jacob NZL<\/p>\n","protected":false},"excerpt":{"rendered":"El domingo 14 de diciembre es el d\u00eda para la primera competici\u00f3n de Mathieu van der Poel en&hellip;\n","protected":false},"author":2,"featured_media":287895,"comment_status":"","ping_status":"","sticky":false,"template":"","format":"standard","meta":{"footnotes":""},"categories":[273],"tags":[313,312,168,25,24,23,167],"class_list":{"0":"post-287894","1":"post","2":"type-post","3":"status-publish","4":"format-standard","5":"has-post-thumbnail","7":"category-ciclismo","8":"tag-ciclismo","9":"tag-cycling","10":"tag-deportes","11":"tag-es","12":"tag-espana","13":"tag-spain","14":"tag-sports"},"share_on_mastodon":{"url":"https:\/\/pubeurope.com\/@es\/115718298230043107","error":""},"_links":{"self":[{"href":"https:\/\/www.europesays.com\/es\/wp-json\/wp\/v2\/posts\/287894","targetHints":{"allow":["GET"]}}],"collection":[{"href":"https:\/\/www.europesays.com\/es\/wp-json\/wp\/v2\/posts"}],"about":[{"href":"https:\/\/www.europesays.com\/es\/wp-json\/wp\/v2\/types\/post"}],"author":[{"embeddable":true,"href":"https:\/\/www.europesays.com\/es\/wp-json\/wp\/v2\/users\/2"}],"replies":[{"embeddable":true,"href":"https:\/\/www.europesays.com\/es\/wp-json\/wp\/v2\/comments?post=287894"}],"version-history":[{"count":0,"href":"https:\/\/www.europesays.com\/es\/wp-json\/wp\/v2\/posts\/287894\/revisions"}],"wp:featuredmedia":[{"embeddable":true,"href":"https:\/\/www.europesays.com\/es\/wp-json\/wp\/v2\/media\/287895"}],"wp:attachment":[{"href":"https:\/\/www.europesays.com\/es\/wp-json\/wp\/v2\/media?parent=287894"}],"wp:term":[{"taxonomy":"category","embeddable":true,"href":"https:\/\/www.europesays.com\/es\/wp-json\/wp\/v2\/categories?post=287894"},{"taxonomy":"post_tag","embeddable":true,"href":"https:\/\/www.europesays.com\/es\/wp-json\/wp\/v2\/tags?post=287894"}],"curies":[{"name":"wp","href":"https:\/\/api.w.org\/{rel}","templated":true}]}}