{"id":287912,"date":"2025-12-14T14:18:11","date_gmt":"2025-12-14T14:18:11","guid":{"rendered":"https:\/\/www.europesays.com\/es\/287912\/"},"modified":"2025-12-14T14:18:11","modified_gmt":"2025-12-14T14:18:11","slug":"dos-muertos-y-ocho-heridos-en-ataque-a-universidad-de-ee-uu-dw-14-12-2025","status":"publish","type":"post","link":"https:\/\/www.europesays.com\/es\/287912\/","title":{"rendered":"Dos muertos y ocho heridos en ataque a universidad de EE.UU. \u2013 DW \u2013 14\/12\/2025"},"content":{"rendered":"<p>Dos personas murieron y otras ocho se encuentran gravemente heridas por un tiroteo ocurrido este s\u00e1bado (13.12.2025) en el campus de la Universidad de Brown, en <a class=\"internal-link\" href=\"https:\/\/www.dw.com\/es\/estados-unidos\/t-17411942\" rel=\"nofollow noopener\" target=\"_blank\">Estados Unidos,<\/a> informaron las autoridades.<\/p>\n<p>\u00abConfirmo que dos personas murieron esta tarde y que otras ocho se encuentran graves\u00bb, declar\u00f3 en una conferencia de prensa el alcalde de Providence, en Rhode Island, Brett Smiley.<\/p>\n<p>\u00abNo tenemos al atacante bajo arresto en este momento\u00bb, precis\u00f3<\/p>\n<p>El ataque se produjo en el campus de la Universidad Brown, en el noreste de Estados Unidos, inform\u00f3 la polic\u00eda local.<\/p>\n<p>\u00abRef\u00fagiense y eviten la zona hasta nuevo aviso\u00bb, exhort\u00f3 en X la polic\u00eda de Providence, capital del estado de Rhode Island, donde se encuentra la Universidad Brown.\u00a0\u00a0<\/p>\n<p>El presidente de Estados Unidos, Donald Trump, declar\u00f3 en su plataforma Truth Social, que fue informado de la situaci\u00f3n y que el FBI se encuentra en el lugar.<\/p>\n<p>A las 17H52, hora local (23H52), la Universidad Brown afirm\u00f3 que la situaci\u00f3n segu\u00eda \u00aben curso\u00bb y les pidi\u00f3 a sus estudiantes que se resguarden hasta nueva orden.<\/p>\n<p>Tras afirmar en un primer momento que el sospechoso hab\u00eda sido detenido, Trump public\u00f3 un segundo mensaje en el que declar\u00f3 que la polic\u00eda local se retract\u00f3 de ese anuncio. \u00abEl sospechoso NO ha sido detenido\u00bb, precis\u00f3 el mandatario estadounidense.<\/p>\n<p>mg (afp, CNN)<\/p>\n<p>\u00a0<\/p>\n","protected":false},"excerpt":{"rendered":"Dos personas murieron y otras ocho se encuentran gravemente heridas por un tiroteo ocurrido este s\u00e1bado (13.12.2025) en&hellip;\n","protected":false},"author":2,"featured_media":287913,"comment_status":"","ping_status":"","sticky":false,"template":"","format":"standard","meta":{"footnotes":""},"categories":[42],"tags":[17,18,13,14,11,61,62,63,64,19,20,9,10,15,16,12,21,22,65,66,67],"class_list":{"0":"post-287912","1":"post","2":"type-post","3":"status-publish","4":"format-standard","5":"has-post-thumbnail","7":"category-internacional","8":"tag-breaking-news","9":"tag-breakingnews","10":"tag-featured-news","11":"tag-featurednews","12":"tag-headlines","13":"tag-internacional","14":"tag-international","15":"tag-international-news","16":"tag-internationalnews","17":"tag-latest-news","18":"tag-latestnews","19":"tag-news","20":"tag-noticias","21":"tag-noticias-destacadas","22":"tag-noticiasdestacadas","23":"tag-titulares","24":"tag-ultimas-noticias","25":"tag-ultimasnoticias","26":"tag-world","27":"tag-world-news","28":"tag-worldnews"},"share_on_mastodon":{"url":"https:\/\/pubeurope.com\/@es\/115718357344875465","error":""},"_links":{"self":[{"href":"https:\/\/www.europesays.com\/es\/wp-json\/wp\/v2\/posts\/287912","targetHints":{"allow":["GET"]}}],"collection":[{"href":"https:\/\/www.europesays.com\/es\/wp-json\/wp\/v2\/posts"}],"about":[{"href":"https:\/\/www.europesays.com\/es\/wp-json\/wp\/v2\/types\/post"}],"author":[{"embeddable":true,"href":"https:\/\/www.europesays.com\/es\/wp-json\/wp\/v2\/users\/2"}],"replies":[{"embeddable":true,"href":"https:\/\/www.europesays.com\/es\/wp-json\/wp\/v2\/comments?post=287912"}],"version-history":[{"count":0,"href":"https:\/\/www.europesays.com\/es\/wp-json\/wp\/v2\/posts\/287912\/revisions"}],"wp:featuredmedia":[{"embeddable":true,"href":"https:\/\/www.europesays.com\/es\/wp-json\/wp\/v2\/media\/287913"}],"wp:attachment":[{"href":"https:\/\/www.europesays.com\/es\/wp-json\/wp\/v2\/media?parent=287912"}],"wp:term":[{"taxonomy":"category","embeddable":true,"href":"https:\/\/www.europesays.com\/es\/wp-json\/wp\/v2\/categories?post=287912"},{"taxonomy":"post_tag","embeddable":true,"href":"https:\/\/www.europesays.com\/es\/wp-json\/wp\/v2\/tags?post=287912"}],"curies":[{"name":"wp","href":"https:\/\/api.w.org\/{rel}","templated":true}]}}