{"id":287926,"date":"2025-12-14T14:30:16","date_gmt":"2025-12-14T14:30:16","guid":{"rendered":"https:\/\/www.europesays.com\/es\/287926\/"},"modified":"2025-12-14T14:30:16","modified_gmt":"2025-12-14T14:30:16","slug":"yo-estoy-enferma-pero-no-vivo-la-enfermedad","status":"publish","type":"post","link":"https:\/\/www.europesays.com\/es\/287926\/","title":{"rendered":"\u201cYo estoy enferma, pero no vivo la enfermedad\u201d"},"content":{"rendered":"<p data-mrf-recirculation=\"Links P\u00e1rrafos\" class=\"ue-c-article__paragraph paragraph ue-c-article--first-letter-highlighted\">Antonia San Juan es todo un referente y ejemplo de superaci\u00f3n despu\u00e9s de que anunciara en sus redes sociales, <strong>en septiembre de 2025, que padec\u00eda c\u00e1ncer de garganta<\/strong>. Desde entonces, no se ha escondido. Se ha dejado ver y ha seguido con su vida, exponi\u00e9ndose a los medios de comunicaci\u00f3n sin reparo alguno.<\/p>\n<p data-mrf-recirculation=\"Links P\u00e1rrafos\" class=\"ue-c-article__paragraph paragraph\">Una valent\u00eda que ella misma no considera, tras ser preguntada por Europa Press durante la alfombra roja de los Premios Forqu\u00e9. \u201cNo me veo valiente. <strong>Yo veo que la enfermedad aparece, la enfermedad tu no la eliges y cuando aparece tienes dos opciones: o la afrontas o no la afrontas, y la tienes que afrontar\u201d<\/strong>.<\/p>\n<p><img decoding=\"async\" width=\"1980\" height=\"1320\" class=\"ue-c-article__image lazyload\" alt=\"La actriz Antonia San Juan.\" loading=\"lazy\" src=\"https:\/\/www.europesays.com\/es\/wp-content\/uploads\/2025\/12\/690c865d42a8b.jpeg\"\/><\/p>\n<p>La actriz Antonia San Juan.EFE<\/p>\n<p data-mrf-recirculation=\"Links P\u00e1rrafos\" class=\"ue-c-article__paragraph paragraph\">En este sentido, habla de su momento actual con respecto a la enfermedad: <strong>\u201cEstoy en el mismo momento que cuando me diagnosticaron, lo que pasa que me queda ya la \u00faltima quimio que es el 30 de diciembre y ya est\u00e1\u201d<\/strong>. Tambi\u00e9n habla de su estado moral y an\u00edmico: \u201cYo soy as\u00ed. <strong>Yo estoy enferma, pero no vivo la enfermedad<\/strong>, porque nunca me ha gustado ni la queja ni lamerme las heridas\u201d.<\/p>\n<p>Antonia San Juan, sobre el juicio de la gente: \u201cLo que opinen los dem\u00e1s est\u00e1 de m\u00e1s\u201d<\/p>\n<p data-mrf-recirculation=\"Links P\u00e1rrafos\" class=\"ue-c-article__paragraph paragraph\">Por otra parte, la actriz no tiene reparo en confesar que cada vez le importa menos lo que diga o piense la gente: <strong>\u201cA estas alturas y con estos pelos\u2026 con 65 a\u00f1os me viene todo bien. (&#8230;) Cuando uno hace cualquier cosa que uno haga, hay gente que est\u00e1 50% a favor y gente 50% en contra. Lo que la gente opine y lo que opinen los dem\u00e1s est\u00e1 de m\u00e1s\u201d<\/strong>. Y tampoco le gusta que la compadezcan ni generar l\u00e1stima: \u201cNada de pobrecita de m\u00ed y t\u00e9ngame pena\u201d.<\/p>\n<p data-mrf-recirculation=\"Links P\u00e1rrafos\" class=\"ue-c-article__paragraph paragraph\">Toda una declaraci\u00f3n de intenciones con la que quiere poner fin a esa sensaci\u00f3n de l\u00e1stima en torno a su figura, debido a la enfermedad que padece, que <strong>ella misma lo pasa con naturalidad, sin perder la vida que tiene y sin miedo a lo que puedan decir<\/strong>.<\/p>\n","protected":false},"excerpt":{"rendered":"Antonia San Juan es todo un referente y ejemplo de superaci\u00f3n despu\u00e9s de que anunciara en sus redes&hellip;\n","protected":false},"author":2,"featured_media":287927,"comment_status":"","ping_status":"","sticky":false,"template":"","format":"standard","meta":{"footnotes":""},"categories":[174],"tags":[255,146,147,25,24,256,23],"class_list":{"0":"post-287926","1":"post","2":"type-post","3":"status-publish","4":"format-standard","5":"has-post-thumbnail","7":"category-famosos","8":"tag-celebrities","9":"tag-entertainment","10":"tag-entretenimiento","11":"tag-es","12":"tag-espana","13":"tag-famosos","14":"tag-spain"},"share_on_mastodon":{"url":"https:\/\/pubeurope.com\/@es\/115718405568652751","error":""},"_links":{"self":[{"href":"https:\/\/www.europesays.com\/es\/wp-json\/wp\/v2\/posts\/287926","targetHints":{"allow":["GET"]}}],"collection":[{"href":"https:\/\/www.europesays.com\/es\/wp-json\/wp\/v2\/posts"}],"about":[{"href":"https:\/\/www.europesays.com\/es\/wp-json\/wp\/v2\/types\/post"}],"author":[{"embeddable":true,"href":"https:\/\/www.europesays.com\/es\/wp-json\/wp\/v2\/users\/2"}],"replies":[{"embeddable":true,"href":"https:\/\/www.europesays.com\/es\/wp-json\/wp\/v2\/comments?post=287926"}],"version-history":[{"count":0,"href":"https:\/\/www.europesays.com\/es\/wp-json\/wp\/v2\/posts\/287926\/revisions"}],"wp:featuredmedia":[{"embeddable":true,"href":"https:\/\/www.europesays.com\/es\/wp-json\/wp\/v2\/media\/287927"}],"wp:attachment":[{"href":"https:\/\/www.europesays.com\/es\/wp-json\/wp\/v2\/media?parent=287926"}],"wp:term":[{"taxonomy":"category","embeddable":true,"href":"https:\/\/www.europesays.com\/es\/wp-json\/wp\/v2\/categories?post=287926"},{"taxonomy":"post_tag","embeddable":true,"href":"https:\/\/www.europesays.com\/es\/wp-json\/wp\/v2\/tags?post=287926"}],"curies":[{"name":"wp","href":"https:\/\/api.w.org\/{rel}","templated":true}]}}