{"id":287951,"date":"2025-12-14T14:54:09","date_gmt":"2025-12-14T14:54:09","guid":{"rendered":"https:\/\/www.europesays.com\/es\/287951\/"},"modified":"2025-12-14T14:54:09","modified_gmt":"2025-12-14T14:54:09","slug":"telma-ortiz-baila-al-ritmo-de-melendi","status":"publish","type":"post","link":"https:\/\/www.europesays.com\/es\/287951\/","title":{"rendered":"Telma Ortiz baila al ritmo de Melendi"},"content":{"rendered":"<p>En una de sus primeras apariciones p\u00fablicas <a title=\"tras su separaci\u00f3n sentimental\" href=\"https:\/\/www.larazon.es\/gente\/famosos\/telma-ortiz-robert-gavin-bonnar-asi-fraguo-ruptura-inevitable_2025092768d7c165f10d3f067819de5c.html\" target=\"_blank\" rel=\"nofollow noopener\">tras su separaci\u00f3n sentimental<\/a> con <b>Robert Gavin, Telma Ortiz <\/b>no quiso perderse el concierto de Melendi, bajo el marco del <a title=\"festival Starlite de Madrid\" href=\"https:\/\/www.larazon.es\/madrid\/plan-que-puedes-perder-estas-navidades-madrid_202511246924bc9fdf41134465e7d091.html\" target=\"_blank\" rel=\"nofollow noopener\">festival Starlite de Madrid<\/a>.<\/p>\n<p>Acompa\u00f1ada de Sandra Garc\u00eda Sanju\u00e1n, organizadora del certamen musical, la hermana de la Reina Letizia demostr\u00f3 con sus c\u00e1nticos y bailes que est\u00e1 comenzando a remontar su fracaso amoroso <b>con renovadas energ\u00edas.<\/b><\/p>\n<p>Telma y Robert rompieron su relaci\u00f3n despu\u00e9s de seis a\u00f1os de uni\u00f3n y una hija en com\u00fan. <b>Ninguno de los dos ha hecho p\u00fablicos los motivos<\/b> y mantienen una gran discreci\u00f3n en lo que se refiere a todo lo relacionado con sus vidas privadas.<\/p>\n<p>La hija de Jes\u00fas Ortiz y Paloma Rocasolano se encuentra <a title=\"volcada en su nuevo trabajo\" href=\"https:\/\/www.larazon.es\/lifestyle\/moda\/telma-ortiz-reaparece-madrid-traje-sastre-mas-elegante-otonal-separacion_2025102268f86a835ddd5447a1be950d.html\" target=\"_blank\" rel=\"nofollow noopener\">volcada en su nuevo trabajo<\/a> como asesora senior de la Gerencia de Movilizaci\u00f3n de Recursos y Alianzas Globales del Banco de Desarrollo de Am\u00e9rica Latina y el Caribe. Un brillante momento en lo profesional que contrasta con las dificultades que est\u00e1 atravesando su ex, que ha visto c\u00f3mo su \u00faltimo libro era retirado por su editorial mientras se ha quedado <b>sin una red familiar en la que apoyarse en nuestro pa\u00eds.<\/b><\/p>\n<p>Aun as\u00ed, que se sepa, no tiene pensado abandonar nuestro pa\u00eds, aqu\u00ed ha encontrado, seg\u00fan sus propias palabras, <b>\u00abun lugar maravilloso para vivir, me encanta la idiosincrasia de sus gentes, <\/b>el clima, la gastronom\u00eda\u2026\u00bb<\/p>\n<p>Fortaleza<\/p>\n<p>Por su parte, Telma vive <b>volcada en el cuidado de sus dos hijas,<\/b> en su trabajo y en la \u00edntima relaci\u00f3n con sus progenitores y el resto de la familia.<\/p>\n<p>Una persona de su c\u00edrculo m\u00e1s \u00edntimo desvela a LA RAZ\u00d3N que <b>\u00aben esta ruptura no cabe una reconciliaci\u00f3n, <\/b>queda una relaci\u00f3n de cordialidad y respeto, pero nada m\u00e1s. Telma est\u00e1 muy tranquila, habitu\u00e1ndose a su nueva vida. Es una mujer con una gran fortaleza\u2026q<\/p>\n","protected":false},"excerpt":{"rendered":"En una de sus primeras apariciones p\u00fablicas tras su separaci\u00f3n sentimental con Robert Gavin, Telma Ortiz no quiso&hellip;\n","protected":false},"author":2,"featured_media":287952,"comment_status":"","ping_status":"","sticky":false,"template":"","format":"standard","meta":{"footnotes":""},"categories":[174],"tags":[255,146,147,25,24,256,23],"class_list":{"0":"post-287951","1":"post","2":"type-post","3":"status-publish","4":"format-standard","5":"has-post-thumbnail","7":"category-famosos","8":"tag-celebrities","9":"tag-entertainment","10":"tag-entretenimiento","11":"tag-es","12":"tag-espana","13":"tag-famosos","14":"tag-spain"},"share_on_mastodon":{"url":"https:\/\/pubeurope.com\/@es\/115718498864003381","error":""},"_links":{"self":[{"href":"https:\/\/www.europesays.com\/es\/wp-json\/wp\/v2\/posts\/287951","targetHints":{"allow":["GET"]}}],"collection":[{"href":"https:\/\/www.europesays.com\/es\/wp-json\/wp\/v2\/posts"}],"about":[{"href":"https:\/\/www.europesays.com\/es\/wp-json\/wp\/v2\/types\/post"}],"author":[{"embeddable":true,"href":"https:\/\/www.europesays.com\/es\/wp-json\/wp\/v2\/users\/2"}],"replies":[{"embeddable":true,"href":"https:\/\/www.europesays.com\/es\/wp-json\/wp\/v2\/comments?post=287951"}],"version-history":[{"count":0,"href":"https:\/\/www.europesays.com\/es\/wp-json\/wp\/v2\/posts\/287951\/revisions"}],"wp:featuredmedia":[{"embeddable":true,"href":"https:\/\/www.europesays.com\/es\/wp-json\/wp\/v2\/media\/287952"}],"wp:attachment":[{"href":"https:\/\/www.europesays.com\/es\/wp-json\/wp\/v2\/media?parent=287951"}],"wp:term":[{"taxonomy":"category","embeddable":true,"href":"https:\/\/www.europesays.com\/es\/wp-json\/wp\/v2\/categories?post=287951"},{"taxonomy":"post_tag","embeddable":true,"href":"https:\/\/www.europesays.com\/es\/wp-json\/wp\/v2\/tags?post=287951"}],"curies":[{"name":"wp","href":"https:\/\/api.w.org\/{rel}","templated":true}]}}