{"id":287996,"date":"2025-12-14T15:30:36","date_gmt":"2025-12-14T15:30:36","guid":{"rendered":"https:\/\/www.europesays.com\/es\/287996\/"},"modified":"2025-12-14T15:30:36","modified_gmt":"2025-12-14T15:30:36","slug":"el-c-a-silla-integrant-col%c2%b7lectius-campeon-de-la-division-de-honor-del-autonomico-relampago-por-equipos-2025","status":"publish","type":"post","link":"https:\/\/www.europesays.com\/es\/287996\/","title":{"rendered":"El C.A. Silla Integrant Col\u00b7lectius, campe\u00f3n de la Divisi\u00f3n de Honor del Auton\u00f3mico Rel\u00e1mpago por Equipos 2025"},"content":{"rendered":"<p data-start=\"254\" data-end=\"519\">Ayer s\u00e1bado 13 de diciembre, la localidad de <strong data-start=\"297\" data-end=\"307\">Canals<\/strong> acogi\u00f3 los Campeonatos Auton\u00f3micos por Equipos de Ajedrez Rel\u00e1mpago, una intensa jornada que reuni\u00f3 a <strong data-start=\"410\" data-end=\"436\">350 jugadores<\/strong>, integrados en <strong data-start=\"452\" data-end=\"466\">72 equipos<\/strong>, en un ambiente festivo y de excelente deportividad.<\/p>\n<p data-start=\"521\" data-end=\"754\">La tarde arranc\u00f3 con el <a href=\"https:\/\/www.facv.org\/sorteo-numeros-para-la-division-de-honor-asi-quedaran-las-rondas-del-interclubs\" rel=\"nofollow noopener\" target=\"_blank\"><strong data-start=\"545\" data-end=\"598\">sorteo de emparejamientos de la Divisi\u00f3n de Honor<\/strong><\/a>, la presentaci\u00f3n del programa de la jornada y la bienvenida institucional del presidente de la FACV, <strong data-start=\"688\" data-end=\"713\">Emilio Gonz\u00e1lez G\u00f3mez<\/strong>, dando paso al inicio de la competici\u00f3n.<\/p>\n<p data-start=\"756\" data-end=\"1039\">Todos los campeonatos se disputaron a ritmo rel\u00e1mpago (3 minutos + 2 segundos de incremento), a 9 rondas y con equipos de cuatro tableros. Las divisiones auton\u00f3micas se jugaron bajo sistema liga, mientras que la categor\u00eda Open se desarroll\u00f3 por sistema suizo.<\/p>\n<p data-start=\"1041\" data-end=\"1400\">En la m\u00e1xima categor\u00eda, la <strong data-start=\"1072\" data-end=\"1093\">Divisi\u00f3n de Honor<\/strong>, el <strong data-start=\"1098\" data-end=\"1134\">C.A. Silla Integrant Col\u00b7lectius<\/strong> se proclam\u00f3 <strong data-start=\"1147\" data-end=\"1204\">Campe\u00f3n Auton\u00f3mico Absoluto de Ajedrez Rel\u00e1mpago 2025<\/strong>, imponi\u00e9ndose con autoridad a lo largo del campeonato. El <strong data-start=\"1265\" data-end=\"1282\">subcampeonato<\/strong> fue para el <strong data-start=\"1295\" data-end=\"1318\">C.A. Andreu Paterna<\/strong>, mientras que el <strong data-start=\"1336\" data-end=\"1361\">C.A. Camp de Morvedre<\/strong> complet\u00f3 el podio en tercera posici\u00f3n.<\/p>\n<p data-start=\"1402\" data-end=\"1442\"><strong data-start=\"1402\" data-end=\"1442\">Orden de fuerzas del equipo campe\u00f3n:<\/strong><\/p>\n<p data-start=\"1796\" data-end=\"1844\">En el resto de categor\u00edas, los campeones fueron:<\/p>\n<ul data-start=\"1845\" data-end=\"2008\">\n<li data-start=\"1845\" data-end=\"1899\">\n<p data-start=\"1847\" data-end=\"1899\"><strong data-start=\"1847\" data-end=\"1867\">C.A. EVA Manises<\/strong>, campe\u00f3n de <strong data-start=\"1880\" data-end=\"1897\">1\u00aa Auton\u00f3mica<\/strong><\/p>\n<\/li>\n<li data-start=\"1900\" data-end=\"1950\">\n<p data-start=\"1902\" data-end=\"1950\"><strong data-start=\"1902\" data-end=\"1918\">C.D. Basilio<\/strong>, campe\u00f3n de <strong data-start=\"1931\" data-end=\"1948\">2\u00aa Auton\u00f3mica<\/strong><\/p>\n<\/li>\n<li data-start=\"1951\" data-end=\"2008\">\n<p data-start=\"1953\" data-end=\"2008\"><strong data-start=\"1953\" data-end=\"1974\">C.E. Ribera Baixa<\/strong>, campe\u00f3n de la <strong data-start=\"1990\" data-end=\"2008\">categor\u00eda Open<\/strong><\/p>\n<\/li>\n<\/ul>\n<p>Clasificaciones: <a href=\"https:\/\/s2.chess-results.com\/tnr1312596.aspx?lan=2&amp;art=0&amp;turdet=YES&amp;flag=30&amp;SNode=S0\" rel=\"nofollow noopener\" target=\"_blank\">Divisi\u00f3n de Honor<\/a> |<a href=\"https:\/\/s2.chess-results.com\/tnr1312594.aspx?lan=2&amp;art=0&amp;turdet=YES&amp;flag=30&amp;SNode=S0\" rel=\"nofollow noopener\" target=\"_blank\"> 1\u00ba Auton\u00f3mica<\/a> | <a href=\"https:\/\/s3.chess-results.com\/tnr1312595.aspx?lan=2&amp;art=0&amp;turdet=YES&amp;flag=30&amp;SNode=S0\" rel=\"nofollow noopener\" target=\"_blank\">2\u00ba Auton\u00f3mica<\/a> | <a href=\"https:\/\/s1.chess-results.com\/tnr1312646.aspx?lan=2&amp;art=0&amp;turdet=YES&amp;flag=30&amp;SNode=S0\" rel=\"nofollow noopener\" target=\"_blank\">Open<\/a><\/p>\n<p><a href=\"https:\/\/photos.app.goo.gl\/HYXT2wJzQ6c7hDyY9\" rel=\"nofollow noopener\" target=\"_blank\">\u00c1lbum de Fotos de los campeonatos<\/a><\/p>\n<p data-start=\"2010\" data-end=\"2210\">En la siguiente tabla informamos de los ascensos y descensos de las diferentes categor\u00edas:<\/p>\n<p data-start=\"2010\" data-end=\"2210\"><a href=\"https:\/\/www.europesays.com\/es\/wp-content\/uploads\/2025\/12\/2025-blitz-aut-ascensos-descensos.jpg\"><img fetchpriority=\"high\" decoding=\"async\" class=\"aligncenter size-full wp-image-51288\" src=\"https:\/\/www.europesays.com\/es\/wp-content\/uploads\/2025\/12\/2025-blitz-aut-ascensos-descensos.jpg\" alt=\"\" width=\"1131\" height=\"439\"  \/><\/a><\/p>\n<p data-start=\"2212\" data-end=\"2565\">Desde la organizaci\u00f3n se desea agradecer de forma especial al <strong data-start=\"2274\" data-end=\"2310\">club anfitri\u00f3n, C.E. Els Voltors<\/strong>, por su excelente trabajo y colaboraci\u00f3n, as\u00ed como al equipo arbitral, voluntarios y a todos los clubes participantes, cuya implicaci\u00f3n hizo posible el \u00e9xito organizativo y deportivo de estos Campeonatos Auton\u00f3micos por Equipos de Ajedrez Rel\u00e1mpago 2025.<\/p>\n<p><a href=\"https:\/\/www.europesays.com\/es\/wp-content\/uploads\/2025\/12\/campeon-dh-Silla.jpeg\"><img loading=\"lazy\" decoding=\"async\" class=\"size-full wp-image-51290\" src=\"https:\/\/www.europesays.com\/es\/wp-content\/uploads\/2025\/12\/campeon-dh-Silla.jpeg\" alt=\"\" width=\"1430\" height=\"953\"  \/><\/a>Campeon de Divisi\u00f3n de Honor \u2013 Club Ajedrez Silla Integrant Col\u00b7lectius<br \/>\n<a href=\"https:\/\/www.europesays.com\/es\/wp-content\/uploads\/2025\/12\/subcampeon-dh-Andreu-Paterna.jpeg\"><img loading=\"lazy\" decoding=\"async\" class=\"size-full wp-image-51291\" src=\"https:\/\/www.europesays.com\/es\/wp-content\/uploads\/2025\/12\/subcampeon-dh-Andreu-Paterna.jpeg\" alt=\"\" width=\"1430\" height=\"953\"  \/><\/a>Subcampe\u00f3n de Divisi\u00f3n de Honor \u2013 Andreu Paterna<br \/>\n<a href=\"https:\/\/www.europesays.com\/es\/wp-content\/uploads\/2025\/12\/tercero-dh-camp-morvedre.jpeg\"><img loading=\"lazy\" decoding=\"async\" class=\"wp-image-51292 size-full\" src=\"https:\/\/www.europesays.com\/es\/wp-content\/uploads\/2025\/12\/tercero-dh-camp-morvedre.jpeg\" alt=\"\" width=\"1430\" height=\"953\"  \/><\/a>Tercero de Divisi\u00f3n de Honor \u2013 Camp de Morvedre<br \/>\n<a href=\"https:\/\/www.europesays.com\/es\/wp-content\/uploads\/2025\/12\/campeon-1ra-autonomica-EVA-manises.jpeg\"><img loading=\"lazy\" decoding=\"async\" class=\"size-full wp-image-51293\" src=\"https:\/\/www.europesays.com\/es\/wp-content\/uploads\/2025\/12\/campeon-1ra-autonomica-EVA-manises.jpeg\" alt=\"\" width=\"1430\" height=\"953\"  \/><\/a>Campe\u00f3n 1\u00ba Auton\u00f3mica \u2013 EVA Manises<br \/>\n<a href=\"https:\/\/www.europesays.com\/es\/wp-content\/uploads\/2025\/12\/campeon-2da-autonomica-Basilio.jpeg\"><img loading=\"lazy\" decoding=\"async\" class=\"size-full wp-image-51294\" src=\"https:\/\/www.europesays.com\/es\/wp-content\/uploads\/2025\/12\/campeon-2da-autonomica-Basilio.jpeg\" alt=\"\" width=\"1430\" height=\"953\"  \/><\/a>Campe\u00f3n 2\u00ba Auton\u00f3mica \u2013 C.D. Basilio<br \/>\n<a href=\"https:\/\/www.europesays.com\/es\/wp-content\/uploads\/2025\/12\/Campeon-Open-Ribera-Baixa.jpeg\"><img loading=\"lazy\" decoding=\"async\" class=\"size-full wp-image-51295\" src=\"https:\/\/www.europesays.com\/es\/wp-content\/uploads\/2025\/12\/Campeon-Open-Ribera-Baixa.jpeg\" alt=\"\" width=\"1430\" height=\"953\"  \/><\/a>Campe\u00f3n Open \u2013 Ribera Baixa<br \/>\n<a href=\"https:\/\/www.europesays.com\/es\/wp-content\/uploads\/2025\/12\/2025-salon-santa-creu.jpg\"><img loading=\"lazy\" decoding=\"async\" class=\"size-full wp-image-51289\" src=\"https:\/\/www.europesays.com\/es\/wp-content\/uploads\/2025\/12\/2025-salon-santa-creu.jpg\" alt=\"\" width=\"1500\" height=\"999\"  \/><\/a>\u00c1rea de juego del Sal\u00f3n Santa Creu de Canalls<\/p>\n<p>\u00a0<\/p>\n<p>\u00a0<\/p>\n","protected":false},"excerpt":{"rendered":"Ayer s\u00e1bado 13 de diciembre, la localidad de Canals acogi\u00f3 los Campeonatos Auton\u00f3micos por Equipos de Ajedrez Rel\u00e1mpago,&hellip;\n","protected":false},"author":2,"featured_media":287997,"comment_status":"","ping_status":"","sticky":false,"template":"","format":"standard","meta":{"footnotes":""},"categories":[5],"tags":[17,18,25,24,13,14,11,19,20,9,10,15,16,23,12,21,22],"class_list":{"0":"post-287996","1":"post","2":"type-post","3":"status-publish","4":"format-standard","5":"has-post-thumbnail","7":"category-titulares","8":"tag-breaking-news","9":"tag-breakingnews","10":"tag-es","11":"tag-espana","12":"tag-featured-news","13":"tag-featurednews","14":"tag-headlines","15":"tag-latest-news","16":"tag-latestnews","17":"tag-news","18":"tag-noticias","19":"tag-noticias-destacadas","20":"tag-noticiasdestacadas","21":"tag-spain","22":"tag-titulares","23":"tag-ultimas-noticias","24":"tag-ultimasnoticias"},"share_on_mastodon":{"url":"https:\/\/pubeurope.com\/@es\/115718643143104060","error":""},"_links":{"self":[{"href":"https:\/\/www.europesays.com\/es\/wp-json\/wp\/v2\/posts\/287996","targetHints":{"allow":["GET"]}}],"collection":[{"href":"https:\/\/www.europesays.com\/es\/wp-json\/wp\/v2\/posts"}],"about":[{"href":"https:\/\/www.europesays.com\/es\/wp-json\/wp\/v2\/types\/post"}],"author":[{"embeddable":true,"href":"https:\/\/www.europesays.com\/es\/wp-json\/wp\/v2\/users\/2"}],"replies":[{"embeddable":true,"href":"https:\/\/www.europesays.com\/es\/wp-json\/wp\/v2\/comments?post=287996"}],"version-history":[{"count":0,"href":"https:\/\/www.europesays.com\/es\/wp-json\/wp\/v2\/posts\/287996\/revisions"}],"wp:featuredmedia":[{"embeddable":true,"href":"https:\/\/www.europesays.com\/es\/wp-json\/wp\/v2\/media\/287997"}],"wp:attachment":[{"href":"https:\/\/www.europesays.com\/es\/wp-json\/wp\/v2\/media?parent=287996"}],"wp:term":[{"taxonomy":"category","embeddable":true,"href":"https:\/\/www.europesays.com\/es\/wp-json\/wp\/v2\/categories?post=287996"},{"taxonomy":"post_tag","embeddable":true,"href":"https:\/\/www.europesays.com\/es\/wp-json\/wp\/v2\/tags?post=287996"}],"curies":[{"name":"wp","href":"https:\/\/api.w.org\/{rel}","templated":true}]}}