{"id":288070,"date":"2025-12-14T16:28:22","date_gmt":"2025-12-14T16:28:22","guid":{"rendered":"https:\/\/www.europesays.com\/es\/288070\/"},"modified":"2025-12-14T16:28:22","modified_gmt":"2025-12-14T16:28:22","slug":"dries-van-noten-estrena-fundacion-en-venecia-y-nos-lo-cuenta-en-exclusiva-nuestro-objetivo-no-es-salvar-la-artesania-por-nuestra-cuenta-sino-contribuir-a-cambiar-una-mentalidad","status":"publish","type":"post","link":"https:\/\/www.europesays.com\/es\/288070\/","title":{"rendered":"Dries Van Noten estrena fundaci\u00f3n en Venecia y nos lo cuenta en exclusiva: \u201cNuestro objetivo no es salvar la artesan\u00eda por nuestra cuenta, sino contribuir a cambiar una mentalidad\u201d"},"content":{"rendered":"<p><img decoding=\"async\" alt=\"techo trabajado con artesan\u00eda y pintura y una lmpara colgante de cristal\" loading=\"lazy\" class=\"ResponsiveImageContainer-eNxvmU cfBbTk responsive-image__image\"   src=\"https:\/\/www.europesays.com\/es\/wp-content\/uploads\/2025\/12\/Fundacio%CC%81n%20Dries%20Van%20Noten%202.jpeg\"\/><\/p>\n<p>Detalles del techo en el Palazzo Pisani Moretta.<\/p>\n<p>Foto de Camilla Glorioso. Cortes\u00eda de Fondazione Dries Van Noten.<\/p>\n<p><strong>AD: \u00bfQueda fuera entonces la creatividad no humana?<\/strong><\/p>\n<p><strong>DVN<\/strong>: La creatividad es humana, la tecnolog\u00eda puede hacer much\u00edsimo, pero no puede \u2014ni podr\u00e1 nunca\u2014 sustituir el alma, la pasi\u00f3n y la intuici\u00f3n que una persona aporta. <strong>La IA funciona con lo que se le introduce y se le pide; es un archivo inmenso, no un ser sensible<\/strong>. Puede ser una herramienta interesante, incluso po\u00e9tica, si se utiliza con inteligencia, pero no puede sustituirnos. Creo en un futuro de artesan\u00eda h\u00edbrida, donde las manos convivan con la tecnolog\u00eda contempor\u00e1nea. No pienso que debamos volver al <a href=\"https:\/\/www.revistaad.es\/tags\/siglo-xix\" isautogenerated=\"true\" rel=\"nofollow noopener\" target=\"_blank\">siglo XIX<\/a>, hay que encontrar un equilibrio.<\/p>\n<p><strong>AD: \u00bfC\u00f3mo dialogar\u00e1 la instituci\u00f3n con la tradici\u00f3n y el presente de Venecia?<\/strong><\/p>\n<p><strong>DVN<\/strong>: Venecia era la elecci\u00f3n natural. Durante siglos fue un centro de manufactura, un nodo de intercambio, una ciudad abierta al mundo. El Palazzo Pisani Moretta es un templo del saber hacer: sus estucos, frescos y detalles respiran maestr\u00eda. Empezar desde aqu\u00ed es coherente, es una ciudad que hist\u00f3ricamente acoge experimentaci\u00f3n, di\u00e1logo, mestizajes.<\/p>\n<p><img decoding=\"async\" alt=\"escalera antigua de piedra\" loading=\"lazy\" class=\"ResponsiveImageContainer-eNxvmU cfBbTk responsive-image__image\"   src=\"https:\/\/www.europesays.com\/es\/wp-content\/uploads\/2025\/12\/Fundacio%CC%81n%20Dries%20Van%20Noten%207.jpeg\"\/><\/p>\n<p>El edificio se construy\u00f3 en la segunda mitad del siglo\u00a0XV por encargo de la familia Bembo.<\/p>\n<p>Foto de Camilla Glorioso. Cortes\u00eda de Fondazione Dries Van Noten.<\/p>\n<p><strong>AD: \u00bfPor qu\u00e9 escogiste, precisamente, el Palazzo Pisani Moretta?<\/strong><\/p>\n<p><strong>DVN<\/strong>: De nuevo, por casualidad. Conocimos a Maurizio Sammartini, el anterior propietario, cuya familia habit\u00f3 el palacio durante cuatro siglos. Su amor por el edificio y su dedicaci\u00f3n al restaurarlo nos conquistaron. Despu\u00e9s, al visitarlo, comprendimos que ten\u00eda pleno sentido. <strong>Es complejo, grande, profusamente decorado, pero su belleza es tan equilibrada que resulta ligera<\/strong>. El di\u00e1logo entre su historia y lo que haremos dentro ser\u00e1 extraordinario. <strong>Y luego est\u00e1 la luz. Aqu\u00ed es sencillamente incre\u00edble. Rebota en el agua, cambia a cada hora, transforma las estancias\u2026<\/strong> Llevamos meses aqu\u00ed y sigo descubriendo detalles nuevos cada d\u00eda. Estoy deseando ver c\u00f3mo ser\u00e1 la atm\u00f3sfera en los d\u00edas grises y de niebla. Ser\u00e1 m\u00e1gica.<\/p>\n<p><strong>AD: La fundaci\u00f3n re\u00fane arte, dise\u00f1o, moda, arquitectura y hasta gastronom\u00eda. \u00bfPor qu\u00e9?<\/strong><\/p>\n<p><strong>DVN<\/strong>: Porque as\u00ed es como siempre he trabajado. Un desfile nunca es solo moda: es luz, escenograf\u00eda, m\u00fasica, perfume. La inspiraci\u00f3n de mis colecciones siempre ha nacido de la fusi\u00f3n de arte, viajes, im\u00e1genes, materiales y encuentros. El \u2018hacer\u2019 es inmenso: no es solo <a href=\"https:\/\/www.revistaad.es\/tags\/ceramica\" isautogenerated=\"true\" rel=\"nofollow noopener\" target=\"_blank\">cer\u00e1mica<\/a>, vidrio o trabajo de la materia. Es quien usa la voz, quien <a href=\"https:\/\/www.revistaad.es\/tags\/cocina\" isautogenerated=\"true\" rel=\"nofollow noopener\" target=\"_blank\">cocina<\/a>, quien hace vino. Por eso me parece tan interesante presentar mundos tan diversos.<\/p>\n","protected":false},"excerpt":{"rendered":"Detalles del techo en el Palazzo Pisani Moretta. Foto de Camilla Glorioso. Cortes\u00eda de Fondazione Dries Van Noten.&hellip;\n","protected":false},"author":2,"featured_media":288071,"comment_status":"","ping_status":"","sticky":false,"template":"","format":"standard","meta":{"footnotes":""},"categories":[173],"tags":[229,233,231,230,232,234,146,147,25,24,23],"class_list":{"0":"post-288070","1":"post","2":"type-post","3":"status-publish","4":"format-standard","5":"has-post-thumbnail","7":"category-arte-y-diseno","8":"tag-arte","9":"tag-arte-y-diseno","10":"tag-arts","11":"tag-arts-and-design","12":"tag-design","13":"tag-diseno","14":"tag-entertainment","15":"tag-entretenimiento","16":"tag-es","17":"tag-espana","18":"tag-spain"},"share_on_mastodon":{"url":"https:\/\/pubeurope.com\/@es\/115718868480008250","error":""},"_links":{"self":[{"href":"https:\/\/www.europesays.com\/es\/wp-json\/wp\/v2\/posts\/288070","targetHints":{"allow":["GET"]}}],"collection":[{"href":"https:\/\/www.europesays.com\/es\/wp-json\/wp\/v2\/posts"}],"about":[{"href":"https:\/\/www.europesays.com\/es\/wp-json\/wp\/v2\/types\/post"}],"author":[{"embeddable":true,"href":"https:\/\/www.europesays.com\/es\/wp-json\/wp\/v2\/users\/2"}],"replies":[{"embeddable":true,"href":"https:\/\/www.europesays.com\/es\/wp-json\/wp\/v2\/comments?post=288070"}],"version-history":[{"count":0,"href":"https:\/\/www.europesays.com\/es\/wp-json\/wp\/v2\/posts\/288070\/revisions"}],"wp:featuredmedia":[{"embeddable":true,"href":"https:\/\/www.europesays.com\/es\/wp-json\/wp\/v2\/media\/288071"}],"wp:attachment":[{"href":"https:\/\/www.europesays.com\/es\/wp-json\/wp\/v2\/media?parent=288070"}],"wp:term":[{"taxonomy":"category","embeddable":true,"href":"https:\/\/www.europesays.com\/es\/wp-json\/wp\/v2\/categories?post=288070"},{"taxonomy":"post_tag","embeddable":true,"href":"https:\/\/www.europesays.com\/es\/wp-json\/wp\/v2\/tags?post=288070"}],"curies":[{"name":"wp","href":"https:\/\/api.w.org\/{rel}","templated":true}]}}