{"id":288078,"date":"2025-12-14T16:33:23","date_gmt":"2025-12-14T16:33:23","guid":{"rendered":"https:\/\/www.europesays.com\/es\/288078\/"},"modified":"2025-12-14T16:33:23","modified_gmt":"2025-12-14T16:33:23","slug":"pedro-de-la-rosa-revela-las-diferencias-entre-fernando-alonso-y-lance-stroll-en-aston-martin-lo-llevara-uno","status":"publish","type":"post","link":"https:\/\/www.europesays.com\/es\/288078\/","title":{"rendered":"Pedro de la Rosa revela las diferencias entre Fernando Alonso y Lance Stroll en Aston Martin: \u201cLo llevar\u00e1 uno\u201d"},"content":{"rendered":"<p data-journey-content=\"true\" data-node-id=\"3\" class=\"css-6wxqfj emevuu60\">Aston Martin ha preparado la pr\u00f3xima temporada al mil\u00edmetro. Los cambios de reglamento ofrecen una gran oportunidad para dar un salto de calidad. <strong data-node-id=\"3.1\">Fernando Alonso<\/strong> sabe que est\u00e1 ante la que podr\u00eda ser su \u00faltima opci\u00f3n de luchar por victorias. Sin embargo, cumplir con las expectativas no ser\u00e1 una tarea sencilla, ya que la competencia no est\u00e1 de brazos cruzados.<\/p>\n<p data-journey-content=\"true\" data-node-id=\"6\" class=\"css-6wxqfj emevuu60\">Un detalle m\u00ednimo puede suponer una diferencia abismal en la F\u00f3rmula 1. Todo cuenta en un a\u00f1o con m\u00faltiples novedades. En ese sentido, Lance Stroll ha recibido algunas cr\u00edticas, especialmente una de Ralf Schumacher, que considera que \u2018ya no es aceptable\u2019 que le mantengan con un asiento titular en el equipo. En 2025, el asturiano le ha superado notablemente en puntos, pero la diferencia abismal est\u00e1 en la clasificaci\u00f3n, con un resultado final de 24-0 a favor del bicampe\u00f3n del mundo.<\/p>\n<p>De la Rosa explica la situaci\u00f3n<\/p>\n<p data-journey-content=\"true\" data-node-id=\"9\" class=\"css-6wxqfj emevuu60\">Las comparaciones siempre est\u00e1n presentes en la m\u00e1xima competici\u00f3n. Adem\u00e1s, entre compa\u00f1eros de equipo los datos aportan mucho m\u00e1s valor al conducir el mismo monoplaza. Sin embargo, puede haber algunas diferencias m\u00ednimas en los ajustes del coche. En unas declaraciones para \u2018El Larguero\u2019, el expiloto recalca que tratan de cuidar a los dos por igual: \u201cLas diferencias entre coches son m\u00ednimas. En nuestro equipo siempre hay mucha igualdad\u201d.<\/p>\n<p data-journey-content=\"true\" data-node-id=\"13\" class=\"css-6wxqfj emevuu60\">Fernando Alonso ha demostrado que puede rendir frente a los mejores pese a sus 44 a\u00f1os. En t\u00e9rminos de resultados y sensaciones ha estado muy por encima de su compa\u00f1ero en 2025. De la Rosa reconoce que aunque busquen las mismas condiciones, siempre hay alguna ocasi\u00f3n donde solo uno puede salir beneficiado: \u201cSi hay un aler\u00f3n nuevo que solo hay una unidad, <strong data-node-id=\"13.1\">lo llevar\u00e1 un piloto<\/strong>\u201d.<\/p>\n<p data-journey-content=\"true\" data-node-id=\"15\" class=\"css-6wxqfj emevuu60\">El asturiano viene de pasar un a\u00f1o muy complicado a nivel mental. El AMR25 no cumpli\u00f3 con las expectativas y el coche no tuvo ninguna opci\u00f3n en algunos fines de semana. El comentarista de \u2018DAZN\u2019 se\u00f1ala que quieren compensarlo todo con la pr\u00f3xima temporada: \u201cHemos terminado con un buen resultado final y eso deja buen sabor de boca, pero esper\u00e1bamos m\u00e1s. Tenemos ganas de que empiece el 2026 y quitarnos la espina de este a\u00f1o\u201d.<\/p>\n<blockquote data-theme-key=\"pullquote\" class=\"css-1eiql25 e1pe3zr91\">\n<blockquote class=\"css-fetnbk e1pe3zr90\"><p>Las falsas esperanzas est\u00e1n en la ecuaci\u00f3n<\/p><\/blockquote>\n<\/blockquote>\n<p data-journey-content=\"true\" data-node-id=\"18\" class=\"css-6wxqfj emevuu60\">El marketing es un aspecto clave en la F\u00f3rmula 1. La capacidad para jugar con las expectativas puede confundir a los rivales, pero tambi\u00e9n es de gran ayuda con los acuerdos de patrocinadores y similares. De la Rosa indica que esta tendencia es muy habitual en a\u00f1os as\u00ed: \u201cTu hablas con cualquier equipo hoy y <strong data-node-id=\"18.1\">todos son campeones<\/strong>. La ilusi\u00f3n a tope, eso s\u00ed\u201d.<\/p>\n<p><img draggable=\"true\" alt=\"f1 grand prix of abu dhabi\" title=\"F1 Grand Prix of Abu Dhabi\" loading=\"lazy\" width=\"7749\" height=\"5166\" decoding=\"async\" data-nimg=\"1\" style=\"color:transparent;width:100%;height:auto;\"   src=\"https:\/\/www.europesays.com\/es\/wp-content\/uploads\/2025\/12\/fernando-alonso-of-the-aston-martin-aramco-f1-team-news-photo-1765709298.pjpeg\" class=\"css-0 e1g79fud0\"\/><a target=\"_blank\" rel=\"noopener nofollow\" data-theme-key=\"base-link\" href=\"https:\/\/pinterest.com\/pin\/create\/button\/?url=https:\/\/www.caranddriver.com\/es\/formula-1\/a69719726\/pedro-de-la-rosa-revela-diferencias-fernando-alonso-lance-stroll-aston-martin\/&amp;description=&amp;media=https:\/\/hips.hearstapps.com\/hmg-prod\/images\/fernando-alonso-of-the-aston-martin-aramco-f1-team-news-photo-1765709298.pjpeg?resize=1600:*\" class=\"pinterest css-on9hn5 e1c1bym14\"><img decoding=\"async\" data-dynamic-svg=\"true\" src=\"https:\/\/www.caranddriver.com\/_assets\/design-tokens\/fre\/static\/icons\/social\/pinterest.e8cf655.svg?primary=%2523ffffff\" loading=\"lazy\" data-testid=\"dynamic-svg-base\" height=\"auto\" width=\"auto\" alt=\"pinterest\" class=\"css-4lml0h e1mlxuuw1\"\/><\/a><\/p>\n<p>NurPhoto\/\/Getty Images<\/p>\n<p data-journey-content=\"true\" data-node-id=\"21\" class=\"css-6wxqfj emevuu60\">Aston Martin no est\u00e1 escatimando esfuerzos para aumentar al m\u00e1ximo sus posibilidades. La presencia de Adrian Newey es una de las piedras angulares del proyecto, pero el ingeniero no est\u00e1 solo, ya que hay otras piezas fundamentales como el motor Honda, el fabricante japon\u00e9s revel\u00f3 <a href=\"https:\/\/www.caranddriver.com\/es\/formula-1\/a69709202\/nuevo-coche-fernando-alonso-ruge-honda-revela-sonido-motor-aston-martin-f1-2026\/\" target=\"_blank\" data-vars-ga-outbound-link=\"https:\/\/www.caranddriver.com\/es\/formula-1\/a69709202\/nuevo-coche-fernando-alonso-ruge-honda-revela-sonido-motor-aston-martin-f1-2026\/\" data-vars-ga-ux-element=\"Hyperlink\" data-vars-ga-call-to-action=\"su sonido\" data-node-id=\"21.1\" class=\"body-link css-168zq96 emevuu60\" rel=\"nofollow noopener\">su sonido<\/a> hace unos d\u00edas. El expiloto insiste en que 2026 no es a\u00f1o cualquiera: \u201cEs una oportunidad. Un cambio en el reglamento tan bestia como este se produce muy pocas veces\u201d.<\/p>\n<p>El tiempo va en contra de Fernando Alonso<\/p>\n<p data-journey-content=\"true\" data-node-id=\"24\" class=\"css-6wxqfj emevuu60\">Todas las historias tienen un final. Pese a que el asturiano a\u00fan muestra una ambici\u00f3n inexplicable en este punto de su carrera, pensar en el retiro es inevitable. En ese sentido, Pedro de la Rosa piensa que el piloto ir\u00e1 analizando cada Gran Premio antes de tomar una decisi\u00f3n: \u201cYo he aprendido con Fernando a disfrutar de su calidad y de trabajar con \u00e9l carrera a carrera\u201d.<\/p>\n<p><img draggable=\"true\" alt=\"f1 grand prix of abu dhabi 2025\" title=\"F1 Grand Prix Of Abu Dhabi 2025\" loading=\"lazy\" width=\"4800\" height=\"3200\" decoding=\"async\" data-nimg=\"1\" style=\"color:transparent;width:100%;height:auto;\"   src=\"https:\/\/www.europesays.com\/es\/wp-content\/uploads\/2025\/12\/fernando-alonso-of-spain-driving-the-f1-race-car-no-14-the-news-photo-1765709353.pjpeg\" class=\"css-0 e1g79fud0\"\/><a target=\"_blank\" rel=\"noopener nofollow\" data-theme-key=\"base-link\" href=\"https:\/\/pinterest.com\/pin\/create\/button\/?url=https:\/\/www.caranddriver.com\/es\/formula-1\/a69719726\/pedro-de-la-rosa-revela-diferencias-fernando-alonso-lance-stroll-aston-martin\/&amp;description=&amp;media=https:\/\/hips.hearstapps.com\/hmg-prod\/images\/fernando-alonso-of-spain-driving-the-f1-race-car-no-14-the-news-photo-1765709353.pjpeg?resize=1600:*\" class=\"pinterest css-on9hn5 e1c1bym14\"><img decoding=\"async\" data-dynamic-svg=\"true\" src=\"https:\/\/www.caranddriver.com\/_assets\/design-tokens\/fre\/static\/icons\/social\/pinterest.e8cf655.svg?primary=%2523ffffff\" loading=\"lazy\" data-testid=\"dynamic-svg-base\" height=\"auto\" width=\"auto\" alt=\"pinterest\" class=\"css-4lml0h e1mlxuuw1\"\/><\/a><\/p>\n<p>NurPhoto\/\/Getty Images<\/p>\n<p data-journey-content=\"true\" data-node-id=\"27\" class=\"css-6wxqfj emevuu60\">La ambici\u00f3n puede cambiarlo todo para un deportista, algo que el embajador de la escuder\u00eda explica: \u201cNo lo s\u00e9&#8230; y creo que \u00e9l tampoco, es algo muy personal y cuando se encuentre vac\u00edo de energ\u00eda, levantar\u00e1 la mano. Pero mientras tanto eso no ocurre y te aseguro que <strong data-node-id=\"27.1\">a\u00fan no lo he visto cansado<\/strong>\u201d.<\/p>\n<blockquote data-theme-key=\"pullquote\" class=\"css-1eiql25 e1pe3zr91\">\n<blockquote class=\"css-fetnbk e1pe3zr90\"><p>Aston Martin tiene que cumplir<\/p><\/blockquote>\n<\/blockquote>\n<p data-journey-content=\"true\" data-node-id=\"30\" class=\"css-6wxqfj emevuu60\">Los de Silverstone han puesto toda la carne en asador para la pr\u00f3xima temporada. De la Rosa se\u00f1ala que el equipo tiene que cumplir con las expectativas si quiere mantener a Fernando Alonso activo: \u201cEl cuerpo humano tiene un l\u00edmite, pero en Fernando yo a\u00fan no lo he visto. Sin embargo, es verdad que tenemos que darle un coche mejor y ese es el objetivo, porque la edad es la que es y no perdona\u201d.<\/p>\n<p><img src=\"https:\/\/www.europesays.com\/es\/wp-content\/uploads\/2025\/12\/1765730003_300_d3baca1e-d34f-44ac-842c-f2c50fb6b579_1737539442.file\" alt=\"Headshot of Alejandro Fern\u00e1ndez Montealegre\" title=\"Headshot of Alejandro Fern\u00e1ndez Montealegre\" width=\"100%\" height=\"100%\" decoding=\"async\" loading=\"lazy\" class=\"css-o0wq4v ev8dhu53\"\/><\/p>\n<p>Amante del mundo del motor en todas sus versiones, desde salir tranquilamente de ruta hasta escuchar a Lobato dej\u00e1ndose las cuerdas vocales en una vuelta importante de F1. Que mi abuelo fuera mec\u00e1nico seguramente influyera en que me llamara la atenci\u00f3n todo este mundo. \u00a0<\/p>\n","protected":false},"excerpt":{"rendered":"Aston Martin ha preparado la pr\u00f3xima temporada al mil\u00edmetro. Los cambios de reglamento ofrecen una gran oportunidad para&hellip;\n","protected":false},"author":2,"featured_media":288079,"comment_status":"","ping_status":"","sticky":false,"template":"","format":"standard","meta":{"footnotes":""},"categories":[93],"tags":[168,253,25,24,23,167],"class_list":{"0":"post-288078","1":"post","2":"type-post","3":"status-publish","4":"format-standard","5":"has-post-thumbnail","7":"category-deportes","8":"tag-deportes","9":"tag-discover","10":"tag-es","11":"tag-espana","12":"tag-spain","13":"tag-sports"},"share_on_mastodon":{"url":"https:\/\/pubeurope.com\/@es\/115718888486125288","error":""},"_links":{"self":[{"href":"https:\/\/www.europesays.com\/es\/wp-json\/wp\/v2\/posts\/288078","targetHints":{"allow":["GET"]}}],"collection":[{"href":"https:\/\/www.europesays.com\/es\/wp-json\/wp\/v2\/posts"}],"about":[{"href":"https:\/\/www.europesays.com\/es\/wp-json\/wp\/v2\/types\/post"}],"author":[{"embeddable":true,"href":"https:\/\/www.europesays.com\/es\/wp-json\/wp\/v2\/users\/2"}],"replies":[{"embeddable":true,"href":"https:\/\/www.europesays.com\/es\/wp-json\/wp\/v2\/comments?post=288078"}],"version-history":[{"count":0,"href":"https:\/\/www.europesays.com\/es\/wp-json\/wp\/v2\/posts\/288078\/revisions"}],"wp:featuredmedia":[{"embeddable":true,"href":"https:\/\/www.europesays.com\/es\/wp-json\/wp\/v2\/media\/288079"}],"wp:attachment":[{"href":"https:\/\/www.europesays.com\/es\/wp-json\/wp\/v2\/media?parent=288078"}],"wp:term":[{"taxonomy":"category","embeddable":true,"href":"https:\/\/www.europesays.com\/es\/wp-json\/wp\/v2\/categories?post=288078"},{"taxonomy":"post_tag","embeddable":true,"href":"https:\/\/www.europesays.com\/es\/wp-json\/wp\/v2\/tags?post=288078"}],"curies":[{"name":"wp","href":"https:\/\/api.w.org\/{rel}","templated":true}]}}