{"id":288117,"date":"2025-12-14T17:00:16","date_gmt":"2025-12-14T17:00:16","guid":{"rendered":"https:\/\/www.europesays.com\/es\/288117\/"},"modified":"2025-12-14T17:00:16","modified_gmt":"2025-12-14T17:00:16","slug":"los-de-dbh4-de-almen-visitan-empresas-en-el-dia-de-la-industria","status":"publish","type":"post","link":"https:\/\/www.europesays.com\/es\/288117\/","title":{"rendered":"Los de DBH4 de Almen visitan empresas en el D\u00eda de la Industria"},"content":{"rendered":"<p>\t\t\t<img width=\"1024\" height=\"768\" src=\"https:\/\/www.europesays.com\/es\/wp-content\/uploads\/2025\/12\/IMG_9850-1024x768.jpg\" class=\"attachment-large size-large wp-post-image\" alt=\"\" itemprop=\"image\" decoding=\"async\" fetchpriority=\"high\"  \/>\t\t<\/p>\n<p>Esta semana, nuestros estudiantes han podido visitar varias empresas, entre ellas Ulma Packaging, Ulma Handling y Kiro Grifols. Antes de esto, tuvieron la oportunidad de ver una emisi\u00f3n de media hora mediante videollamada en el aula para conocer la situaci\u00f3n, los logros y los \u00e1mbitos de trabajo de las empresas de Gipuzkoa. El objetivo de todo esto es que los estudiantes tengan muy en cuenta este \u00e1mbito a la hora de elegir sus itinerarios de futuro. Es decir, abrir el camino para que puedan verse a s\u00ed mismos en la red de empresas que tenemos a nuestro alrededor.<\/p>\n<p><a data-flickr-embed=\"true\" href=\"https:\/\/www.flickr.com\/photos\/arizmendiikastola\/albums\/72177720330930629\/\" title=\"2526 Almen DBH4 Industriaren eguna by Arizmendi ikastola, on Flickr\" target=\"_blank\" rel=\"noopener nofollow\"><img loading=\"lazy\" decoding=\"async\" src=\"https:\/\/www.europesays.com\/es\/wp-content\/uploads\/2025\/12\/54983874139_03a4de6b07.jpg\" width=\"800\" height=\"600\" alt=\"1765467906193\"\/><\/a><\/p>\n","protected":false},"excerpt":{"rendered":"Esta semana, nuestros estudiantes han podido visitar varias empresas, entre ellas Ulma Packaging, Ulma Handling y Kiro Grifols.&hellip;\n","protected":false},"author":2,"featured_media":288118,"comment_status":"","ping_status":"","sticky":false,"template":"","format":"standard","meta":{"footnotes":""},"categories":[80],"tags":[82,95,94,25,24,23],"class_list":{"0":"post-288117","1":"post","2":"type-post","3":"status-publish","4":"format-standard","5":"has-post-thumbnail","7":"category-economia","8":"tag-business","9":"tag-economia","10":"tag-economy","11":"tag-es","12":"tag-espana","13":"tag-spain"},"share_on_mastodon":{"url":"https:\/\/pubeurope.com\/@es\/115718994713258070","error":""},"_links":{"self":[{"href":"https:\/\/www.europesays.com\/es\/wp-json\/wp\/v2\/posts\/288117","targetHints":{"allow":["GET"]}}],"collection":[{"href":"https:\/\/www.europesays.com\/es\/wp-json\/wp\/v2\/posts"}],"about":[{"href":"https:\/\/www.europesays.com\/es\/wp-json\/wp\/v2\/types\/post"}],"author":[{"embeddable":true,"href":"https:\/\/www.europesays.com\/es\/wp-json\/wp\/v2\/users\/2"}],"replies":[{"embeddable":true,"href":"https:\/\/www.europesays.com\/es\/wp-json\/wp\/v2\/comments?post=288117"}],"version-history":[{"count":0,"href":"https:\/\/www.europesays.com\/es\/wp-json\/wp\/v2\/posts\/288117\/revisions"}],"wp:featuredmedia":[{"embeddable":true,"href":"https:\/\/www.europesays.com\/es\/wp-json\/wp\/v2\/media\/288118"}],"wp:attachment":[{"href":"https:\/\/www.europesays.com\/es\/wp-json\/wp\/v2\/media?parent=288117"}],"wp:term":[{"taxonomy":"category","embeddable":true,"href":"https:\/\/www.europesays.com\/es\/wp-json\/wp\/v2\/categories?post=288117"},{"taxonomy":"post_tag","embeddable":true,"href":"https:\/\/www.europesays.com\/es\/wp-json\/wp\/v2\/tags?post=288117"}],"curies":[{"name":"wp","href":"https:\/\/api.w.org\/{rel}","templated":true}]}}