{"id":288135,"date":"2025-12-14T17:14:14","date_gmt":"2025-12-14T17:14:14","guid":{"rendered":"https:\/\/www.europesays.com\/es\/288135\/"},"modified":"2025-12-14T17:14:14","modified_gmt":"2025-12-14T17:14:14","slug":"el-artista-arturo-bustillo-realizara-tres-nuevos-murales-en-santo-domingo","status":"publish","type":"post","link":"https:\/\/www.europesays.com\/es\/288135\/","title":{"rendered":"El artista Arturo Bustillo realizar\u00e1 tres nuevos murales en Santo Domingo"},"content":{"rendered":"<p>La concejal\u00eda de Turismo y Casco Antiguo ha comunicado que ha iniciado los trabajos para la realizaci\u00f3n de tres nuevos murales art\u00edsticos que forman parte  &#8230; del proyecto municipal de embellecimiento, revitalizaci\u00f3n y puesta en valor del casco hist\u00f3rico como atractivo tur\u00edstico y cultural.<\/p>\n<p class=\"v-p\">Los tres murales ser\u00e1n realizados por un importe de 2.999 euros m\u00e1s IVA a cargo del artista calceatense Arturo Bustillo, reconocido por su trabajo mural\u00edstico y su vinculaci\u00f3n con la ciudad. Las intervenciones se localizar\u00e1n en el parque de los Ingenieros de Obras P\u00fablicas; en la plaza de la Alameda, junto a la fuente de la ciudad; y en la calle Mayor, en la pared del parking del Parador Nacional de Turismo para ubicarlo en el paso del Camino de Santiago.<\/p>\n<p class=\"v-p\">\u00abEstos murales responden al firme empe\u00f1o de esta concejal\u00eda por realzar nuestro casco antiguo a trav\u00e9s del arte y la cultura. Queremos que vecinos, visitantes y peregrinos encuentren una ciudad viva, cuidada y que apuesta por la creatividad como motor de identidad y de atracci\u00f3n tur\u00edstica\u00bb, explica el concejal de Turismo y Casco Antiguo, \u00d3scar Reina. \u00abEl arte urbano, bien integrado y con sentido, es una herramienta poderosa para generar identidad y dinamizar los espacios p\u00fablicos\u00bb, asegura Reina.<\/p>\n","protected":false},"excerpt":{"rendered":"La concejal\u00eda de Turismo y Casco Antiguo ha comunicado que ha iniciado los trabajos para la realizaci\u00f3n de&hellip;\n","protected":false},"author":2,"featured_media":288136,"comment_status":"","ping_status":"","sticky":false,"template":"","format":"standard","meta":{"footnotes":""},"categories":[173],"tags":[229,233,1830,231,230,19221,69215,232,234,1053,146,147,25,24,8255,5024,10550,5018,23,603],"class_list":{"0":"post-288135","1":"post","2":"type-post","3":"status-publish","4":"format-standard","5":"has-post-thumbnail","7":"category-arte-y-diseno","8":"tag-arte","9":"tag-arte-y-diseno","10":"tag-artista","11":"tag-arts","12":"tag-arts-and-design","13":"tag-arturo","14":"tag-bustillo","15":"tag-design","16":"tag-diseno","17":"tag-domingo","18":"tag-entertainment","19":"tag-entretenimiento","20":"tag-es","21":"tag-espana","22":"tag-murales","23":"tag-nuevos","24":"tag-realizara","25":"tag-santo","26":"tag-spain","27":"tag-tres"},"share_on_mastodon":{"url":"https:\/\/pubeurope.com\/@es\/115719049299639849","error":""},"_links":{"self":[{"href":"https:\/\/www.europesays.com\/es\/wp-json\/wp\/v2\/posts\/288135","targetHints":{"allow":["GET"]}}],"collection":[{"href":"https:\/\/www.europesays.com\/es\/wp-json\/wp\/v2\/posts"}],"about":[{"href":"https:\/\/www.europesays.com\/es\/wp-json\/wp\/v2\/types\/post"}],"author":[{"embeddable":true,"href":"https:\/\/www.europesays.com\/es\/wp-json\/wp\/v2\/users\/2"}],"replies":[{"embeddable":true,"href":"https:\/\/www.europesays.com\/es\/wp-json\/wp\/v2\/comments?post=288135"}],"version-history":[{"count":0,"href":"https:\/\/www.europesays.com\/es\/wp-json\/wp\/v2\/posts\/288135\/revisions"}],"wp:featuredmedia":[{"embeddable":true,"href":"https:\/\/www.europesays.com\/es\/wp-json\/wp\/v2\/media\/288136"}],"wp:attachment":[{"href":"https:\/\/www.europesays.com\/es\/wp-json\/wp\/v2\/media?parent=288135"}],"wp:term":[{"taxonomy":"category","embeddable":true,"href":"https:\/\/www.europesays.com\/es\/wp-json\/wp\/v2\/categories?post=288135"},{"taxonomy":"post_tag","embeddable":true,"href":"https:\/\/www.europesays.com\/es\/wp-json\/wp\/v2\/tags?post=288135"}],"curies":[{"name":"wp","href":"https:\/\/api.w.org\/{rel}","templated":true}]}}