{"id":288139,"date":"2025-12-14T17:17:10","date_gmt":"2025-12-14T17:17:10","guid":{"rendered":"https:\/\/www.europesays.com\/es\/288139\/"},"modified":"2025-12-14T17:17:10","modified_gmt":"2025-12-14T17:17:10","slug":"los-premios-forque-homenajean-a-hector-alterio-es-un-legado-maravilloso-el-que-nos-deja","status":"publish","type":"post","link":"https:\/\/www.europesays.com\/es\/288139\/","title":{"rendered":"Los premios Forqu\u00e9 homenajean a H\u00e9ctor Alterio: \u201cEs un legado maravilloso el que nos deja\u201d"},"content":{"rendered":"<p><a href=\"https:\/\/www.revistavanityfair.es\/articulos\/hector-alterio-edad-argentina-hijos-ernesto-malena-angela-bacaicoa\" rel=\"nofollow noopener\" target=\"_blank\">H\u00e9ctor Alterio<\/a> falleci\u00f3 unas horas antes de que comenzaran los <a data-offer-url=\"https:\/\/www.premiojosemariaforque.com\/\" class=\"external-link\" data-event-click=\"{&quot;element&quot;:&quot;ExternalLink&quot;,&quot;outgoingURL&quot;:&quot;https:\/\/www.premiojosemariaforque.com\/&quot;}\" href=\"https:\/\/www.premiojosemariaforque.com\/\" rel=\"nofollow noopener\" target=\"_blank\">premios Forqu\u00e9<\/a> en el Palacio Municipal IFEMA de Madrid. Era inevitable que en los galardones que concede Egeda, la entidad de gesti\u00f3n de derechos intelectuales de los productores, se recordara al actor que estuvo trabajando hasta el \u00faltimo d\u00eda \u2014hab\u00eda comenzado muy joven interpretando un texto del dramaturgo asturiano Alejandro Casona Prohibido suicidarse en primavera\u2014 que sali\u00f3 de Argentina natal amenazado de muerte por la organizaci\u00f3n terrorista Triple A y se refugi\u00f3 en nuestro pa\u00eds en una \u00e9poca no precisamente luminosa en libertades. Estaba en San Sebasti\u00e1n para presentar La Tregua (1974), y se qued\u00f3. No se hab\u00eda despedido de nadie all\u00ed, pero aqu\u00ed estaba su mujer, <a href=\"https:\/\/www.revistavanityfair.es\/articulos\/hector-alterio-edad-argentina-hijos-ernesto-malena-angela-bacaicoa\" rel=\"nofollow noopener\" target=\"_blank\">\u00c1ngela Bacaicoa y sus dos hijos<\/a>, Ernesto y Malena, entonces unos ni\u00f1os de dos a\u00f1os y seis meses respectivamente. Fueron de casa en casa de amigos espa\u00f1oles dispuestos a acogerles y en este pa\u00eds tan \u00e1spero entonces se quedaron los Alterio, y tanto el padre como los hijos se incorporaron a la historia art\u00edstica nacional.<\/p>\n<p>Era inevitable, por tanto, que el actor de 96 a\u00f1os fuera, en parte, protagonista de la gala. \u201cEsta noche celebramos la capacidad de nuestra industria para tomar como referente el pasado con respeto, para reconocer a los que nos han precedido, a una generaci\u00f3n que tumb\u00f3 muros, abri\u00f3 puertas y ventanas, que cambi\u00f3 el mundo e hizo de este lugar un sitio. M\u00e1s amable donde vivir. Vamos a empezar con nuestro amor y nuestro aplauso a H\u00e9ctor Alterio\u201d, comenzaba <strong>Cayetana Guill\u00e9n Cuervo<\/strong>, presentadora junto a <strong>Daniel Guzm\u00e1n<\/strong> de la edici\u00f3n n\u00famero 31 de los Forqu\u00e9, que ha enviado un \u201cabrazo muy fuerte a toda su familia\u201d y reconocido que \u201ces un legado maravilloso el que nos deja\u201d el actor con su parte del <strong>Oscar<\/strong> de La historia oficial (1985), la primera estatuilla por la mejor pel\u00edcula extranjera para una cinta argentina y reconocido con el <strong>Goya de Honor<\/strong> en 2004, que le entregaron sus hijos.<\/p>\n<p>Fuera de este homenaje pero irremediablemente unido de alguna forma est\u00e1 el discurso pronunciado por el productor de <strong>Anatom\u00eda de un instante<\/strong>, <strong>Jos\u00e9 Manuel Lorenzo<\/strong>, la serie de <strong>Alberto Rodr\u00edguez<\/strong> sobre el 23-F basada en el libro hom\u00f3nimo de Javier Cercas convertida en la triunfadora de la noche \u2014venci\u00f3 a Animal, Pubertat y Poquita fe\u2014 junto a **Los domingos **de <strong>Alauda Ruiz de Az\u00faa<\/strong> \u2014que se impuso a Sir\u00e2t, Sorda y Maspalomas\u2014. Anim\u00f3 a los j\u00f3venes a ver la serie para, quiz\u00e1s as\u00ed, entender \u201clo dif\u00edcil que ha sido conseguir las libertades que tenemos\u201d y la necesidad de luchar por conservarlas. Y les ha dicho: \u201cDe verdad, con Franco no se viv\u00eda mejor\u201d, en un momento en el que <a data-offer-url=\"https:\/\/elpais.com\/espana\/2025-11-20\/una-cuarta-parte-de-los-jovenes-ve-preferible-en-determinadas-circunstancias-un-regimen-autoritario.html\" class=\"external-link\" data-event-click=\"{&quot;element&quot;:&quot;ExternalLink&quot;,&quot;outgoingURL&quot;:&quot;https:\/\/elpais.com\/espana\/2025-11-20\/una-cuarta-parte-de-los-jovenes-ve-preferible-en-determinadas-circunstancias-un-regimen-autoritario.html&quot;}\" href=\"https:\/\/elpais.com\/espana\/2025-11-20\/una-cuarta-parte-de-los-jovenes-ve-preferible-en-determinadas-circunstancias-un-regimen-autoritario.html\" rel=\"nofollow noopener\" target=\"_blank\">las encuestas revelan<\/a> que los j\u00f3venes consideran que \u201cen determinadas circunstancias\u201d es preferible un r\u00e9gimen autoritario a la democracia.<\/p>\n<p>Se dice que los Forqu\u00e9 marcan el camino de los Goya. Ya queda menos para saber si este a\u00f1o <a href=\"https:\/\/www.revistavanityfair.es\/articulos\/oliver-laxe-entrevista-sirat-oscar\" rel=\"nofollow noopener\" target=\"_blank\">Sir\u00e2t<\/a>, de Oliver Laxe \u2014representante de <a href=\"https:\/\/www.revistavanityfair.es\/articulos\/asi-sera-el-rocoso-camino-de-sirat-hacia-el-oscar-analizamos-las-opciones-y-obstaculos-en-el-camino-de-la-representante-espanola\" rel=\"nofollow noopener\" target=\"_blank\">Espa\u00f1a en los Oscar<\/a>\u2014, lo rehace.<\/p>\n","protected":false},"excerpt":{"rendered":"H\u00e9ctor Alterio falleci\u00f3 unas horas antes de que comenzaran los premios Forqu\u00e9 en el Palacio Municipal IFEMA de&hellip;\n","protected":false},"author":2,"featured_media":288140,"comment_status":"","ping_status":"","sticky":false,"template":"","format":"standard","meta":{"footnotes":""},"categories":[170],"tags":[12374,146,147,25,24,184,185,805,23],"class_list":{"0":"post-288139","1":"post","2":"type-post","3":"status-publish","4":"format-standard","5":"has-post-thumbnail","7":"category-musica","8":"tag-cine-espanol","9":"tag-entertainment","10":"tag-entretenimiento","11":"tag-es","12":"tag-espana","13":"tag-music","14":"tag-musica","15":"tag-series","16":"tag-spain"},"share_on_mastodon":{"url":"https:\/\/pubeurope.com\/@es\/115719061030535740","error":""},"_links":{"self":[{"href":"https:\/\/www.europesays.com\/es\/wp-json\/wp\/v2\/posts\/288139","targetHints":{"allow":["GET"]}}],"collection":[{"href":"https:\/\/www.europesays.com\/es\/wp-json\/wp\/v2\/posts"}],"about":[{"href":"https:\/\/www.europesays.com\/es\/wp-json\/wp\/v2\/types\/post"}],"author":[{"embeddable":true,"href":"https:\/\/www.europesays.com\/es\/wp-json\/wp\/v2\/users\/2"}],"replies":[{"embeddable":true,"href":"https:\/\/www.europesays.com\/es\/wp-json\/wp\/v2\/comments?post=288139"}],"version-history":[{"count":0,"href":"https:\/\/www.europesays.com\/es\/wp-json\/wp\/v2\/posts\/288139\/revisions"}],"wp:featuredmedia":[{"embeddable":true,"href":"https:\/\/www.europesays.com\/es\/wp-json\/wp\/v2\/media\/288140"}],"wp:attachment":[{"href":"https:\/\/www.europesays.com\/es\/wp-json\/wp\/v2\/media?parent=288139"}],"wp:term":[{"taxonomy":"category","embeddable":true,"href":"https:\/\/www.europesays.com\/es\/wp-json\/wp\/v2\/categories?post=288139"},{"taxonomy":"post_tag","embeddable":true,"href":"https:\/\/www.europesays.com\/es\/wp-json\/wp\/v2\/tags?post=288139"}],"curies":[{"name":"wp","href":"https:\/\/api.w.org\/{rel}","templated":true}]}}