{"id":288292,"date":"2025-12-14T19:09:16","date_gmt":"2025-12-14T19:09:16","guid":{"rendered":"https:\/\/www.europesays.com\/es\/288292\/"},"modified":"2025-12-14T19:09:16","modified_gmt":"2025-12-14T19:09:16","slug":"he-pasado-por-episodios-de-mucha-ansiedad-pero-estoy-subiendo-con-fuerza","status":"publish","type":"post","link":"https:\/\/www.europesays.com\/es\/288292\/","title":{"rendered":"\u201cHe pasado por episodios de mucha ansiedad, pero estoy subiendo con fuerza\u201d"},"content":{"rendered":"<p class=\"paragraph\" id=\"paragraph_1\">Este s\u00e1bado, 13 de diciembre, <strong>Madrid<\/strong> ha brillado con una luz especial. La de <a href=\"https:\/\/www.elespanol.com\/personajes\/ricky_martin\/?utm_cmp_rs=linksinline\" target=\"_blank\" rel=\"nofollow noopener\"><strong>Ricky Martin<\/strong><\/a> (53 a\u00f1os). El cantante puertorrique\u00f1o ha hecho bailar y cantar a miles de fans que no quisieron perderse su \u00fanico concierto en <strong>Espa\u00f1a<\/strong>, en el festival <strong>Starlite Madrid.<\/strong><\/p>\n<p class=\"paragraph\" id=\"paragraph_2\">Subido al escenario, la estrella de la canci\u00f3n latina ha dedicado unas palabras a su p\u00fablico de Espa\u00f1a, un pa\u00eds donde se siente como en casa. Quiz\u00e1s por ello <strong>ha abierto su coraz\u00f3n<\/strong> y ha confesado, sin ning\u00fan tipo de cortapisas, que <strong>ha atravesado un periodo complicado.<\/strong><strong\/><\/p>\n<p class=\"paragraph\" id=\"paragraph_3\"><strong>Visiblemente emocionado<\/strong>, el caribe\u00f1o ha revelado que <strong>ha pasado por momentos complicados: \u00ab<\/strong>He tenido unas semanas muy dif\u00edciles. Quiero compartir lo que me ha pasado. He pasado por episodios de mucha ansiedad\u00bb.<\/p>\n<p><img loading=\"lazy\" decoding=\"async\" alt=\"Ricky Mart\u00edn, antes y despu\u00e9s de su cambios est\u00e9ticos.\" height=\"180\" src=\"https:\/\/www.europesays.com\/es\/wp-content\/uploads\/2025\/12\/926667778_253373557_320x180.png\" width=\"320\" data-lazy-status=\"processed\" data-lazy-info=\"remove loading item 1\"\/><\/p>\n<p>                                                            Ricky Martin se confiesa en Madrid: \u201cHe pasado por episodios de mucha ansiedad, pero estoy subiendo con fuerza\u201d<\/p>\n<p>\u00abHay altas y bajas\u00bb<\/p>\n<p class=\"paragraph\" id=\"paragraph_4\">De inmediato, un p\u00fablico enfervorizado le ha regalado<strong> gritos y ovaciones<\/strong>. No es para menos. Tras<strong> m\u00e1s de 40 a\u00f1os en la m\u00fasica<\/strong>, se ha ganado a pulso el cari\u00f1o de sus seguidores.<\/p>\n<p class=\"paragraph\" id=\"paragraph_5\">\u00abPara m\u00ed lo m\u00e1s importante es hacerles saber que <strong>la m\u00fasica es mi medicina<\/strong>, que su aplauso es mi medicina, que sus sonrisas son mi medicina.. que <strong>su energ\u00eda es mi alimento <\/strong>para estar aqu\u00ed una y otra vez\u00bb, empezaba diciendo en un conmovedor discurso.<\/p>\n<p class=\"paragraph\" id=\"paragraph_6\">\u00abPor consiguiente, gracias de todo coraz\u00f3n, por tantos a\u00f1os que hemos estado unidos y agarrados de la mano\u00bb, a\u00f1ad\u00eda.<strong> \u00abHay muchas altas y bajas. Estoy subiendo. Y con mucha fuerza. <\/strong>Y en parte es gracias a ustedes. Me pod\u00eda haber quedado en casa, pero no pod\u00eda hacerlo con Madrid\u00bb.<\/p>\n<p><img decoding=\"async\" alt=\"Ricky Martin, en su concierto en Starlite Madrid.\" data-imgm=\"true\" height=\"1152\" loading=\"lazy\"  src=\"https:\/\/www.europesays.com\/es\/wp-content\/uploads\/2025\/12\/1003744054715_260471679_960x1706.jpg\"  width=\"648\"\/><\/p>\n<p>                                                            Ricky Martin, en su concierto en Starlite Madrid.<\/p>\n<p>                    GTRES<\/p>\n<p>\u00abMadrid me da mucho amor\u00bb<\/p>\n<p class=\"paragraph\" id=\"paragraph_7\">Ricky Martin ha vuelto a causar <strong>fascinaci\u00f3n<\/strong> con unos fans entregados a sus m\u00edticas canciones. Hac\u00eda m\u00e1s de un a\u00f1o que no actuaba en la capital. La \u00faltima vez que visit\u00f3 la ciudad fue en <strong>junio de 2024.<\/strong> Este recital ha sido su<strong> \u00fanico concierto en Espa\u00f1a en 2025.<\/strong><\/p>\n<p class=\"paragraph\" id=\"paragraph_8\">\u00abVoy a ser ego\u00edsta. <strong>Madrid me da mucho amor a m\u00ed<\/strong>, as\u00ed que me lo llevo para mi casa\u00bb, destacaba. \u00abGracias por su amor. Les juro qu<strong>e voy a dejar mi alma en este escenario esta noche<\/strong>, porque ustedes no se merecen menos\u00bb.<\/p>\n<p class=\"paragraph\" id=\"paragraph_9\">Por \u00faltimo, conclu\u00eda: <strong>\u00abAqu\u00ed tienen mi m\u00fasica, aqu\u00ed tienen mi coraz\u00f3n. Y aqu\u00ed tienen toda la fuerza que les pueda dar\u00bb. <\/strong>Su inesperada confesi\u00f3n sobre el complejo periodo que ha tenido que sortear llegaba despu\u00e9s de entonar Mar\u00eda, uno de sus hits m\u00e1s aclamados a nivel internacional.<\/p>\n<p><img decoding=\"async\" alt=\"Ricky Martin ha ofrecido su \u00fanico concierto en Espa\u00f1a del a\u00f1o en el festival Starlite Madrid.\" data-imgm=\"true\" height=\"240\" loading=\"lazy\"  src=\"https:\/\/www.europesays.com\/es\/wp-content\/uploads\/2025\/12\/1003744054722_260471746_854x640.jpg\"  width=\"320\"\/><\/p>\n<p>                                                            Ricky Martin ha ofrecido su \u00fanico concierto en Espa\u00f1a del a\u00f1o en el festival Starlite Madrid.<\/p>\n<p>                    GTRES<\/p>\n<p>Concierto con cartel de &#8216;sold out&#8217;<\/p>\n<p class=\"paragraph\" id=\"paragraph_10\">El concierto, que empez\u00f3 pasadas las 21:30 horas, dur\u00f3 <strong>90 minutos.<\/strong> Una hora y media de jolgorio en la que cant\u00f3 todos sus \u00e9xitos. Tambi\u00e9n hubo espacio para sus<strong> grandes baladas.<\/strong><\/p>\n<p class=\"paragraph\" id=\"paragraph_11\">Ricky Martin se entreg\u00f3 en cuerpo y alma. Y <strong>convirti\u00f3 el pabell\u00f3n 14 de Ifema<\/strong>, donde se celebr\u00f3 el concierto, en<strong> una aut\u00e9ntica fiesta<\/strong>. El p\u00fablico cay\u00f3 rendido ante \u00e9l.<\/p>\n<p class=\"paragraph\" id=\"paragraph_12\">Con el cartel de sold out, y un recinto<strong> lleno a abarrotar<\/strong>, el de Puerto Rico ha brillado como lo ha hecho siempre&#8230; desde que empez\u00f3 en la industria, con apenas 12 a\u00f1os en la banda infantil Menudo.<\/p>\n<p class=\"paragraph\" id=\"paragraph_13\">Con un<strong> juego de luces<\/strong> propio de un show en Estados Unidos, cambios de c\u00e1mara en las pantallas y varios<strong> cambios de vestuario <\/strong>(llamaron la atenci\u00f3n sus pantalones extra anchos), Ricky Martin cautiv\u00f3 con un espect\u00e1culo de altura. De m\u00e1ximo nivel. Como si estuviera en una gala de los MTV. Eso en Espa\u00f1a lo hacen pocos artistas.<\/p>\n<p><img decoding=\"async\" alt=\"El concierto de Ricky Martin en Madrid tuvo lugar en el pabell\u00f3n 14 de IFEMA, el s\u00e1bado 13 de diciembre.\" data-imgm=\"true\" height=\"180\" loading=\"lazy\"  src=\"https:\/\/www.europesays.com\/es\/wp-content\/uploads\/2025\/12\/1003744054735_260471934_1024x576.jpg\"  width=\"320\"\/><\/p>\n<p>                                                            El concierto de Ricky Martin en Madrid tuvo lugar en el pabell\u00f3n 14 de IFEMA, el s\u00e1bado 13 de diciembre.<\/p>\n<p>                    GTRES<\/p>\n<p>Ritmo&#8230; y romanticismo<\/p>\n<p class=\"paragraph\" id=\"paragraph_14\">Incluso se sac\u00f3 de la manga, -porque no estaba en el plan inicial-, entonar el sencillo Asignatura pendiente. \u00ab<strong>Un poquito de romanticismo nunca viene mal<\/strong>\u00ab, explic\u00f3.<\/p>\n<p class=\"paragraph\" id=\"paragraph_15\">La canci\u00f3n, cuya letra reza \u00abtengo ganas de no tener ganas, de comprarme un boleto de regreso al ayer\u00bb, es una oda a la <strong>nostalgia<\/strong>. Y un gui\u00f1o al <strong>amor perdido:<\/strong> \u00abNo encuentro raz\u00f3n suficiente pa&#8217; olvidarme de ti\u00bb. Puede que este regalo extra a su p\u00fablico, te\u00f1ido de cierta <strong>tristeza<\/strong>, tenga que ver con el momento que atraviesa.<\/p>\n<p class=\"paragraph\" id=\"paragraph_16\">Como colof\u00f3n a su espect\u00e1culo sonaron sus dos grandes bombazos: Living la vida loca\u2019 y La Copa de la Vida, canci\u00f3n oficial del <strong>Mundial de Francia 1998. <\/strong>Ritmos contagiosos y pegadizos con los que dijo adi\u00f3s al m\u00e1s puro estilo Martin: d\u00e1ndolo todo.<\/p>\n","protected":false},"excerpt":{"rendered":"Este s\u00e1bado, 13 de diciembre, Madrid ha brillado con una luz especial. La de Ricky Martin (53 a\u00f1os).&hellip;\n","protected":false},"author":2,"featured_media":288293,"comment_status":"","ping_status":"","sticky":false,"template":"","format":"standard","meta":{"footnotes":""},"categories":[174],"tags":[255,35551,146,147,25,24,256,25102,23],"class_list":{"0":"post-288292","1":"post","2":"type-post","3":"status-publish","4":"format-standard","5":"has-post-thumbnail","7":"category-famosos","8":"tag-celebrities","9":"tag-conciertos-musica","10":"tag-entertainment","11":"tag-entretenimiento","12":"tag-es","13":"tag-espana","14":"tag-famosos","15":"tag-ricky-martin","16":"tag-spain"},"share_on_mastodon":{"url":"https:\/\/pubeurope.com\/@es\/115719501980212313","error":""},"_links":{"self":[{"href":"https:\/\/www.europesays.com\/es\/wp-json\/wp\/v2\/posts\/288292","targetHints":{"allow":["GET"]}}],"collection":[{"href":"https:\/\/www.europesays.com\/es\/wp-json\/wp\/v2\/posts"}],"about":[{"href":"https:\/\/www.europesays.com\/es\/wp-json\/wp\/v2\/types\/post"}],"author":[{"embeddable":true,"href":"https:\/\/www.europesays.com\/es\/wp-json\/wp\/v2\/users\/2"}],"replies":[{"embeddable":true,"href":"https:\/\/www.europesays.com\/es\/wp-json\/wp\/v2\/comments?post=288292"}],"version-history":[{"count":0,"href":"https:\/\/www.europesays.com\/es\/wp-json\/wp\/v2\/posts\/288292\/revisions"}],"wp:featuredmedia":[{"embeddable":true,"href":"https:\/\/www.europesays.com\/es\/wp-json\/wp\/v2\/media\/288293"}],"wp:attachment":[{"href":"https:\/\/www.europesays.com\/es\/wp-json\/wp\/v2\/media?parent=288292"}],"wp:term":[{"taxonomy":"category","embeddable":true,"href":"https:\/\/www.europesays.com\/es\/wp-json\/wp\/v2\/categories?post=288292"},{"taxonomy":"post_tag","embeddable":true,"href":"https:\/\/www.europesays.com\/es\/wp-json\/wp\/v2\/tags?post=288292"}],"curies":[{"name":"wp","href":"https:\/\/api.w.org\/{rel}","templated":true}]}}