{"id":288297,"date":"2025-12-14T19:14:08","date_gmt":"2025-12-14T19:14:08","guid":{"rendered":"https:\/\/www.europesays.com\/es\/288297\/"},"modified":"2025-12-14T19:14:08","modified_gmt":"2025-12-14T19:14:08","slug":"una-de-las-peliculas-de-animacion-mas-famosas-en-las-que-javier-gurruchaga-puso-voz-a-un-personaje-lo-vieron-millones-de-ninos-cine-y-tv","status":"publish","type":"post","link":"https:\/\/www.europesays.com\/es\/288297\/","title":{"rendered":"Una de las pel\u00edculas de animaci\u00f3n m\u00e1s famosas en las que Javier Gurruchaga puso voz a un personaje: \u00abLo vieron millones de ni\u00f1os\u00bb | Cine y TV"},"content":{"rendered":"<p class=\"loc\">Madrid<\/p>\n<p><a href=\"https:\/\/cadenaser.com\/nacional\/2025\/12\/12\/javier-gurruchaga-revela-como-fue-la-ocasion-en-que-ceno-con-woody-allen-es-un-senor-que-hablaba-poco-cadena-ser\/\" target=\"_blank\" rel=\"nofollow noopener\" title=\"https:\/\/cadenaser.com\/nacional\/2025\/12\/12\/javier-gurruchaga-revela-como-fue-la-ocasion-en-que-ceno-con-woody-allen-es-un-senor-que-hablaba-poco-cadena-ser\/\">Javier Gurruchaga es un sujeto multifac\u00e9tico<\/a>, al igual que se le puede ver cantando de la mano de su grupo, la Orquesta Mondrag\u00f3n, tambi\u00e9n puede ejercer como actor en la pel\u00edcula \u00bfQu\u00e9 he hecho yo para merecer esto?, del prestigioso director Pedro Almod\u00f3var.<\/p>\n<p>M\u00e1s informaci\u00f3n<\/p>\n<p>Otra de las facetas art\u00edsticas que maneja el donostiarra es la del doblaje. Dentro de todos sus proyectos, Gurruchaga recuerda con especial cari\u00f1o su participaci\u00f3n en la pel\u00edcula Buscando a Nemo de la productora de cine de animaci\u00f3n Pixar. Este proyecto le funcion\u00f3 como trampol\u00edn dentro de la industria del doblaje.<\/p>\n<p>Una pieza clave de muchas infancias<\/p>\n<p>Javier Gurruchaga fue el encargado de ponerle la voz a Bruce, el tibur\u00f3n de gran tama\u00f1o y mirada amenazante que persegu\u00eda al padre de Nemo y al inocente Dory tratando de hincarles el diente. Esta pel\u00edcula es un cl\u00e1sico del cine de animaci\u00f3n y se establece como una de las piezas fundamentales de la infancia de muchas personas.<\/p>\n<p>La voz de Gurruchaga result\u00f3 quedar como un guante al personaje de Bruce: ese tono grave y profundo encajaba al mil\u00edmetro con la actitud voraz del tibur\u00f3n. Adem\u00e1s de por su buen desempe\u00f1o en el doblaje, la gran audiencia que recibi\u00f3 esta pel\u00edcula hizo que el donostiarra se estableciera como un agente de gran popularidad en la industria del doblaje cinematogr\u00e1fico. \u00abEso s\u00ed que lo vieron unos cuantos millones de ni\u00f1os\u00bb, afirmaba el actor.<\/p>\n<p>Otros proyectos<\/p>\n<p>La productora qued\u00f3 encantada con el trabajo de Gurruchaga, as\u00ed que quiso contar con \u00e9l para producciones futuras. Como era previsible, el donostiarra trabaj\u00f3 tambi\u00e9n en la secuela de esta franquicia, Buscando a Dory, en la que se encarg\u00f3 de poner voz al Maestro Raya. Gurruchaga tambi\u00e9n prest\u00f3 su voz para interpretar al Doctor Facilier, el antagonista siniestro y experto en vud\u00fa de la pel\u00edcula Tiana y el sapo.<\/p>\n","protected":false},"excerpt":{"rendered":"Madrid Javier Gurruchaga es un sujeto multifac\u00e9tico, al igual que se le puede ver cantando de la mano&hellip;\n","protected":false},"author":2,"featured_media":288298,"comment_status":"","ping_status":"","sticky":false,"template":"","format":"standard","meta":{"footnotes":""},"categories":[169],"tags":[9624,9625,177,3763,146,147,25,24,176,9628,175,133,9629,64094,1604,23],"class_list":{"0":"post-288297","1":"post","2":"type-post","3":"status-publish","4":"format-standard","5":"has-post-thumbnail","7":"category-cine","8":"tag-brand","9":"tag-cellphone","10":"tag-cine","11":"tag-device","12":"tag-entertainment","13":"tag-entretenimiento","14":"tag-es","15":"tag-espana","16":"tag-film","17":"tag-logos","18":"tag-movies","19":"tag-online","20":"tag-phone","21":"tag-pixar-animation-studios","22":"tag-smartphone","23":"tag-spain"},"share_on_mastodon":{"url":"https:\/\/pubeurope.com\/@es\/115719521315671052","error":""},"_links":{"self":[{"href":"https:\/\/www.europesays.com\/es\/wp-json\/wp\/v2\/posts\/288297","targetHints":{"allow":["GET"]}}],"collection":[{"href":"https:\/\/www.europesays.com\/es\/wp-json\/wp\/v2\/posts"}],"about":[{"href":"https:\/\/www.europesays.com\/es\/wp-json\/wp\/v2\/types\/post"}],"author":[{"embeddable":true,"href":"https:\/\/www.europesays.com\/es\/wp-json\/wp\/v2\/users\/2"}],"replies":[{"embeddable":true,"href":"https:\/\/www.europesays.com\/es\/wp-json\/wp\/v2\/comments?post=288297"}],"version-history":[{"count":0,"href":"https:\/\/www.europesays.com\/es\/wp-json\/wp\/v2\/posts\/288297\/revisions"}],"wp:featuredmedia":[{"embeddable":true,"href":"https:\/\/www.europesays.com\/es\/wp-json\/wp\/v2\/media\/288298"}],"wp:attachment":[{"href":"https:\/\/www.europesays.com\/es\/wp-json\/wp\/v2\/media?parent=288297"}],"wp:term":[{"taxonomy":"category","embeddable":true,"href":"https:\/\/www.europesays.com\/es\/wp-json\/wp\/v2\/categories?post=288297"},{"taxonomy":"post_tag","embeddable":true,"href":"https:\/\/www.europesays.com\/es\/wp-json\/wp\/v2\/tags?post=288297"}],"curies":[{"name":"wp","href":"https:\/\/api.w.org\/{rel}","templated":true}]}}