{"id":288354,"date":"2025-12-14T20:01:14","date_gmt":"2025-12-14T20:01:14","guid":{"rendered":"https:\/\/www.europesays.com\/es\/288354\/"},"modified":"2025-12-14T20:01:14","modified_gmt":"2025-12-14T20:01:14","slug":"ethan-hawke-se-sincera-sobre-la-infancia-de-su-hija-maya-hawke-hubo-cosas-realmente-dificiles","status":"publish","type":"post","link":"https:\/\/www.europesays.com\/es\/288354\/","title":{"rendered":"Ethan Hawke se sincera sobre la infancia de su hija Maya Hawke: \u00abHubo cosas realmente dif\u00edciles\u00bb"},"content":{"rendered":"<p style=\"\">Dos d\u00e9cadas despu\u00e9s de <strong>su sonado divorcio<\/strong> de <a href=\"https:\/\/www.abc.es\/estilo\/gente\/abci-complejos-acoso-sexual-familia-agitados-50-anos-thurman-202004291943_noticia.html\" target=\"_self\" data-voc-vtm-id=\"in-text-traffic\" title=\"Uma Thurman\" data-mrf-link=\"www.abc.es\" rel=\"nofollow noopener\">Uma Thurman<\/a>, Ethan Hawke ha hecho una reflexi\u00f3n poco habitual sobre su vida personal y, en concreto, sobre la infancia de su hija mayor, <a href=\"https:\/\/www.abc.es\/play\/series\/noticias\/abci-sueldo-ninos-stranger-things-201803201325_noticia.html\" target=\"_self\" data-voc-vtm-id=\"in-text-traffic\" title=\"Maya Hawke\" data-mrf-link=\"www.abc.es\" rel=\"nofollow noopener\">Maya Hawke<\/a>. El actor ha reconocido que aquellos a\u00f1os no  &#8230; fueron f\u00e1ciles para ella y que arrastra ciertos arrepentimientos como padre, en un ejercicio de honestidad poco com\u00fan en Hollywood.<\/p>\n<p class=\"voc-p\" style=\"\">Hawke y Thurman vivieron una historia de amor <strong>tan intensa como medi\u00e1tica<\/strong> tras conocerse en el rodaje de &#8216;Gattaca&#8217; en 1996. Se casaron y tuvieron dos hijos, Maya y Levon, pero la relaci\u00f3n se rompi\u00f3 en 2004, cuando los ni\u00f1os apenas ten\u00edan seis y dos a\u00f1os. Un divorcio muy expuesto p\u00fablicamente que, seg\u00fan ha admitido ahora el actor, tuvo consecuencias emocionales en su primog\u00e9nita.<\/p>\n<p class=\"voc-p\" style=\"\">\u00abHubo muchas cosas sobre su infancia que fueron realmente muy dif\u00edciles y complicadas, y cosas de las que me arrepiento\u00bb, ha confesado Hawke durante una conversaci\u00f3n con Sydney Sweeney para &#8216;Actors on Actors&#8217;, el formato de entrevistas de la revista &#8216;Variety&#8217;. Aunque no ha querido entrar en detalles, s\u00ed ha dejado claro que aquella etapa marc\u00f3 profundamente a su hija.<\/p>\n<p class=\"voc-p\" style=\"\">Aun as\u00ed, el actor recuerda que Maya encontr\u00f3 desde muy peque\u00f1a un refugio claro: el arte. \u00abCuando ten\u00eda unos cuatro a\u00f1os supe que iba a ser artista. Pintar, bailar, cantar\u2026 ese era su espacio seguro durante toda su infancia\u00bb, ha explicado. Una sensibilidad precoz que, con el tiempo, se transform\u00f3 en una vocaci\u00f3n s\u00f3lida.<\/p>\n<p><img decoding=\"async\" loading=\"lazy\" src=\"https:\/\/www.europesays.com\/es\/wp-content\/uploads\/2025\/12\/maya-padre-infancia-U34646330137Kwh-760x427@diario_abc.jpg\" class=\"voc-img\" width=\"760\" height=\"427\" alt=\"Ethan Hawke se sincera sobre la infancia de su hija Maya Hawke: \u00abHubo cosas realmente dif\u00edciles\u00bb\" data-voc-vtm-id=\"in-text-traffic\"\/><\/p>\n<p>GTRES<\/p>\n<p class=\"voc-p\" style=\"\">Hawke tambi\u00e9n ha compartido una an\u00e9cdota que refleja la personalidad poco convencional de su hija desde muy joven. \u00abRecuerdo que una profesora le pregunt\u00f3: &#8216;Maya, \u00bferes feliz?&#8217;, porque estaban preocupados por ella. Y ella respondi\u00f3 algo as\u00ed como: &#8216;\u00bfDe verdad crees que esa es la pregunta?&#8217;\u00bb, ha relatado entre risas. Ten\u00eda unos 13 a\u00f1os cuando sentenci\u00f3: \u00ab<strong>\u00bfSoy feliz? No. Pero no aspiro a serlo<\/strong>. Creo que hay preguntas m\u00e1s interesantes\u00bb. \u00abPens\u00e9: amo a esta ni\u00f1a\u00bb, ha a\u00f1adido.<\/p>\n<p class=\"voc-p\" style=\"\">Lejos de desviar su camino, esa complejidad emocional parece haber alimentado su talento. Maya Hawke comenz\u00f3 a despuntar siendo adolescente en &#8216;Mujercitas&#8217; y alcanz\u00f3 la popularidad internacional con su incorporaci\u00f3n a &#8216;Stranger Things&#8217;, donde su personaje, Robin, se convirti\u00f3 r\u00e1pidamente en uno de los favoritos del p\u00fablico. A partir de ah\u00ed, su carrera no ha dejado de crecer, con t\u00edtulos como &#8216;\u00c9rase una vez en\u2026 Hollywood&#8217; y varios estrenos pendientes.<\/p>\n<p><img decoding=\"async\" loading=\"lazy\" src=\"https:\/\/www.europesays.com\/es\/wp-content\/uploads\/2025\/12\/maya-hawke-U72675162758FJT-760x427@diario_abc.jpg\" class=\"voc-img\" width=\"760\" height=\"427\" alt=\"Ethan Hawke se sincera sobre la infancia de su hija Maya Hawke: \u00abHubo cosas realmente dif\u00edciles\u00bb\" data-voc-vtm-id=\"in-text-traffic\"\/><\/p>\n<p>gtrES<\/p>\n<p class=\"voc-p\" style=\"\">Tras su separaci\u00f3n de Uma Thurman, Ethan Hawke reh\u00edzo su vida junto a Ryan Shawhughes, la que fue ni\u00f1era de sus hijos, con quien se cas\u00f3 en 2008 y tuvo dos hijas m\u00e1s. Por su parte, Thurman tambi\u00e9n ampli\u00f3 la familia. Pese a la ruptura y la atenci\u00f3n medi\u00e1tica, ambos actores establecieron una norma que han respetado durante a\u00f1os: <strong>no hablar mal el uno del otro en p\u00fablico<\/strong>, por el bienestar de sus hijos.<\/p>\n<p class=\"voc-p\" style=\"\">Hoy, con Maya convertida en una de las actrices j\u00f3venes m\u00e1s reconocidas de su generaci\u00f3n, Hawke mira atr\u00e1s con una mezcla de orgullo y autocr\u00edtica. \u00abNunca me preocup\u00f3 que se dedicara al arte\u00bb, ha concluido. \u00abSab\u00eda que eso le salvar\u00eda la vida\u00bb.<\/p>\n","protected":false},"excerpt":{"rendered":"Dos d\u00e9cadas despu\u00e9s de su sonado divorcio de Uma Thurman, Ethan Hawke ha hecho una reflexi\u00f3n poco habitual&hellip;\n","protected":false},"author":2,"featured_media":288355,"comment_status":"","ping_status":"","sticky":false,"template":"","format":"standard","meta":{"footnotes":""},"categories":[169],"tags":[177,30115,146,147,25,24,12613,176,32494,3983,3624,69306,175,17360,9474,57,23],"class_list":{"0":"post-288354","1":"post","2":"type-post","3":"status-publish","4":"format-standard","5":"has-post-thumbnail","7":"category-cine","8":"tag-cine","9":"tag-dificiles","10":"tag-entertainment","11":"tag-entretenimiento","12":"tag-es","13":"tag-espana","14":"tag-ethan","15":"tag-film","16":"tag-hawke","17":"tag-hija","18":"tag-infancia","19":"tag-maya","20":"tag-movies","21":"tag-realmente","22":"tag-sincera","23":"tag-sobre","24":"tag-spain"},"share_on_mastodon":{"url":"https:\/\/pubeurope.com\/@es\/115719706392129624","error":""},"_links":{"self":[{"href":"https:\/\/www.europesays.com\/es\/wp-json\/wp\/v2\/posts\/288354","targetHints":{"allow":["GET"]}}],"collection":[{"href":"https:\/\/www.europesays.com\/es\/wp-json\/wp\/v2\/posts"}],"about":[{"href":"https:\/\/www.europesays.com\/es\/wp-json\/wp\/v2\/types\/post"}],"author":[{"embeddable":true,"href":"https:\/\/www.europesays.com\/es\/wp-json\/wp\/v2\/users\/2"}],"replies":[{"embeddable":true,"href":"https:\/\/www.europesays.com\/es\/wp-json\/wp\/v2\/comments?post=288354"}],"version-history":[{"count":0,"href":"https:\/\/www.europesays.com\/es\/wp-json\/wp\/v2\/posts\/288354\/revisions"}],"wp:featuredmedia":[{"embeddable":true,"href":"https:\/\/www.europesays.com\/es\/wp-json\/wp\/v2\/media\/288355"}],"wp:attachment":[{"href":"https:\/\/www.europesays.com\/es\/wp-json\/wp\/v2\/media?parent=288354"}],"wp:term":[{"taxonomy":"category","embeddable":true,"href":"https:\/\/www.europesays.com\/es\/wp-json\/wp\/v2\/categories?post=288354"},{"taxonomy":"post_tag","embeddable":true,"href":"https:\/\/www.europesays.com\/es\/wp-json\/wp\/v2\/tags?post=288354"}],"curies":[{"name":"wp","href":"https:\/\/api.w.org\/{rel}","templated":true}]}}