{"id":288457,"date":"2025-12-14T21:26:10","date_gmt":"2025-12-14T21:26:10","guid":{"rendered":"https:\/\/www.europesays.com\/es\/288457\/"},"modified":"2025-12-14T21:26:10","modified_gmt":"2025-12-14T21:26:10","slug":"alex-cardona-gana-la-cursa-de-sindiot-2025","status":"publish","type":"post","link":"https:\/\/www.europesays.com\/es\/288457\/","title":{"rendered":"\u00c1lex Cardona gana La Cursa de s&#8217;Indiot 2025"},"content":{"rendered":"<p class=\"ft-text\"><strong>\u00c1lex Cardona<\/strong>, del Grup Esportiu Es Vedr\u00e0,<strong> fue el m\u00e1s r\u00e1pido<\/strong> en la popular <a class=\"ft-link ft-link--decoration\" href=\"https:\/\/www.diariodeibiza.es\/deporte-local\/2025\/12\/11\/210-ciclistas-inscritos-tradicional-cursa-124695709.html\" target=\"_blank\" rel=\"nofollow noopener\">Cursa de s\u2019Indiot 2025<\/a>. El ciclista complet\u00f3 la exigente prueba, de aproximadamente 42 kil\u00f3metros, con un tiempo de 1h 09\u201956\u2019\u2019. El triunfo fue muy ajustado, ya que Cardona cruz\u00f3 la l\u00ednea de meta tan solo un segundo antes que su compa\u00f1ero de equipo, Edu Laporte. El podio lo cerr\u00f3 \u00c1lex Lambert, del Ibiza Cycling Team, que concluy\u00f3 la prueba tras un intenso duelo con Laporte.<\/p>\n<p class=\"ft-text\">En la <strong>categor\u00eda femenina participaron \u00fanicamente dos ciclistas<\/strong>. La vencedora fue Mar\u00eda Victoria Abrate, del AD Ibiza Half Triathlon, quien detuvo el cron\u00f3metro en 1h 20\u201926\u2019\u2019, seguida de Carla Ferrer Cardona, del SCR Pe\u00f1a Deportiva de Santa Eulalia, con un registro de 1h 24\u201919\u2019\u2019.<\/p>\n<p class=\"ft-text\">En la categor\u00eda m\u00e1ster 60 masculina, el campe\u00f3n fue el ciclista independiente Antonio Hidalgo Guasch, con un tiempo de 1h 13\u201911\u2019\u2019, mientras que en m\u00e1ster 50 la victoria correspondi\u00f3 a Roger Stock (1h 13\u201913\u2019\u2019), quien cruz\u00f3 la l\u00ednea de meta con el mismo registro que Manuel Recio C\u00edvico, del GE Es Vedr\u00e0.<\/p>\n<p class=\"ft-text\">En las categor\u00edas m\u00e1ster 30 y m\u00e1ster 40, los mejores fueron para \u00c1lex Cardona y \u00c1lex Lambert, respectivamente.<\/p>\n<p class=\"ft-text\">Por \u00faltimo, en la categor\u00eda j\u00fanior masculina, el m\u00e1s veloz fue Marc Serra, del Club Esportiu Master Team, con un tiempo de 1h 11\u201914\u2019\u2019.<\/p>\n<p class=\"ft-text\">El recorrido fijado para la edici\u00f3n de este a\u00f1o fue de car\u00e1cter circular, sobre un circuito urbano de nueve vueltas de casi cinco kil\u00f3metros cada una. Cabe recordar que la prueba cont\u00f3 con m\u00e1s de 200 inscritos.<\/p>\n<p class=\"ft-text\">La hist\u00f3rica carrera ciclista, con m\u00e1s de cuatro d\u00e9cadas de trayectoria, baj\u00f3 el tel\u00f3n en el barrio de Can Misses justo la misma ma\u00f1ana que se disput\u00f3, desde las 12 horas, el duelo de Primera RFEF entre la UD Ibiza y el Villarreal B.<\/p>\n","protected":false},"excerpt":{"rendered":"\u00c1lex Cardona, del Grup Esportiu Es Vedr\u00e0, fue el m\u00e1s r\u00e1pido en la popular Cursa de s\u2019Indiot 2025.&hellip;\n","protected":false},"author":2,"featured_media":288458,"comment_status":"","ping_status":"","sticky":false,"template":"","format":"standard","meta":{"footnotes":""},"categories":[273],"tags":[2865,65203,313,69313,69315,312,168,25,24,4355,69314,23,167],"class_list":{"0":"post-288457","1":"post","2":"type-post","3":"status-publish","4":"format-standard","5":"has-post-thumbnail","7":"category-ciclismo","8":"tag-alex","9":"tag-cardona","10":"tag-ciclismo","11":"tag-cursa","12":"tag-cursa-de-s","13":"tag-cycling","14":"tag-deportes","15":"tag-es","16":"tag-espana","17":"tag-gana","18":"tag-sindiot","19":"tag-spain","20":"tag-sports"},"share_on_mastodon":{"url":"https:\/\/pubeurope.com\/@es\/115720040179340359","error":""},"_links":{"self":[{"href":"https:\/\/www.europesays.com\/es\/wp-json\/wp\/v2\/posts\/288457","targetHints":{"allow":["GET"]}}],"collection":[{"href":"https:\/\/www.europesays.com\/es\/wp-json\/wp\/v2\/posts"}],"about":[{"href":"https:\/\/www.europesays.com\/es\/wp-json\/wp\/v2\/types\/post"}],"author":[{"embeddable":true,"href":"https:\/\/www.europesays.com\/es\/wp-json\/wp\/v2\/users\/2"}],"replies":[{"embeddable":true,"href":"https:\/\/www.europesays.com\/es\/wp-json\/wp\/v2\/comments?post=288457"}],"version-history":[{"count":0,"href":"https:\/\/www.europesays.com\/es\/wp-json\/wp\/v2\/posts\/288457\/revisions"}],"wp:featuredmedia":[{"embeddable":true,"href":"https:\/\/www.europesays.com\/es\/wp-json\/wp\/v2\/media\/288458"}],"wp:attachment":[{"href":"https:\/\/www.europesays.com\/es\/wp-json\/wp\/v2\/media?parent=288457"}],"wp:term":[{"taxonomy":"category","embeddable":true,"href":"https:\/\/www.europesays.com\/es\/wp-json\/wp\/v2\/categories?post=288457"},{"taxonomy":"post_tag","embeddable":true,"href":"https:\/\/www.europesays.com\/es\/wp-json\/wp\/v2\/tags?post=288457"}],"curies":[{"name":"wp","href":"https:\/\/api.w.org\/{rel}","templated":true}]}}