{"id":288496,"date":"2025-12-14T21:57:09","date_gmt":"2025-12-14T21:57:09","guid":{"rendered":"https:\/\/www.europesays.com\/es\/288496\/"},"modified":"2025-12-14T21:57:09","modified_gmt":"2025-12-14T21:57:09","slug":"asi-fue-el-momento-en-que-taylor-swift-entrego-los-bonus-sorpresa-de-197-millones-de-dolares-a-su-equipo-mi-gratitud-no-sale-toda-de-un-banco-pero","status":"publish","type":"post","link":"https:\/\/www.europesays.com\/es\/288496\/","title":{"rendered":"As\u00ed fue el momento en que Taylor Swift entreg\u00f3 los bonus sorpresa de 197 millones de d\u00f3lares a su equipo: \u00abMi gratitud no sale toda de un banco, pero\u2026\u00bb"},"content":{"rendered":"<p class=\"has-dropcap\">No fue en el escenario donde se vivi\u00f3 el momento m\u00e1s emocionante del <strong>Eras<\/strong> <strong>Tour<\/strong> de <a href=\"https:\/\/www.revistavanityfair.es\/tags\/taylor-swift\" isautogenerated=\"true\" rel=\"nofollow noopener\" target=\"_blank\"><strong>Taylor Swift<\/strong><\/a>. Al menos, no para quienes trabajaron entre bastidores o sobre el escenario con la cantante. Al final de <strong>una de las mayores giras de la historia de la <a href=\"https:\/\/www.revistavanityfair.es\/tags\/musica\" isautogenerated=\"true\" rel=\"nofollow noopener\" target=\"_blank\">m\u00fasica<\/a>,<\/strong> que recaud\u00f3 la cifra r\u00e9cord de m\u00e1s de 2.000 millones de d\u00f3lares en 21 meses, Taylor Swift decidi\u00f3 compartir su \u00e9xito con quienes hicieron posible esta extraordinaria haza\u00f1a.<\/p>\n<p>Como se ve en la docuserie reci\u00e9n estrenada en <strong><a href=\"https:\/\/www.revistavanityfair.es\/tags\/disney-plus\" isautogenerated=\"true\" rel=\"nofollow noopener\" target=\"_blank\">Disney+<\/a> Taylor Swift: The Eras Tour \/ The End of an Era<\/strong>, Swift reparti\u00f3 <strong>197 millones de d\u00f3lares en primas a su equipo<\/strong>. Desde los camioneros hasta los bailarines, pasando por los t\u00e9cnicos de iluminaci\u00f3n y sonido, el equipo de vestuario, los peluqueros, los fisioterapeutas, el personal de seguridad y de producci\u00f3n de v\u00eddeo, todos recibieron un cheque de agradecimiento, cuyo importe individual, sin embargo, se mantiene en secreto en el documental.<\/p>\n<p><strong>Taylor Swift<\/strong> <strong>escribi\u00f3 a mano cada nota<\/strong> \u2013 \u00abme llev\u00f3 semanas\u00bb, cuenta en la docuserie, \u201cpero me sent\u00ed bien haci\u00e9ndolo\u201d\u2013 y se la entreg\u00f3 personalmente a cada colaborador al final de la gira. En las im\u00e1genes de la docuserie, la cantante toma la palabra con voz firme pero <strong>visiblemente emocionada<\/strong> para contar c\u00f3mo la experiencia fue \u00ab<strong>m\u00e1s dura que cualquier cosa que haya hecho nunca en directo<\/strong>\u00bb y para agradecer al equipo su entusiasmo, curiosidad y resistencia mostrados escenario tras escenario, pa\u00eds tras pa\u00eds. A continuaci\u00f3n, invita a todos a abrir juntos la carta.<\/p>\n<p>Kam, uno de los bailarines, lee en voz alta: \u201cHemos recorrido el mundo como nos hab\u00edamos propuesto. Encantamos al p\u00fablico, pero <strong>tambi\u00e9n echamos de menos a la familia<\/strong>. Mi gratitud no sale toda de un banco, pero aqu\u00ed (&#8230;) d\u00f3lares s\u00f3lo para dar las gracias. Con cari\u00f1o, Taylor\u201d.<\/p>\n<p>La cantidad se mantiene en secreto, pero las reacciones no: <strong>manos en la cara, l\u00e1grimas, incredulidad<\/strong>. Seg\u00fan algunos medios estadounidenses, la cantidad media de los <a href=\"https:\/\/www.revistavanityfair.es\/tags\/regalos\" isautogenerated=\"true\" rel=\"nofollow noopener\" target=\"_blank\">regalos<\/a> rondar\u00eda los 50.000 d\u00f3lares por persona, mientras que para los bailarines \u2013seg\u00fan rumores recogidos por Forbes\u2013 <strong>el bonus alcanzar\u00eda los 500.000 d\u00f3lares.<\/strong> Algunos, como informa The Sun, casi se desmayaron de la emoci\u00f3n al recibirlo. Otros se echaron a llorar, abrumados por un gesto que va m\u00e1s all\u00e1 del valor econ\u00f3mico.<\/p>\n<p>Taylor Swift no es ajena a este tipo de gestos: ya en los primeros tramos estadounidenses de la gira <strong>recompens\u00f3<\/strong> a los camioneros con cheques de 100.000 d\u00f3lares a cada uno, reconociendo el papel crucial de quienes son, literalmente, los responsables de poner en marcha la maquinaria del espect\u00e1culo. <strong>\u00abSi una gira va mejor de lo esperado, los que trabajan deben beneficiarse<\/strong>\u00ab, explic\u00f3 la artista en varias ocasiones.<\/p>\n","protected":false},"excerpt":{"rendered":"No fue en el escenario donde se vivi\u00f3 el momento m\u00e1s emocionante del Eras Tour de Taylor Swift.&hellip;\n","protected":false},"author":2,"featured_media":288497,"comment_status":"","ping_status":"","sticky":false,"template":"","format":"standard","meta":{"footnotes":""},"categories":[170],"tags":[146,147,25,24,184,185,23,3945],"class_list":{"0":"post-288496","1":"post","2":"type-post","3":"status-publish","4":"format-standard","5":"has-post-thumbnail","7":"category-musica","8":"tag-entertainment","9":"tag-entretenimiento","10":"tag-es","11":"tag-espana","12":"tag-music","13":"tag-musica","14":"tag-spain","15":"tag-taylor-swift"},"share_on_mastodon":{"url":"https:\/\/pubeurope.com\/@es\/115720162191533454","error":""},"_links":{"self":[{"href":"https:\/\/www.europesays.com\/es\/wp-json\/wp\/v2\/posts\/288496","targetHints":{"allow":["GET"]}}],"collection":[{"href":"https:\/\/www.europesays.com\/es\/wp-json\/wp\/v2\/posts"}],"about":[{"href":"https:\/\/www.europesays.com\/es\/wp-json\/wp\/v2\/types\/post"}],"author":[{"embeddable":true,"href":"https:\/\/www.europesays.com\/es\/wp-json\/wp\/v2\/users\/2"}],"replies":[{"embeddable":true,"href":"https:\/\/www.europesays.com\/es\/wp-json\/wp\/v2\/comments?post=288496"}],"version-history":[{"count":0,"href":"https:\/\/www.europesays.com\/es\/wp-json\/wp\/v2\/posts\/288496\/revisions"}],"wp:featuredmedia":[{"embeddable":true,"href":"https:\/\/www.europesays.com\/es\/wp-json\/wp\/v2\/media\/288497"}],"wp:attachment":[{"href":"https:\/\/www.europesays.com\/es\/wp-json\/wp\/v2\/media?parent=288496"}],"wp:term":[{"taxonomy":"category","embeddable":true,"href":"https:\/\/www.europesays.com\/es\/wp-json\/wp\/v2\/categories?post=288496"},{"taxonomy":"post_tag","embeddable":true,"href":"https:\/\/www.europesays.com\/es\/wp-json\/wp\/v2\/tags?post=288496"}],"curies":[{"name":"wp","href":"https:\/\/api.w.org\/{rel}","templated":true}]}}