{"id":288603,"date":"2025-12-14T23:24:12","date_gmt":"2025-12-14T23:24:12","guid":{"rendered":"https:\/\/www.europesays.com\/es\/288603\/"},"modified":"2025-12-14T23:24:12","modified_gmt":"2025-12-14T23:24:12","slug":"clasificaciones-completas-de-la-3a-etapa-de-la-vuelta-a-costa-rica-2025","status":"publish","type":"post","link":"https:\/\/www.europesays.com\/es\/288603\/","title":{"rendered":"Clasificaciones completas de la 3\u00aa etapa de la Vuelta a Costa Rica 2025"},"content":{"rendered":"<p>\t\t\t&#13;<br \/>\n&#13;<\/p>\n<p><img loading=\"lazy\" decoding=\"async\" src=\"https:\/\/www.europesays.com\/es\/wp-content\/uploads\/2025\/12\/vuelta-costa-rica-et3-clasificaciones-2025-es-ciclismo.jpg\" width=\"556\" height=\"418\" class=\"setborder\" alt=\"Clasificaciones completas de la 3\u00aa etapa de la Vuelta a Costa Rica 2025\" title=\"Clasificaciones completas de la 3\u00aa etapa de la Vuelta a Costa Rica 2025\"\/><br \/>\n&#13;<br \/>\n&#13;<br \/>\n&#13;<br \/>\n<a href=\"https:\/\/www.esciclismo.com\/actualidad\/esciclismo\/\" rel=\"nofollow noopener\" target=\"_blank\">EsCiclismo.com<\/a> \u00b7 <a href=\"https:\/\/www.esciclismo.com\/actualidad\/carretera\/\" rel=\"nofollow noopener\" target=\"_blank\">Competici\u00f3n Carretera<\/a>  \u00b7 14\/12\/2025<\/p>\n<p>\u00c9stas son las clasificaciones completas tras la 3\u00aa etapa de la Vuelta Ciclista Internacional a Costa Rica 2025, una exigente jornada de monta\u00f1a de 137 kil\u00f3metros disputada este domingo, 14 de diciembre, entre las localidades de Gu\u00e1piles y Para\u00edso, con m\u00e1s de 2.800 metros de desnivel acumulado y los ascensos decisivos al Alto de Guayac\u00e1n y al Alto de La Victoria, este \u00faltimo de categor\u00eda especial.<\/p>\n<p>&#13;<\/p>\n<p><b id=\"P1\"\/><a href=\"https:\/\/www.esciclismo.com\/actualidad\/carretera\/88934.html\" rel=\"nofollow noopener\" target=\"_blank\">La victoria de etapa se la llev\u00f3 el ecuatoriano Jymmi Santiago Montenegro<\/a> (Movistar Best PC), que se impuso al sprint en la llegada en ligero ascenso a Para\u00edso por delante de Gabriel Rojas (Manzat\u00e9 La Selva-Scott) y Alejandro Granados (Colono Bikestation K\u00f6lbi), segundo y tercero respectivamente.<\/p>\n<p>&#13;<\/p>\n<p>Tras esta tercera jornada, el costarricense Daniel Bonilla (Colono Bikestation K\u00f6lbi) se coloca como nuevo l\u00edder de la clasificaci\u00f3n general individual de la Vuelta a Costa Rica.<\/p>\n<p>&#13;<br \/>\nClasificaciones de la Vuelta a Costa Rica 2025 &#8211; Etapa 3&#13;<\/p>\n<p><b>Clasificaci\u00f3n de la 3\u00aa etapa:<\/b><br \/>&#13;<br \/>\n1. Jymmi Santiago Montenegro (ECU\/Movistar Best PC) &#8211; 3:43:33<br \/>&#13;<br \/>\n2. Gabriel Rojas (CRC\/Manzat\u00e9 La Selva-Scott) &#8211; m.t.<br \/>&#13;<br \/>\n3. Alejandro Granados (CRC\/Colono Bikestation K\u00f6lbi) &#8211; m.t.<br \/>&#13;<br \/>\n4. Daniel Bonilla Bola\u00f1os (CRC\/Costafrut-Giant-AC Marriott) &#8211; m.t.<br \/>&#13;<br \/>\n5. Luis Aguilar (CRC\/7C Economy Hyundai) &#8211; m.t.<br \/>&#13;<br \/>\n6. Efr\u00e9n Santos (MEX\/Canel\u2019s-Java) &#8211; m.t.<br \/>&#13;<br \/>\n7. Richard Roland Huera (ECU\/Movistar Best PC) &#8211; m.t.<br \/>&#13;<br \/>\n8. Leandro Varela (CRC\/7C Economy Hyundai) &#8211; m.t.<br \/>&#13;<br \/>\n9. Rodolfo Villalobos (CRC\/Ciclo Caf\u00e9-Repuestos Mena) &#8211; m.t<br \/>&#13;<br \/>\n10. Nixon Rosero (ECU\/Movistar Best PC) &#8211; m.t.<br \/>&#13;<br \/>\n11. Luis Daniel Oses (CRC\/7C Economy Hyundai) &#8211; m.t.<br \/>&#13;<br \/>\n12. Alexander Gil (COL\/Canel\u2019s-Java) &#8211; m.t.<br \/>&#13;<br \/>\n13. Gabriel Pacheco (CRC\/Manzat\u00e9 La Selva-Scott) &#8211; m.t.<br \/>&#13;<br \/>\n14. Dylan Jim\u00e9nez (CRC\/7C Economy Hyundai) a 1:29<br \/>&#13;<br \/>\n15. Bryan Salas (CRC\/Costafrut-Giant-AC Marriott) a 1:35<br \/>&#13;<br \/>\n16. Pablo Mudarra (CRC\/Colono Bikestation K\u00f6lbi) a 2:31<br \/>&#13;<br \/>\n17. Joseph Gerardo Ram\u00edrez (CRC\/Colono Bikestation K\u00f6lbi) a 2:31<br \/>&#13;<br \/>\n18. Sergio Arias (CRC\/Colono Bikestation K\u00f6lbi) a 2:34<br \/>&#13;<br \/>\n19. Daniel G\u00f3mez (CRC\/Ciclo Caf\u00e9-Repuestos Mena) a 3:05<br \/>&#13;<br \/>\n20. Kenny Nijssen (NED\/Universe Cycling) a 5:03<br \/>&#13;<br \/>\n21. Sebasti\u00e1n Calder\u00f3n (CRC\/7C Economy Hyundai) a 5:31<br \/>&#13;<br \/>\n22. Wilson Haro (ECU\/Giant Toscana Mitsubishi) a 6:00<br \/>&#13;<br \/>\n23. H\u00e9ctor \u00c1lvarez (ECU\/Movistar Best PC) a 6:35<br \/>&#13;<br \/>\n24. Heiner Parra (COL\/Canel\u2019s-Java) a 6:36<br \/>&#13;<br \/>\n25. H\u00e9ctor Exequiel Quintana (CHI\/Plus Performance-Zeo Sport) a 7:02<br \/>&#13;<br \/>\n26. Fredd Matute (HON\/Momentum Racing-GCS-Quici) a 7:02<br \/>&#13;<br \/>\n27. Jexon Jos\u00e9 Ledezma (CRC\/Sel. de Costa Rica) a 7:04<br \/>&#13;<br \/>\n28. Kendall Fern\u00e1ndez (CRC\/Sel. de Costa Rica) a 10:38<br \/>&#13;<br \/>\n29. Erik Pozo (ECU\/Movistar Best PC) a 10:38<br \/>&#13;<br \/>\n30. Kevin Rivera (CRC\/7C Economy Hyundai) a 10:38<br \/>&#13;<br \/>\n31. Sebasti\u00e1n Moya (CRC\/Manzat\u00e9 La Selva-Scott) a 11:17<br \/>&#13;<br \/>\n32. Diego del Campo (CHI\/Plus Performance-Zeo Sport) a 11:19<br \/>&#13;<br \/>\n33. Luis Monteros (ECU\/Movistar Best PC) a 11:19<br \/>&#13;<br \/>\n34. Boud Greefs (BEL\/Flanders Region) a 11:19<br \/>&#13;<br \/>\n35. Alexis Quinteros (ECU\/Giant Toscana Mitsubishi) a 11:19<br \/>&#13;<br \/>\n36. Bayron Guam\u00e1 (ECU\/Movistar Best PC) a 11:19<br \/>&#13;<br \/>\n37. Alex Rony Julajuj (GUA\/Sel. de Guatemala) a 11:48<br \/>&#13;<br \/>\n38. Jos\u00e9 Sancho (CRC\/Colono Bikestation K\u00f6lbi) a 13:34<br \/>&#13;<br \/>\n39. Jeen De Jong (NED\/Universe Cycling) a 13:54<br \/>&#13;<br \/>\n40. Alejandro Pita (ECU\/Giant Toscana Mitsubishi) a 15:22<br \/>&#13;<br \/>\n41. Brayan Vargas (CRC\/Distribuidora Cruz-Tecnoforest) a 16:08<br \/>&#13;<br \/>\n42. Kevin Murillo (CRC\/Distribuidora Cruz-Tecnoforest) a 17:31<br \/>&#13;<br \/>\n43. Marcos S\u00e1nchez (CRC\/Distribuidora Cruz-Tecnoforest) a 17:31<br \/>&#13;<br \/>\n44. Christian Albarrac\u00edn (ECU\/Giant Toscana Mitsubishi) a 17:31<br \/>&#13;<br \/>\n45. Jonathan Aguilar (CRC\/Sel. de Costa Rica) a 18:02<br \/>&#13;<br \/>\n46. Ignacio Prado (MEX\/Canel\u2019s-Java) a 19:47<br \/>&#13;<br \/>\n47. Sebasti\u00e1n Brenes (CRC\/Canel\u2019s-Java) a 19:47<br \/>&#13;<br \/>\n48. Alejandro Coto (CRC\/Ciclo Caf\u00e9-Repuestos Mena) a 22:08<br \/>&#13;<br \/>\n49. Henry Huinac (GUA\/Sel. de Guatemala) a 22:33<br \/>&#13;<br \/>\n50. Brandon Aguilar (CRC\/Manzat\u00e9 La Selva-Scott) a 23:20<br \/>&#13;<br \/>\n51. Luis L\u00f3pez (HON\/Manzat\u00e9 La Selva-Scott) a 23:20<br \/>&#13;<br \/>\n52. Anthony Travez (ECU\/Giant Toscana Mitsubishi) a 23:20<br \/>&#13;<br \/>\n53. Crist\u00f3bal Baeza (CHI\/Plus Performance-Zeo Sport) a 23:20<br \/>&#13;<br \/>\n54. Donovan Ram\u00edrez (CRC\/Colono Bikestation K\u00f6lbi) a 24:48<br \/>&#13;<br \/>\n55. Cas Hermans (BEL\/Flanders Region) a 24:54<br \/>&#13;<br \/>\n56. Tom\u00e1s Quir\u00f3z (CHI\/Plus Performance-Zeo Sport) a 24:54<br \/>&#13;<br \/>\n57. Francisco Kotsakis (CHI\/Plus Performance-Zeo Sport) a 24:54<br \/>&#13;<br \/>\n58. Dorian Monterroso (GUA\/Sel. de Guatemala) a 24:59<br \/>&#13;<br \/>\n59. Brayan R\u00edos (GUA\/Sel. de Guatemala) a 24:59<br \/>&#13;<br \/>\n60. Edgar Grave (GUA\/Sel. de Guatemala) a 24:59<br \/>&#13;<br \/>\n61. Camilo Mart\u00ed (CHI\/Plus Performance-Zeo Sport) a 25:03<br \/>&#13;<br \/>\n62. Nikos Casto (USA\/Momentum Racing-GCS-Quici) a 26:04<br \/>&#13;<br \/>\n63. Jos\u00e9 Castro (CRC\/Ciclo Caf\u00e9-Repuestos Mena) a 26:17<br \/>&#13;<br \/>\n64. Rudy Matzar (GUA\/Sel. de Guatemala) a 26:24<br \/>&#13;<br \/>\n65. Jason Huertas (CRC\/Manzat\u00e9 La Selva-Scott) a 26:28<br \/>&#13;<br \/>\n66. Alejandro Pati\u00f1o (CRC\/Distribuidora Cruz-Tecnoforest) a 26:37<br \/>&#13;<br \/>\n67. Wessel Lange (NED\/Universe Cycling) a 28:09<br \/>&#13;<br \/>\n68. Cristopher Cruz (CRC\/Sel. de Costa Rica) a 28:10<br \/>&#13;<br \/>\n69. Kyvan Ast\u00faa (CRC\/Sel. de Costa Rica) a 28:13<br \/>&#13;<br \/>\n70. Dani Bonilla Bola\u00f1os (CRC\/Costafrut-Giant-AC Marriott) a 28:13<br \/>&#13;<br \/>\n71. Derrick Chavarr\u00eda (BIZ\/Momentum Racing-GCS-Quici) a 28:13<br \/>&#13;<br \/>\n72. Cormac McGeough (IRL\/Canel\u2019s-Java) a 28:13<br \/>&#13;<br \/>\n73. Owen Wright (USA\/Canel\u2019s-Java) a 28:13<br \/>&#13;<br \/>\n74. John Borstelman (USA\/Momentum Racing-GCS-Quici) a 28:13<br \/>&#13;<br \/>\n75. Timothy Rugg (USA\/Momentum Racing-GCS-Quici) a 28:13<br \/>&#13;<br \/>\n76. Niels Matthys (BEL\/Flanders Region) a 28:13<br \/>&#13;<br \/>\n77. Luuk Van de Meer (NED\/Universe Cycling) a 28:13<br \/>&#13;<br \/>\n78. William Ch\u00e1vez (CRC\/Distribuidora Cruz-Tecnoforest) a 28:31<br \/>&#13;<br \/>\n79. Jaylen Brice\u00f1o (BIZ\/Momentum Racing-GCS-Quici) a 28:51<br \/>&#13;<br \/>\n80. Darren Soto (CRC\/Ciclo Caf\u00e9-Repuestos Mena) a 29:16<br \/>&#13;<br \/>\n81. Rodrigo Hern\u00e1ndez (CRC\/Costafrut-Giant-AC Marriott) a 30:09<br \/>&#13;<br \/>\n82. Stefan Verhoeff (NED\/Universe Cycling) a 31:32<br \/>&#13;<br \/>\n83. Wannes Verschuere (BEL\/Flanders Region) a 35:40<br \/>&#13;<br \/>\n84. \u00d3scar Arroyo (CRC\/Costafrut-Giant-AC Marriott) a 36:49<br \/>&#13;<br \/>\n85. Derek G\u00f3mez (CRC\/Ciclo Caf\u00e9-Repuestos Mena) a 36:50<br \/>&#13;<br \/>\n86. Diego Loaiza (CRC\/Ciclo Caf\u00e9-Repuestos Mena) a 36:50<br \/>&#13;<br \/>\n87. Juan Oviedo (CRC\/Distribuidora Cruz-Tecnoforest) a 36:50<br \/>&#13;<br \/>\n88. Felipe Aros (USA\/Momentum Racing-GCS-Quici) a 37:00<br \/>&#13;<br \/>\n89. Pablo C\u00e9sar Cascante (CRC\/7C Economy Hyundai) a 37:13<br \/>&#13;<br \/>\n90. Ernesto Fern\u00e1ndez (CRC\/Manzat\u00e9 La Selva-Scott) a 41:00<br \/>&#13;<br \/>\n91. Gr\u00e9goire Lemaire (BEL\/Flanders Region) a 41:41<br \/>&#13;<br \/>\n92. Niels Van Beurden (NED\/Universe Cycling) a 55:06<\/p>\n<p>Fuera de control: Sam Van de Mieroop (BEL\/Universe Cycling)<br \/>&#13;<br \/>\nFuera de control: Jos\u00e9 Chaves (CRC\/Costafrut-Giant-AC Marriott)<br \/>&#13;<br \/>\nFuera de control: Jeremy Quesada (CRC\/Costafrut-Giant-AC Marriott)<\/p>\n<p>&#13;<\/p>\n<p><b id=\"P3\"\/><b>Clasificaci\u00f3n general tras la 3\u00aa etapa:<\/b><br \/>&#13;<br \/>\n1. Daniel Bonilla (CRC\/Colono Bikestation K\u00f6lbi) &#8211; 10:21:13<br \/>&#13;<br \/>\n2. Leandro Varela (CRC\/7C Economy Hyundai) a 0:02<br \/>&#13;<br \/>\n3. Efr\u00e9n Santos (MEX\/Canel\u2019s-Java) a 0:06<br \/>&#13;<br \/>\n4. Gabriel Pacheco (CRC\/Manzat\u00e9 La Selva-Scott) a 0:09<br \/>&#13;<br \/>\n5. Gabriel Rojas (CRC\/Manzat\u00e9 La Selva-Scott) a 0:39<br \/>&#13;<br \/>\n6. Richard Roland Huera (ECU\/Movistar Best PC) a 0:43<br \/>&#13;<br \/>\n7. Luis Daniel Oses (CRC\/7C Economy Hyundai) a 0:44<br \/>&#13;<br \/>\n8. Luis Aguilar (CRC\/7C Economy Hyundai) a 0:45<br \/>&#13;<br \/>\n9. Nixon Rosero (ECU\/Movistar Best PC) a 0:45<br \/>&#13;<br \/>\n10. Rodolfo Villalobos (CRC\/Ciclo Caf\u00e9-Repuestos Mena) a 0:45<br \/>&#13;<br \/>\n11. Alexander Gil (COL\/Canel\u2019s-Java) a 0:45<br \/>&#13;<br \/>\n12. Alejandro Granados (CRC\/Colono Bikestation K\u00f6lbi) a 1:36<br \/>&#13;<br \/>\n13. Dylan Jim\u00e9nez (CRC\/7C Economy Hyundai) a 2:14<br \/>&#13;<br \/>\n14. Bryan Salas (CRC\/Costafrut-Giant-AC Marriott) a 2:20<br \/>&#13;<br \/>\n15. Joseph Gerardo Ram\u00edrez (CRC\/Colono Bikestation K\u00f6lbi) a 3:16<br \/>&#13;<br \/>\n16. Pablo Mudarra (CRC\/Colono Bikestation K\u00f6lbi) a 3:16<br \/>&#13;<br \/>\n17. Jymmi Santiago Montenegro (ECU\/Movistar Best PC) a 3:37<br \/>&#13;<br \/>\n18. Daniel G\u00f3mez (CRC\/Ciclo Caf\u00e9-Repuestos Mena) a 3:50<br \/>&#13;<br \/>\n19. Kenny Nijssen (NED\/Universe Cycling) a 5:48<br \/>&#13;<br \/>\n20. Jexon Jos\u00e9 Ledezma (CRC\/Sel. de Costa Rica) a 6:26<br \/>&#13;<br \/>\n21. Wilson Haro (ECU\/Giant Toscana Mitsubishi) a 6:45<br \/>&#13;<br \/>\n22. Heiner Parra (COL\/Canel\u2019s-Java) a 7:21<br \/>&#13;<br \/>\n23. Sebasti\u00e1n Calder\u00f3n (CRC\/7C Economy Hyundai) a 9:15<br \/>&#13;<br \/>\n24. Luis Monteros (ECU\/Movistar Best PC) a 11:25<br \/>&#13;<br \/>\n25. Sebasti\u00e1n Moya (CRC\/Manzat\u00e9 La Selva-Scott) a 11:55<br \/>&#13;<br \/>\n26. Alexis Quinteros (ECU\/Giant Toscana Mitsubishi) a 12:04<br \/>&#13;<br \/>\n27. Bayron Guam\u00e1 (ECU\/Movistar Best PC) a 12:04<br \/>&#13;<br \/>\n28. Erik Pozo (ECU\/Movistar Best PC) a 12:19<br \/>&#13;<br \/>\n29. Alex Rony Julajuj (GUA\/Sel. de Guatemala) a 12:33<br \/>&#13;<br \/>\n30. Kevin Rivera (CRC\/7C Economy Hyundai) a 12:44<br \/>&#13;<br \/>\n31. Sergio Arias (CRC\/Colono Bikestation K\u00f6lbi) a 14:37<br \/>&#13;<br \/>\n32. H\u00e9ctor \u00c1lvarez (ECU\/Movistar Best PC) a 15:14<br \/>&#13;<br \/>\n33. Fredd Matute (HON\/Momentum Racing-GCS-Quici) a 18:43<br \/>&#13;<br \/>\n34. Sebasti\u00e1n Brenes (CRC\/Canel\u2019s-Java) a 21:22<br \/>&#13;<br \/>\n35. H\u00e9ctor Exequiel Quintana (CHI\/Plus Performance-Zeo Sport) a 23:24<br \/>&#13;<br \/>\n36. Crist\u00f3bal Baeza (CHI\/Plus Performance-Zeo Sport) a 24:01<br \/>&#13;<br \/>\n37. Luis L\u00f3pez (HON\/Manzat\u00e9 La Selva-Scott) a 24:31<br \/>&#13;<br \/>\n38. Diego del Campo (CHI\/Plus Performance-Zeo Sport) a 27:41<br \/>&#13;<br \/>\n39. Boud Greefs (BEL\/Flanders Region) a 29:59<br \/>&#13;<br \/>\n40. Jeen De Jong (NED\/Universe Cycling) a 30:44<br \/>&#13;<br \/>\n41. Jason Huertas (CRC\/Manzat\u00e9 La Selva-Scott) a 33:22<br \/>&#13;<br \/>\n42. Alejandro Pita (ECU\/Giant Toscana Mitsubishi) a 34:10<br \/>&#13;<br \/>\n43. Brandon Aguilar (CRC\/Manzat\u00e9 La Selva-Scott) a 36:14<br \/>&#13;<br \/>\n44. Ignacio Prado (MEX\/Canel\u2019s-Java) a 37:50<br \/>&#13;<br \/>\n45. Donovan Ram\u00edrez (CRC\/Colono Bikestation K\u00f6lbi) a 38:09<br \/>&#13;<br \/>\n46. Francisco Kotsakis (CHI\/Plus Performance-Zeo Sport) a 41:44<br \/>&#13;<br \/>\n47. Kevin Murillo (CRC\/Distribuidora Cruz-Tecnoforest) a 42:14<br \/>&#13;<br \/>\n48. Christian Albarrac\u00edn (ECU\/Giant Toscana Mitsubishi) a 43:12<br \/>&#13;<br \/>\n49. Tom\u00e1s Quir\u00f3z (CHI\/Plus Performance-Zeo Sport) a 44:22<br \/>&#13;<br \/>\n50. Timothy Rugg (USA\/Momentum Racing-GCS-Quici) a 44:35<br \/>&#13;<br \/>\n51. Jos\u00e9 Sancho (CRC\/Colono Bikestation K\u00f6lbi) a 44:51<br \/>&#13;<br \/>\n52. Brayan Vargas (CRC\/Distribuidora Cruz-Tecnoforest) a 47:02<br \/>&#13;<br \/>\n53. Marcos S\u00e1nchez (CRC\/Distribuidora Cruz-Tecnoforest) a 47:21<br \/>&#13;<br \/>\n54. Kendall Fern\u00e1ndez (CRC\/Sel. de Costa Rica) a 47:51<br \/>&#13;<br \/>\n55. Dorian Monterroso (GUA\/Sel. de Guatemala) a 48:19<br \/>&#13;<br \/>\n56. Alejandro Coto (CRC\/Ciclo Caf\u00e9-Repuestos Mena) a 50:58<br \/>&#13;<br \/>\n57. Derrick Chavarr\u00eda (BIZ\/Momentum Racing-GCS-Quici) a 53:10<br \/>&#13;<br \/>\n58. Jos\u00e9 Castro (CRC\/Ciclo Caf\u00e9-Repuestos Mena) a 53:46<br \/>&#13;<br \/>\n59. Owen Wright (USA\/Canel\u2019s-Java) a 54:13<br \/>&#13;<br \/>\n60. Jonathan Aguilar (CRC\/Sel. de Costa Rica) a 57:01<br \/>&#13;<br \/>\n61. Edgar Grave (GUA\/Sel. de Guatemala) a 58:33<br \/>&#13;<br \/>\n62. Brayan R\u00edos (GUA\/Sel. de Guatemala) a 58:40<br \/>&#13;<br \/>\n63. Niels Matthys (BEL\/Flanders Region) a 58:55<br \/>&#13;<br \/>\n64. John Borstelman (USA\/Momentum Racing-GCS-Quici) a 59:30<br \/>&#13;<br \/>\n65. Luuk Van de Meer (NED\/Universe Cycling) a 59:47<br \/>&#13;<br \/>\n66. Rodrigo Hern\u00e1ndez (CRC\/Costafrut-Giant-AC Marriott) a 1:01:26<br \/>&#13;<br \/>\n67. Alejandro Pati\u00f1o (CRC\/Distribuidora Cruz-Tecnoforest) a 1:01:57<br \/>&#13;<br \/>\n68. Stefan Verhoeff (NED\/Universe Cycling) a 1:02:49<br \/>&#13;<br \/>\n69. Wessel Lange (NED\/Universe Cycling) a 1:03:09<br \/>&#13;<br \/>\n70. Anthony Travez (ECU\/Giant Toscana Mitsubishi) a 1:05:35<br \/>&#13;<br \/>\n71. Pablo C\u00e9sar Cascante (CRC\/7C Economy Hyundai) a 1:07:05<br \/>&#13;<br \/>\n72. Darren Soto (CRC\/Ciclo Caf\u00e9-Repuestos Mena) a 1:09:12<br \/>&#13;<br \/>\n73. Cormac McGeough (IRL\/Canel\u2019s-Java) a 1:10:03<br \/>&#13;<br \/>\n74. Ernesto Fern\u00e1ndez (CRC\/Manzat\u00e9 La Selva-Scott) a 1:12:01<br \/>&#13;<br \/>\n75. Juan Oviedo (CRC\/Distribuidora Cruz-Tecnoforest) a 1:14:39<br \/>&#13;<br \/>\n76. Felipe Aros (USA\/Momentum Racing-GCS-Quici) a 1:16:56<br \/>&#13;<br \/>\n77. Rudy Matzar (GUA\/Sel. de Guatemala) a 1:22:18<br \/>&#13;<br \/>\n78. Henry Huinac (GUA\/Sel. de Guatemala) a 1:23:14<br \/>&#13;<br \/>\n79. Gr\u00e9goire Lemaire (BEL\/Flanders Region) a 1:24:00<br \/>&#13;<br \/>\n80. Camilo Mart\u00ed (CHI\/Plus Performance-Zeo Sport) a 1:24:29<br \/>&#13;<br \/>\n81. William Ch\u00e1vez (CRC\/Distribuidora Cruz-Tecnoforest) a 1:25:11<br \/>&#13;<br \/>\n82. Cas Hermans (BEL\/Flanders Region) a 1:25:13<br \/>&#13;<br \/>\n83. Kyvan Ast\u00faa (CRC\/Sel. de Costa Rica) a 1:31:28<br \/>&#13;<br \/>\n84. Nikos Casto (USA\/Momentum Racing-GCS-Quici) a 1:32:07<br \/>&#13;<br \/>\n85. Derek G\u00f3mez (CRC\/Ciclo Caf\u00e9-Repuestos Mena) a 1:34:32<br \/>&#13;<br \/>\n86. Wannes Verschuere (BEL\/Flanders Region) a 1:35:59<br \/>&#13;<br \/>\n87. Daniel Bonilla Bola\u00f1os (CRC\/Costafrut-Giant-AC Marriott) a 1:45:45<br \/>&#13;<br \/>\n88. Jaylen Brice\u00f1o (BIZ\/Momentum Racing-GCS-Quici) a 1:47:23<br \/>&#13;<br \/>\n89. \u00d3scar Arroyo (CRC\/Costafrut-Giant-AC Marriott) a 1:49:10<br \/>&#13;<br \/>\n90. Cristopher Cruz (CRC\/Sel. de Costa Rica) a 1:52:37<br \/>&#13;<br \/>\n91. Diego Loaiza (CRC\/Ciclo Caf\u00e9-Repuestos Mena) a 2:03:40<br \/>&#13;<br \/>\n92. Niels Van Beurden (NED\/Universe Cycling) a 2:08:09<\/p>\n<p>&#13;<\/p>\n<p><b>Clasificaci\u00f3n general de los Puntos (Top-10):<\/b><br \/>&#13;<br \/>\n1. Jason Huertas (CRC\/Manzat\u00e9 La Selva-Scott) &#8211; 26 pts<br \/>&#13;<br \/>\n2. Daniel Bonilla (CRC\/Colono Bikestation K\u00f6lbi) &#8211; 19 pts<br \/>&#13;<br \/>\n3. Jymmi Santiago Montenegro (ECU\/Movistar Best PC) &#8211; 15<br \/>&#13;<br \/>\n4. Jexon Jos\u00e9 Ledezma (CRC\/Sel. de Costa Rica) &#8211; 15<br \/>&#13;<br \/>\n5. Leandro Varela (CRC\/7C Economy Hyundai) &#8211; 13<br \/>&#13;<br \/>\n6. Efr\u00e9n Santos (MEX\/Canel\u2019s-Java) &#8211; 12<br \/>&#13;<br \/>\n7. Gabriel Rojas (CRC\/Manzat\u00e9 La Selva-Scott) &#8211; 12<br \/>&#13;<br \/>\n8. Alejandro Granados (CRC\/Colono Bikestation K\u00f6lbi) &#8211; 12<br \/>&#13;<br \/>\n9. Sebasti\u00e1n Brenes (CRC\/Canel\u2019s-Java) &#8211; 12<br \/>&#13;<br \/>\n10. Richard Roland Huera (ECU\/Movistar Best PC) &#8211; 10<\/p>\n<p>&#13;<\/p>\n<p><b id=\"P4\"\/><b>Clasificaci\u00f3n general de la Monta\u00f1a (Top-10):<\/b><br \/>&#13;<br \/>\n1. Jymmi Santiago Montenegro (ECU\/Movistar Best PC) &#8211; 40 pts<br \/>&#13;<br \/>\n2. Luis Aguilar (CRC\/7C Economy Hyundai) &#8211; 17<br \/>&#13;<br \/>\n3. Leandro Varela (CRC\/7C Economy Hyundai) &#8211; 11<br \/>&#13;<br \/>\n4. Bryan Salas (CRC\/Costafrut-Giant-AC Marriott) &#8211; 10<br \/>&#13;<br \/>\n5. Sebasti\u00e1n Moya (CRC\/Manzat\u00e9 La Selva-Scott) &#8211; 9<br \/>&#13;<br \/>\n6. Jexon Jos\u00e9 Ledezma (CRC\/Sel. de Costa Rica) &#8211; 8<br \/>&#13;<br \/>\n7. Fredd Matute (HON\/Momentum Racing-GCS-Quici) &#8211; 8<br \/>&#13;<br \/>\n8. Richard Roland Huera (ECU\/Movistar Best PC) &#8211; 8<br \/>&#13;<br \/>\n9. Daniel Bonilla (CRC\/Colono Bikestation K\u00f6lbi) &#8211; 6<br \/>&#13;<br \/>\n10. Gabriel Rojas (CRC\/Manzat\u00e9 La Selva-Scott) &#8211; 6<\/p>\n<p>&#13;<\/p>\n<p><b>Clasificaci\u00f3n general de los J\u00f3venes (Top-10):<\/b><br \/>&#13;<br \/>\n1. Gabriel Pacheco (CRC\/Manzat\u00e9 La Selva-Scott) &#8211; 10:21:22<br \/>&#13;<br \/>\n2. Luis Aguilar (CRC\/7C Economy Hyundai) a 0:36<br \/>&#13;<br \/>\n3. Alejandro Granados (CRC\/Colono Bikestation K\u00f6lbi) a 1:27<br \/>&#13;<br \/>\n4. Daniel G\u00f3mez (CRC\/Ciclo Caf\u00e9-Repuestos Mena) a 3:41<br \/>&#13;<br \/>\n5. Jexon Jos\u00e9 Ledezma (CRC\/Sel. de Costa Rica) a 6:17<br \/>&#13;<br \/>\n6. Sebasti\u00e1n Calder\u00f3n (CRC\/7C Economy Hyundai) a 9:06<br \/>&#13;<br \/>\n7. Luis Monteros (ECU\/Movistar Best PC) a 11:16<br \/>&#13;<br \/>\n8. Erik Pozo (ECU\/Movistar Best PC) a 12:10<br \/>&#13;<br \/>\n9. H\u00e9ctor \u00c1lvarez (ECU\/Movistar Best PC) a 15:05<br \/>&#13;<br \/>\n10. Boud Greefs (BEL\/Flanders Region) a 29:50<\/p>\n<p>&#13;<\/p>\n<p><b id=\"P5\"\/><b>Clasificaci\u00f3n general por Equipos (Top-10):<\/b><br \/>&#13;<br \/>\n1. 7C Economy Hyundai &#8211; 31:05:15<br \/>&#13;<br \/>\n2. Movistar Best PC &#8211; m.t.<br \/>&#13;<br \/>\n3. Colono Bikestation K\u00f6lbi a 2:31<br \/>&#13;<br \/>\n4. Canel\u2019s-Java a 6:36<br \/>&#13;<br \/>\n5. Manzat\u00e9 La Selva-Scott a 11:13<br \/>&#13;<br \/>\n6. Giant Toscana Mitsubishi a 50:55<br \/>&#13;<br \/>\n7. Ciclo Caf\u00e9-Repuestos Mena a 52:36<br \/>&#13;<br \/>\n8. Plus Performance-Zeo Sport a 1:13:34<br \/>&#13;<br \/>\n9. Universe Cycling a 1:34:22<br \/>&#13;<br \/>\n10. Sel. de Costa Rica a 1:49:52<\/p>\n<p>&#13;<br \/>\n&#13;<br \/>\n&#13;<br \/>\nEsCiclismo &#8211; Todos los derechos reservados. Est\u00e1 prohibido todo tipo de reproducci\u00f3n sin autorizaci\u00f3n expresa escrita.<br \/>&#13;<br \/>\n&#13;<\/p>\n<blockquote class=\"style-3\"><p>\ud83d\udce3<\/p>\n<p>Sigue toda la actualidad del mundo del ciclismo en nuestros canales de <a href=\"https:\/\/bit.ly\/WhatsappEsCiclismo\" target=\"_blank\" rel=\"noopener nofollow\"><b>WhatsApp<\/b><\/a> y <a href=\"https:\/\/bit.ly\/EsciclismoTelegram\" target=\"_blank\" rel=\"noopener nofollow\"><b>Telegram<\/b><\/a>, donde recibiras las noticias m\u00e1s destacadas.<\/p>\n<\/blockquote>\n","protected":false},"excerpt":{"rendered":"&#13; &#13; &#13; &#13; &#13; EsCiclismo.com \u00b7 Competici\u00f3n Carretera \u00b7 14\/12\/2025 \u00c9stas son las clasificaciones completas tras la&hellip;\n","protected":false},"author":2,"featured_media":288604,"comment_status":"","ping_status":"","sticky":false,"template":"","format":"standard","meta":{"footnotes":""},"categories":[273],"tags":[313,1757,12652,55199,2828,312,168,35329,7368,1053,25,24,53841,314,5807,61,293,5215,18197,5329,68609,23,167,1357],"class_list":{"0":"post-288603","1":"post","2":"type-post","3":"status-publish","4":"format-standard","5":"has-post-thumbnail","7":"category-ciclismo","8":"tag-ciclismo","9":"tag-ciclista","10":"tag-clasificaciones","11":"tag-completas","12":"tag-costa","13":"tag-cycling","14":"tag-deportes","15":"tag-diciembre","16":"tag-disputada","17":"tag-domingo","18":"tag-es","19":"tag-espana","20":"tag-estas","21":"tag-etapa","22":"tag-exigente","23":"tag-internacional","24":"tag-jornada","25":"tag-kilometros","26":"tag-localidades","27":"tag-montana","28":"tag-rica","29":"tag-spain","30":"tag-sports","31":"tag-vuelta"},"share_on_mastodon":{"url":"https:\/\/pubeurope.com\/@es\/115720504556829224","error":""},"_links":{"self":[{"href":"https:\/\/www.europesays.com\/es\/wp-json\/wp\/v2\/posts\/288603","targetHints":{"allow":["GET"]}}],"collection":[{"href":"https:\/\/www.europesays.com\/es\/wp-json\/wp\/v2\/posts"}],"about":[{"href":"https:\/\/www.europesays.com\/es\/wp-json\/wp\/v2\/types\/post"}],"author":[{"embeddable":true,"href":"https:\/\/www.europesays.com\/es\/wp-json\/wp\/v2\/users\/2"}],"replies":[{"embeddable":true,"href":"https:\/\/www.europesays.com\/es\/wp-json\/wp\/v2\/comments?post=288603"}],"version-history":[{"count":0,"href":"https:\/\/www.europesays.com\/es\/wp-json\/wp\/v2\/posts\/288603\/revisions"}],"wp:featuredmedia":[{"embeddable":true,"href":"https:\/\/www.europesays.com\/es\/wp-json\/wp\/v2\/media\/288604"}],"wp:attachment":[{"href":"https:\/\/www.europesays.com\/es\/wp-json\/wp\/v2\/media?parent=288603"}],"wp:term":[{"taxonomy":"category","embeddable":true,"href":"https:\/\/www.europesays.com\/es\/wp-json\/wp\/v2\/categories?post=288603"},{"taxonomy":"post_tag","embeddable":true,"href":"https:\/\/www.europesays.com\/es\/wp-json\/wp\/v2\/tags?post=288603"}],"curies":[{"name":"wp","href":"https:\/\/api.w.org\/{rel}","templated":true}]}}