{"id":288621,"date":"2025-12-14T23:38:09","date_gmt":"2025-12-14T23:38:09","guid":{"rendered":"https:\/\/www.europesays.com\/es\/288621\/"},"modified":"2025-12-14T23:38:09","modified_gmt":"2025-12-14T23:38:09","slug":"navidad-en-el-camino-programa-de-fiestas-cillorigo-de-liebana-ojedo-26-diciembre-al-27-diciembre","status":"publish","type":"post","link":"https:\/\/www.europesays.com\/es\/288621\/","title":{"rendered":"Navidad en el Camino &#8211; Programa de Fiestas &#8211; Cillorigo de Li\u00e9bana | Ojedo &#8211; 26 diciembre al 27 diciembre"},"content":{"rendered":"<p><strong>Navidad en el Camino<\/strong><\/p>\n<p><strong>Viernes 26 de diciembre<\/strong><br \/>17:00 h. Hinchables infantiles, talleres de chapas y otras actividades para los m\u00e1s peque\u00f1os.<br \/>19:00 a 22:30 h. <strong>Tardeo Musical<\/strong>, actuaci\u00f3n de Fonso Blanco.\u00a0<\/p>\n<p><strong>S\u00e1bado 27 de diciembre <\/strong><br \/><strong>II Mercadillo Navide\u00f1o<\/strong>, con puestos de artesan\u00eda, productos agroalimentarios y segunda mano.<br \/>11:00 h. Apertura de la carpa.<br \/>Hasta las 13:00 h. Recogida de inscripciones para el Concurso de Postres.<br \/>13:30 h. Sorteo.<br \/>14:00 h. Fallo del concurso.<br \/>14:30 h. <strong>Paella popular<\/strong> (paella y pan por 4 \u20ac) y degustaci\u00f3n de T\u00e9 con Orujo, servido por la Cofrad\u00eda del Orujo.<br \/>18:00 h. Sorteos y entrega de premios de los concursos de Decoraci\u00f3n Navide\u00f1a Exterior y Bel\u00e9n.<br \/>19:00 h. Concierto de <strong>\u201cEcos de Cantabria\u201d<\/strong>, para cerrar la jornada con frisuelos y chocolate.<\/p>\n<p>Organiza asociaci\u00f3n sociocultural de Cillorigo<br \/><a href=\"https:\/\/itm.com.es\/mailto:asociacionsociocultural15@gmail.com\" rel=\"nofollow noopener\" target=\"_blank\">asociacionsociocultural15@gmail.com<\/a><\/p>\n<p><strong>Carpa de\u00a0Ojedo<\/strong><\/p>\n<ul>\n<li>(ITM recuerda que los contenidos de la Agenda se ofrecen a modo\u00a0 informativo, ITM no es responsable de las posibles cancelaciones, erratas o cambios en los eventos.\u00a0* La ubicaci\u00f3n en el mapa es orientativa, sugerimos la localizaci\u00f3n del lugar antes de realizar cualquier desplazamiento).<\/li>\n<\/ul>\n<p><strong><br \/><\/strong><\/p>\n","protected":false},"excerpt":{"rendered":"Navidad en el Camino Viernes 26 de diciembre17:00 h. Hinchables infantiles, talleres de chapas y otras actividades para&hellip;\n","protected":false},"author":2,"featured_media":288622,"comment_status":"","ping_status":"","sticky":false,"template":"","format":"standard","meta":{"footnotes":""},"categories":[80],"tags":[82,69330,95,94,25,24,69329,6013,23],"class_list":{"0":"post-288621","1":"post","2":"type-post","3":"status-publish","4":"format-standard","5":"has-post-thumbnail","7":"category-economia","8":"tag-business","9":"tag-cillorigo-de-liebana-ojedo","10":"tag-economia","11":"tag-economy","12":"tag-es","13":"tag-espana","14":"tag-navidad-en-el-camino","15":"tag-programa-de-fiestas","16":"tag-spain"},"share_on_mastodon":{"url":"https:\/\/pubeurope.com\/@es\/115720559483614887","error":""},"_links":{"self":[{"href":"https:\/\/www.europesays.com\/es\/wp-json\/wp\/v2\/posts\/288621","targetHints":{"allow":["GET"]}}],"collection":[{"href":"https:\/\/www.europesays.com\/es\/wp-json\/wp\/v2\/posts"}],"about":[{"href":"https:\/\/www.europesays.com\/es\/wp-json\/wp\/v2\/types\/post"}],"author":[{"embeddable":true,"href":"https:\/\/www.europesays.com\/es\/wp-json\/wp\/v2\/users\/2"}],"replies":[{"embeddable":true,"href":"https:\/\/www.europesays.com\/es\/wp-json\/wp\/v2\/comments?post=288621"}],"version-history":[{"count":0,"href":"https:\/\/www.europesays.com\/es\/wp-json\/wp\/v2\/posts\/288621\/revisions"}],"wp:featuredmedia":[{"embeddable":true,"href":"https:\/\/www.europesays.com\/es\/wp-json\/wp\/v2\/media\/288622"}],"wp:attachment":[{"href":"https:\/\/www.europesays.com\/es\/wp-json\/wp\/v2\/media?parent=288621"}],"wp:term":[{"taxonomy":"category","embeddable":true,"href":"https:\/\/www.europesays.com\/es\/wp-json\/wp\/v2\/categories?post=288621"},{"taxonomy":"post_tag","embeddable":true,"href":"https:\/\/www.europesays.com\/es\/wp-json\/wp\/v2\/tags?post=288621"}],"curies":[{"name":"wp","href":"https:\/\/api.w.org\/{rel}","templated":true}]}}