{"id":288655,"date":"2025-12-15T00:15:09","date_gmt":"2025-12-15T00:15:09","guid":{"rendered":"https:\/\/www.europesays.com\/es\/288655\/"},"modified":"2025-12-15T00:15:09","modified_gmt":"2025-12-15T00:15:09","slug":"el-gesto-de-asencio-as-com","status":"publish","type":"post","link":"https:\/\/www.europesays.com\/es\/288655\/","title":{"rendered":"El gesto de Asencio &#8211; AS.com"},"content":{"rendered":"<p class=\"\">Hay muchos partidos, pero ninguno m\u00e1s importante que el de la vida. El que est\u00e1 disputando, con entereza admirable, sin reblar y sin dejar de mirar hacia adelante, EJ. Detr\u00e1s de esas siglas se esconde<b> El\u00edas, un joven canario de 7 a\u00f1os que es paciente de c\u00e1ncer de m\u00e9dula (<\/b><a href=\"https:\/\/canarias.medulaosea.org\/?utm_source=ig&amp;utm_medium=social&amp;utm_content=link_in_bio&amp;fbclid=PAZXh0bgNhZW0CMTEAc3J0YwZhcHBfaWQMMjU2MjgxMDQwNTU4AAGn113R3zKNmarX-4aC__nYM8ykl8v4Oj06yfMtfJFob9w4ex7FQseCO6dGr4A_aem_gxQKOMtyVYizWF4Rxo-bFQ\" target=\"_self\" rel=\"nofollow noopener\" title=\"https:\/\/canarias.medulaosea.org\/?utm_source=ig&amp;utm_medium=social&amp;utm_content=link_in_bio&amp;fbclid=PAZXh0bgNhZW0CMTEAc3J0YwZhcHBfaWQMMjU2MjgxMDQwNTU4AAGn113R3zKNmarX-4aC__nYM8ykl8v4Oj06yfMtfJFob9w4ex7FQseCO6dGr4A_aem_gxQKOMtyVYizWF4Rxo-bFQ\"><b>plan nacional de donaci\u00f3n<\/b><\/a><b>)<\/b>. Un luchador, un guerrero, un madridista que encontr\u00f3 en otro guerrero uno de los asideros para seguir mirando hacia adelante. En <b>Ra\u00fal Asencio<\/b>. Un \u00eddolo que convirti\u00f3 una visita en mucho m\u00e1s que un gesto. <\/p>\n<p class=\"\">El viernes fue el d\u00eda. El que El\u00edas se llev\u00f3 una alegr\u00eda may\u00fascula, un chute de esperanza. <b>La que sinti\u00f3 cuando vio aparecer detr\u00e1s del cristal a Asencio.<\/b> El madridista se person\u00f3 junto a Gloria \u00c1lvarez, gerente de la Fundaci\u00f3n Canaria de la FIFLP. Gloria ha acompa\u00f1ado a la familia del peque\u00f1o El\u00edas durante todo el proceso. Y sigue haci\u00e9ndolo. Y encontr\u00f3 en Ra\u00fal la ayuda para seguir trabajando, animando. Un encuentro donde brotaron l\u00e1grimas a pesar de la distancia. Donde Asencio no solo salud\u00f3, sino que dej\u00f3 huella. Abraz\u00f3 desde la distancia. Le transmiti\u00f3 un mensaje de fuerza y, sobre todo, de admiraci\u00f3n a <b>El\u00edas. Que vio c\u00f3mo \u00e9l es \u00eddolo de su \u00eddolo<\/b>.<\/p>\n<p class=\"\">Un cara a cara que resumi\u00f3 as\u00ed <a href=\"https:\/\/www.instagram.com\/p\/DSLA36ICGgR\/?img_index=2&amp;igsh=MThscXNvNG1pYXJoOQ%3D%3D\" target=\"_self\" rel=\"nofollow noopener\" title=\"https:\/\/www.instagram.com\/p\/DSLA36ICGgR\/?img_index=2&amp;igsh=MThscXNvNG1pYXJoOQ%3D%3D\">una cuenta de seguidores del madridista<\/a>: \u201c<b>Lo de Ra\u00fal Asencio y EJ no fue una simple visita; fue un recordatorio silencioso de que, incluso en medio de la batalla m\u00e1s injusta, todav\u00eda quedan manos \u2014aunque no puedan tocar\u2014 capaces de sostenerte<\/b>. A veces la vida duele, se vuelve fr\u00eda, se vuelve pesada\u2026 y aun as\u00ed, aparece alguien que con una mirada devuelve un poco de aire, un poco de luz, un poco de fuerza. Eso hizo Ra\u00fal: detener el mundo por un instante para que EJ recordara que sigue siendo un guerrero, que su lucha importa, que su vida importa\u00bb. <\/p>\n<p class=\"\">Y finalizaron: \u201cPorque hay gestos que llegan m\u00e1s profundo que cualquier palabra, y <b>hay corazones que abrazan incluso con un cristal de por medio.<\/b> En ese pasillo de hospital, no hubo distancia. Hubo<b> dos almas que se reconocieron: una que resiste\u2026 y otra que vino a sostenerla. <\/b>Y en ese cruce, en ese segundo que casi nadie ve, naci\u00f3 algo que no se rompe: esperanza. De la que cura. De la que levanta. De la que da ganas de seguir, aunque todo duela\u00bb. <\/p>\n<p>Noticias relacionadas<\/p>\n<p class=\"\"><b>\u00a1Tus opiniones importan!<\/b> Comenta en los art\u00edculos y suscr\u00edbete gratis a nuestra <a href=\"https:\/\/asfan.as.com\/newsletters\/\" target=\"_blank\" rel=\"nofollow noopener\" title=\"https:\/\/asfan.as.com\/newsletters\/\">newsletter<\/a> y a las alertas informativas en la <a href=\"https:\/\/as.com\/aplicacion-de-as-n\/\" target=\"_blank\" rel=\"nofollow noopener\" title=\"https:\/\/as.com\/aplicacion-de-as-n\/\">App<\/a> o el canal de <a href=\"https:\/\/www.whatsapp.com\/channel\/0029VaAasdA7j6g745nz9M10\" target=\"_blank\" rel=\"nofollow noopener\" title=\"https:\/\/www.whatsapp.com\/channel\/0029VaAasdA7j6g745nz9M10\">WhatsApp<\/a>. <\/p>\n<p class=\"\">\u00bfBuscas licenciar contenido? Haz clic <a href=\"https:\/\/profesional.elpais.com\/soluciones-sindicacion?utm_medium=interno&amp;utm_source=crosslinking&amp;utm_campaign=sindicacion_as_pie_articulos\" target=\"_blank\" rel=\"nofollow noopener\" title=\"https:\/\/profesional.elpais.com\/soluciones-sindicacion?utm_medium=interno&amp;utm_source=crosslinking&amp;utm_campaign=sindicacion_as_pie_articulos\">aqu\u00ed<\/a><\/p>\n<p><script async src=\"\/\/www.instagram.com\/embed.js\"><\/script><\/p>\n","protected":false},"excerpt":{"rendered":"Hay muchos partidos, pero ninguno m\u00e1s importante que el de la vida. El que est\u00e1 disputando, con entereza&hellip;\n","protected":false},"author":2,"featured_media":288656,"comment_status":"","ping_status":"","sticky":false,"template":"","format":"standard","meta":{"footnotes":""},"categories":[268],"tags":[168,25,24,280,282,281,23,167],"class_list":{"0":"post-288655","1":"post","2":"type-post","3":"status-publish","4":"format-standard","5":"has-post-thumbnail","7":"category-futbol","8":"tag-deportes","9":"tag-es","10":"tag-espana","11":"tag-football","12":"tag-futbol","13":"tag-soccer","14":"tag-spain","15":"tag-sports"},"share_on_mastodon":{"url":"https:\/\/pubeurope.com\/@es\/115720704713364136","error":""},"_links":{"self":[{"href":"https:\/\/www.europesays.com\/es\/wp-json\/wp\/v2\/posts\/288655","targetHints":{"allow":["GET"]}}],"collection":[{"href":"https:\/\/www.europesays.com\/es\/wp-json\/wp\/v2\/posts"}],"about":[{"href":"https:\/\/www.europesays.com\/es\/wp-json\/wp\/v2\/types\/post"}],"author":[{"embeddable":true,"href":"https:\/\/www.europesays.com\/es\/wp-json\/wp\/v2\/users\/2"}],"replies":[{"embeddable":true,"href":"https:\/\/www.europesays.com\/es\/wp-json\/wp\/v2\/comments?post=288655"}],"version-history":[{"count":0,"href":"https:\/\/www.europesays.com\/es\/wp-json\/wp\/v2\/posts\/288655\/revisions"}],"wp:featuredmedia":[{"embeddable":true,"href":"https:\/\/www.europesays.com\/es\/wp-json\/wp\/v2\/media\/288656"}],"wp:attachment":[{"href":"https:\/\/www.europesays.com\/es\/wp-json\/wp\/v2\/media?parent=288655"}],"wp:term":[{"taxonomy":"category","embeddable":true,"href":"https:\/\/www.europesays.com\/es\/wp-json\/wp\/v2\/categories?post=288655"},{"taxonomy":"post_tag","embeddable":true,"href":"https:\/\/www.europesays.com\/es\/wp-json\/wp\/v2\/tags?post=288655"}],"curies":[{"name":"wp","href":"https:\/\/api.w.org\/{rel}","templated":true}]}}