{"id":288678,"date":"2025-12-15T00:39:08","date_gmt":"2025-12-15T00:39:08","guid":{"rendered":"https:\/\/www.europesays.com\/es\/288678\/"},"modified":"2025-12-15T00:39:08","modified_gmt":"2025-12-15T00:39:08","slug":"asi-pito-garcia-verdura-la-galerna","status":"publish","type":"post","link":"https:\/\/www.europesays.com\/es\/288678\/","title":{"rendered":"As\u00ed pit\u00f3 Garc\u00eda Verdura &#8211; La Galerna"},"content":{"rendered":"<p>Arbitr\u00f3 V\u00edctor Garc\u00eda Verdura del colegio catal\u00e1n. En el VAR estuvo un desvergonzado cuyo nombre y apellidos no vamos a mentar.<\/p>\n<p>Todo el partido con la sensaci\u00f3n de estar esperando cualquier jugada y acci\u00f3n para perjudicar al Real Madrid. Se mascaba en el ambiente. En la sala VOR, el inmoral que en la previa de la final de Copa carg\u00f3 y amenaz\u00f3 contra el equipo blanco. Es un gremio repulsivo y no tiene pinta de que vaya a cambiar.<\/p>\n<p>La sinvergonzoner\u00eda de no pitar el penalti a Vin\u00edcius de Tenaglia es uno de los esc\u00e1ndalos de la Liga. Pero no pasar\u00e1 nada. Garc\u00eda Verdura dijo que no y el indecente que manejaba el VAR apag\u00f3 las luces de toda Las Rozas para no ver las im\u00e1genes.<\/p>\n<p>En los primeros 5 minutos dos entradas a Mbapp\u00e9 casi lesionaron al franc\u00e9s. En la primera, el catal\u00e1n no pit\u00f3 ni falta. Barra libre. Quiso templar \u00e1nimos con la amarilla, que era muy oscura, a Parada, por una dura patada a Valverde. Luego, en el 27&#8242;, anul\u00f3 un gol a Bellingham por mano previa.<\/p>\n<p>En la segunda mitad, mostr\u00f3 tres tarjetas m\u00e1s. Una a Vin\u00edcius por pisar a Carlos Vicente en el 67&#8242;, otra a Rebbach por protestar en el 89\u2019 y la \u00faltima a Guevara por agarrar a Bellingham en el 92&#8242;.<\/p>\n<p>Adem\u00e1s, dej\u00f3 una de las im\u00e1genes de la jornada al pitar una falta de Tchouam\u00e9ni cuando limpia abajo claramente el bal\u00f3n. Muy fr\u00edo estuvo el franc\u00e9s al no protestar, porque si les dices lo mal\u00edsimos que son se ponen como un basilisco.<\/p>\n<p>El VAR tuvo que intervenir en el 69&#8242; para conceder el gol a Carlos Vicente que no estaba en fuera de juego.<\/p>\n<p>Al final, a\u00f1adi\u00f3 6 minutos. Ojal\u00e1 fueran tan espl\u00e9ndidos en otros partidos.<\/p>\n<p>Garc\u00eda Verdura, <strong>REPROBABLE<\/strong>. El inmoral del VAR, <strong>EXECRABLE<\/strong>.<\/p>\n<p>\u00a0<\/p>\n<p>Getty Images<\/p>\n","protected":false},"excerpt":{"rendered":"Arbitr\u00f3 V\u00edctor Garc\u00eda Verdura del colegio catal\u00e1n. En el VAR estuvo un desvergonzado cuyo nombre y apellidos no&hellip;\n","protected":false},"author":2,"featured_media":288679,"comment_status":"","ping_status":"","sticky":false,"template":"","format":"standard","meta":{"footnotes":""},"categories":[268],"tags":[168,25,24,280,282,281,23,167],"class_list":{"0":"post-288678","1":"post","2":"type-post","3":"status-publish","4":"format-standard","5":"has-post-thumbnail","7":"category-futbol","8":"tag-deportes","9":"tag-es","10":"tag-espana","11":"tag-football","12":"tag-futbol","13":"tag-soccer","14":"tag-spain","15":"tag-sports"},"share_on_mastodon":{"url":"https:\/\/pubeurope.com\/@es\/115720799385004311","error":""},"_links":{"self":[{"href":"https:\/\/www.europesays.com\/es\/wp-json\/wp\/v2\/posts\/288678","targetHints":{"allow":["GET"]}}],"collection":[{"href":"https:\/\/www.europesays.com\/es\/wp-json\/wp\/v2\/posts"}],"about":[{"href":"https:\/\/www.europesays.com\/es\/wp-json\/wp\/v2\/types\/post"}],"author":[{"embeddable":true,"href":"https:\/\/www.europesays.com\/es\/wp-json\/wp\/v2\/users\/2"}],"replies":[{"embeddable":true,"href":"https:\/\/www.europesays.com\/es\/wp-json\/wp\/v2\/comments?post=288678"}],"version-history":[{"count":0,"href":"https:\/\/www.europesays.com\/es\/wp-json\/wp\/v2\/posts\/288678\/revisions"}],"wp:featuredmedia":[{"embeddable":true,"href":"https:\/\/www.europesays.com\/es\/wp-json\/wp\/v2\/media\/288679"}],"wp:attachment":[{"href":"https:\/\/www.europesays.com\/es\/wp-json\/wp\/v2\/media?parent=288678"}],"wp:term":[{"taxonomy":"category","embeddable":true,"href":"https:\/\/www.europesays.com\/es\/wp-json\/wp\/v2\/categories?post=288678"},{"taxonomy":"post_tag","embeddable":true,"href":"https:\/\/www.europesays.com\/es\/wp-json\/wp\/v2\/tags?post=288678"}],"curies":[{"name":"wp","href":"https:\/\/api.w.org\/{rel}","templated":true}]}}