{"id":288714,"date":"2025-12-15T01:11:08","date_gmt":"2025-12-15T01:11:08","guid":{"rendered":"https:\/\/www.europesays.com\/es\/288714\/"},"modified":"2025-12-15T01:11:08","modified_gmt":"2025-12-15T01:11:08","slug":"no-puedes-inhabilitar-a-una-persona","status":"publish","type":"post","link":"https:\/\/www.europesays.com\/es\/288714\/","title":{"rendered":"\u00abNo puedes inhabilitar a una persona\u00bb"},"content":{"rendered":"<p>\t\t\t \t\t \t\t\t\t\t\t\tCarmen Morales, en la alfombra roja de los premios Forqu\u00e9 <strong class=\"pd-l\">Alberto Ortega | EUROPA PRESS  <\/strong><\/p>\n<p>\t\t\t\t\t\tLa sobrina de Miguel Morales ha hablado sobre la complicada situaci\u00f3n econ\u00f3mica que est\u00e1n pasando si t\u00eda y su prima Alejandra<br \/>\n\t\t\t\t\t\t\t\t\t\t\t\t<strong>14 dic 2025<\/strong> . Actualizado a las 17:22 h.\t\t\t\t\t\t<\/p>\n<p class=\"first-paragraph txt\"><a class=\"link-txt\" href=\"https:\/\/www.lavozdegalicia.es\/noticia\/gente\/2025\/12\/10\/fedra-lorente-arruinada-tras-muerte-marido\/00031765375900913554900.htm\" rel=\"nofollow noopener\" target=\"_blank\"><strong>Fedra Lorente<\/strong> confes\u00f3 la semana pasada el dif\u00edcil momento econ\u00f3mico<\/a> que est\u00e1 viviendo junto a su hija Alejandra tras el <strong>fallecimiento de su marido Miguel Morales<\/strong> el pasado septiembre. <strong>Asediada por las deudas<\/strong>, ha tenido que recurrir a C\u00e1ritas para salir adelante.<\/p>\n<p class=\"txt\">Sin embargo, todo comenz\u00f3 antes de que el m\u00fasico falleciera, con <strong>una estafa que su hija cifra en unos 150.000 euros<\/strong>. A su lado desde el primer momento, los hijos de su cu\u00f1ada Roc\u00edo D\u00farcal, Antonio, Carmen y Shaila, cierran filas. \u00abNo puedes inhabilitar a una persona, quitarle las tarjetas, la cuenta\u00bb, ha dicho Carmen Morales sobre las dificultades que han encontrado.<\/p>\n<p class=\"txt\">El <strong>calvario comenz\u00f3 hace cuatro a\u00f1os<\/strong> y su hija fue una de las primeras en percatarse, pero no pudo hacer nada. \u00abHa sido una lucha, yo ya estaba llorando pidi\u00e9ndole que denunciara, que lo solucionara\u00bb, ha contado Alejandra en el programa Fiesta donde ha relatado que lleg\u00f3 a ir a la polic\u00eda con capturas de pantalla, \u00abpero, al ser un tercero, no pod\u00eda hacerlo\u00bb. \u00abPodemos hablar de <strong>ruina.<\/strong> Me doy cuenta, pero de las estafas, cuando muere mi padre es cuando se abre todo.\u00a0En casa <strong>no hab\u00eda mucho dinero<\/strong>, pero no piensas que se lo hab\u00eda gastado todo. Piensas que hay fondos, un peso detr\u00e1s. No hay nada, son<strong> deudas y deudas<\/strong>\u00bb, ha lamentado junto a Emma Garc\u00eda.<\/p>\n<p class=\"txt\">La propia Fedra ha agradecido p\u00fablicamente la ayuda de sus sobrinos, especialmente, de Antonio y de Carmen, que se hicieron cargo del <strong>coste del funeral del miembro de Los Brincos<\/strong>. El hijo mayor de Roc\u00edo D\u00farcal y Junior, adem\u00e1s, se est\u00e1 encargando de todo el papeleo y las gestiones, tal como ha confirmado su hermana Carmen.<\/p>\n<p class=\"txt\">\u00abMi t\u00eda Fedra ha dicho que no sab\u00edamos nada por protegernos un poco.\u00a0Mi hermano y yo hemos estado al tanto de todo\u00bb, ha explicado. \u00abMi hermano est\u00e1 ayudando en todo el tema de abogados, notar\u00eda\u00bb, ha precisado.<\/p>\n<p class=\"txt\">Carmen Morales tambi\u00e9n ha subrayado que, aunque todos<strong> sab\u00edan lo que pasaba<\/strong>, estaban atados de manos para actuar. \u00abYo le quise hacer ver que todo<strong> era una estafa<\/strong>, pero \u00e9l no quiso verlo. Yo le dije que eso no era real, pero se lo tom\u00f3 a la defensiva\u00bb, ha recordado.\u00a0<\/p>\n<p class=\"txt\">\u00abEs muy complicado hacer ver a una persona que piensa que est\u00e1 haciendo el bien, que est\u00e1 siendo estafado\u00bb, ha dicho, porque \u00abno se puede hacer nada radical cuando \u00e9l estaba perfectamente en su sano juicio. <strong>No se puede inhabilitar a una persona<\/strong>, quitarle las tarjetas, la cuenta\u2026\u00bb.<\/p>\n<p class=\"txt\">\u00abLo que tenemos que hacer ahora es <strong>ayudar a mi t\u00eda y a mi prima lo m\u00e1ximo posible<\/strong>, en lo econ\u00f3mico incluso\u00bb, ha expresado. \u00abTenemos que estar ah\u00ed a la m\u00e1xima potencia, solventar y ayudar como podamos tanto an\u00edmicamente como econ\u00f3micamente, por supuesto.\u00a0Siempre va a tener nuestra ayuda\u00bb, ha zanjado.<\/p>\n<p class=\"txt\">En el mismo sentido se ha pronunciado Shaila D\u00farcal, que ha acudido junto a su hermana a la ceremonia de los Premios Forqu\u00e9: \u00abNo tengo toda la informaci\u00f3n, pero somos una familia que nos apoyamos siempre much\u00edsimo y nos damos mucho amor y cari\u00f1o.\u00a0Estamos para los momentos buenos, los regulares, y los d\u00e9biles tambi\u00e9n\u00bb.\u00a0<\/p>\n<p class=\"ladillo\">Detalles de la estafa<\/p>\n<p class=\"txt\">\u00a0Francis Cervera, amigo de Miguel y compa\u00f1ero en Los Brincos, detall\u00f3 en el programa Y ahora Sonsoles los <strong>detalles del enga\u00f1o<\/strong>. Todo comenz\u00f3 cuando una supuesta militar que dec\u00eda trabajar en una misi\u00f3n de paz en un pa\u00eds africano le pidi\u00f3 ayuda econ\u00f3mica. Esa fue la <strong>primera estafa<\/strong>. Despu\u00e9s de perder un importante suma de dinero, unos supuestos abogados le prometieron recuperarlo a cambio de nuevos pagos. La tercera estafa vino a trav\u00e9s de unos falsos t\u00e9cnicos inform\u00e1ticos que se hac\u00edan pasar por t\u00e9cnicos de soporte.<\/p>\n<p class=\"txt\">Cuando la situaci\u00f3n se hizo insostenible, el cu\u00f1ado de Roc\u00edo D\u00farcal contrat\u00f3 una hipoteca inversa para hacer frente a las deudas en el 2021. Un pr\u00e9stamo cercano a los 160.000 euros para el que puso su casa como aval. El cr\u00e9dito, con un inter\u00e9s compuesto del 7 % mensual, ha provocado que la deuda supere en la actualidad los<strong> 220.000 euros<\/strong> y siga creciendo con el paso del tiempo.<\/p>\n<p class=\"txt\">Ahora, todo el empe\u00f1o de la familia es buscar una salida a este <strong>laberinto financiero<\/strong> al que se suman los cuatro a\u00f1os que llevan sin abonar los gastos de comunidad. \u00abCuando yo me muera, esta deuda tiene que estar solventada porque\u00a0no quiero que mi hija se quede en la calle\u00bb, ha concluido Fedra Lorente, que tras hablar para la revista Semana se ha sentado en el plat\u00f3 de \u00a1De viernes!.<\/p>\n<p>&#13;<br \/>\n\tArchivado en:&#13;<br \/>\n\t\t\t\t\t<a href=\"https:\/\/www.lavozdegalicia.es\/temas\/estafas\/\" target=\"_blank\" class=\"mg-l\" rel=\"nofollow noopener\">Estafas<\/a>&#13;<br \/>\n\t&#13;<\/p>\n","protected":false},"excerpt":{"rendered":"Carmen Morales, en la alfombra roja de los premios Forqu\u00e9 Alberto Ortega | EUROPA PRESS La sobrina de&hellip;\n","protected":false},"author":2,"featured_media":288715,"comment_status":"","ping_status":"","sticky":false,"template":"","format":"standard","meta":{"footnotes":""},"categories":[91],"tags":[146,147,25,24,18495,23],"class_list":{"0":"post-288714","1":"post","2":"type-post","3":"status-publish","4":"format-standard","5":"has-post-thumbnail","7":"category-entretenimiento","8":"tag-entertainment","9":"tag-entretenimiento","10":"tag-es","11":"tag-espana","12":"tag-estafas","13":"tag-spain"},"share_on_mastodon":{"url":"https:\/\/pubeurope.com\/@es\/115720925117292950","error":""},"_links":{"self":[{"href":"https:\/\/www.europesays.com\/es\/wp-json\/wp\/v2\/posts\/288714","targetHints":{"allow":["GET"]}}],"collection":[{"href":"https:\/\/www.europesays.com\/es\/wp-json\/wp\/v2\/posts"}],"about":[{"href":"https:\/\/www.europesays.com\/es\/wp-json\/wp\/v2\/types\/post"}],"author":[{"embeddable":true,"href":"https:\/\/www.europesays.com\/es\/wp-json\/wp\/v2\/users\/2"}],"replies":[{"embeddable":true,"href":"https:\/\/www.europesays.com\/es\/wp-json\/wp\/v2\/comments?post=288714"}],"version-history":[{"count":0,"href":"https:\/\/www.europesays.com\/es\/wp-json\/wp\/v2\/posts\/288714\/revisions"}],"wp:featuredmedia":[{"embeddable":true,"href":"https:\/\/www.europesays.com\/es\/wp-json\/wp\/v2\/media\/288715"}],"wp:attachment":[{"href":"https:\/\/www.europesays.com\/es\/wp-json\/wp\/v2\/media?parent=288714"}],"wp:term":[{"taxonomy":"category","embeddable":true,"href":"https:\/\/www.europesays.com\/es\/wp-json\/wp\/v2\/categories?post=288714"},{"taxonomy":"post_tag","embeddable":true,"href":"https:\/\/www.europesays.com\/es\/wp-json\/wp\/v2\/tags?post=288714"}],"curies":[{"name":"wp","href":"https:\/\/api.w.org\/{rel}","templated":true}]}}