{"id":288746,"date":"2025-12-15T01:38:09","date_gmt":"2025-12-15T01:38:09","guid":{"rendered":"https:\/\/www.europesays.com\/es\/288746\/"},"modified":"2025-12-15T01:38:09","modified_gmt":"2025-12-15T01:38:09","slug":"jose-carlos-gutierrez-romero-nuevo-vestidor-de-la-macarena","status":"publish","type":"post","link":"https:\/\/www.europesays.com\/es\/288746\/","title":{"rendered":"Jos\u00e9 Carlos Guti\u00e9rrez Romero, nuevo vestidor de la Macarena"},"content":{"rendered":"<p style=\"\"><strong>La junta de gobierno de la hermandad de la Macarena,<\/strong> reunida en su primer cabildo de oficiales celebrado al d\u00eda siguiente de la toma de posesi\u00f3n,<strong> ha acordado que Jos\u00e9 Carlos Guti\u00e9rrez Romero sea el nuevo vestidor del Se\u00f1or de la Sentencia y <\/strong> &#8230; <strong>de la Macarena,<\/strong> mientras que <strong>Miguel Fern\u00e1ndez Carrasco ser\u00e1 el encargado de ataviar a Nuestra Se\u00f1ora del Rosario.<\/strong><\/p>\n<p class=\"voc-p\" style=\"\"><strong>Dos vestidores en la hermandad<\/strong>. Jos\u00e9 Carlos Guti\u00e9rrez Romero, natural de Jerez, es el encargado de ataviar a relevantes devociones de la citada localidad como a los titulares del Transporte o la Yedra, mientras que Miguel Fern\u00e1ndez Carrasco desarrolla su labor en Sevilla como vestidor de im\u00e1genes como la Virgen de Loreto de San Isidoro, la Virgen de la Salud de San Isidoro, la Virgen de la Encarnaci\u00f3n de la Barzola, la Virgen de la Merced de las Mercedarias, la Virgen del Pilar de San Pedro u otras como la Virgen de Gracia de Almad\u00e9n de la Plata o la Divina Pastora de Alcal\u00e1 de Guada\u00edra, un joven macareno. <\/p>\n<p class=\"voc-p\" style=\"\">De este modo, <strong>Jos\u00e9 Manuel Lozano,<\/strong> quien ven\u00eda desempe\u00f1ando la labor de vestidor de los titulares de la hermandad de la Macarena en los \u00faltimos diez a\u00f1os, <strong>no continuar\u00e1 en dicho cometido<\/strong> tras el cabildo de la junta de gobierno encabezada por Fernando Fern\u00e1ndez Cabezuelo.<\/p>\n<p class=\"voc-p\" style=\"\">Por otra parte, la hermandad ha acordado el nombramiento de<strong> Mar\u00eda Isabel Gil-Delgado Queralt<\/strong> como camarera honoraria; de <strong>Ana del Peso Sainz de la Maza, Dolores V\u00e1zquez Lora y Rosa Mar\u00eda Arcos Lavado<\/strong> como camareras de Mar\u00eda Sant\u00edsima de la Esperanza Macarena; de<strong> Mercedes Mor\u00f3n Laguillo<\/strong> como camarera de Nuestra Se\u00f1ora del Rosario; y de <strong>Teresa Manosalbas Gonz\u00e1lez<\/strong> como camarera de altares.<\/p>\n<p class=\"voc-p\" style=\"\">Asimismo, han sido designados <strong>Jos\u00e9 Gonz\u00e1lez Jim\u00e9nez, Manuel Lora Gonz\u00e1lez y Miguel \u00c1ngel Gonz\u00e1lez-Caba\u00f1as Garc\u00eda<\/strong> como camareros del Se\u00f1or de la Sentencia, mientras que <strong>Lilia Kiryukhina<\/strong> asume la responsabilidad de directora de la coral polif\u00f3nica y de la escolan\u00eda Esperanza Macarena.<\/p>\n","protected":false},"excerpt":{"rendered":"La junta de gobierno de la hermandad de la Macarena, reunida en su primer cabildo de oficiales celebrado&hellip;\n","protected":false},"author":2,"featured_media":288747,"comment_status":"","ping_status":"","sticky":false,"template":"","format":"standard","meta":{"footnotes":""},"categories":[8],"tags":[17,18,415,25,24,13,14,8218,11,2467,19,20,60,9,10,15,16,524,13603,23,12,21,22,69356],"class_list":{"0":"post-288746","1":"post","2":"type-post","3":"status-publish","4":"format-standard","5":"has-post-thumbnail","7":"category-espana","8":"tag-breaking-news","9":"tag-breakingnews","10":"tag-carlos","11":"tag-es","12":"tag-espana","13":"tag-featured-news","14":"tag-featurednews","15":"tag-gutierrez","16":"tag-headlines","17":"tag-jose","18":"tag-latest-news","19":"tag-latestnews","20":"tag-macarena","21":"tag-news","22":"tag-noticias","23":"tag-noticias-destacadas","24":"tag-noticiasdestacadas","25":"tag-nuevo","26":"tag-romero","27":"tag-spain","28":"tag-titulares","29":"tag-ultimas-noticias","30":"tag-ultimasnoticias","31":"tag-vestidor"},"share_on_mastodon":{"url":"https:\/\/pubeurope.com\/@es\/115721031160367479","error":""},"_links":{"self":[{"href":"https:\/\/www.europesays.com\/es\/wp-json\/wp\/v2\/posts\/288746","targetHints":{"allow":["GET"]}}],"collection":[{"href":"https:\/\/www.europesays.com\/es\/wp-json\/wp\/v2\/posts"}],"about":[{"href":"https:\/\/www.europesays.com\/es\/wp-json\/wp\/v2\/types\/post"}],"author":[{"embeddable":true,"href":"https:\/\/www.europesays.com\/es\/wp-json\/wp\/v2\/users\/2"}],"replies":[{"embeddable":true,"href":"https:\/\/www.europesays.com\/es\/wp-json\/wp\/v2\/comments?post=288746"}],"version-history":[{"count":0,"href":"https:\/\/www.europesays.com\/es\/wp-json\/wp\/v2\/posts\/288746\/revisions"}],"wp:featuredmedia":[{"embeddable":true,"href":"https:\/\/www.europesays.com\/es\/wp-json\/wp\/v2\/media\/288747"}],"wp:attachment":[{"href":"https:\/\/www.europesays.com\/es\/wp-json\/wp\/v2\/media?parent=288746"}],"wp:term":[{"taxonomy":"category","embeddable":true,"href":"https:\/\/www.europesays.com\/es\/wp-json\/wp\/v2\/categories?post=288746"},{"taxonomy":"post_tag","embeddable":true,"href":"https:\/\/www.europesays.com\/es\/wp-json\/wp\/v2\/tags?post=288746"}],"curies":[{"name":"wp","href":"https:\/\/api.w.org\/{rel}","templated":true}]}}