{"id":28881,"date":"2025-08-06T06:59:09","date_gmt":"2025-08-06T06:59:09","guid":{"rendered":"https:\/\/www.europesays.com\/es\/28881\/"},"modified":"2025-08-06T06:59:09","modified_gmt":"2025-08-06T06:59:09","slug":"se-paso-de-la-raya","status":"publish","type":"post","link":"https:\/\/www.europesays.com\/es\/28881\/","title":{"rendered":"Se pas\u00f3 de la raya"},"content":{"rendered":"<p>Un mes se va a cumplir desde que <a href=\"https:\/\/www.record.com.mx\/formula1\/se-acabo-la-temporada-el-panorama-de-verstappen-tras-la-primera-mitad-del-2025-en-f1\" rel=\"nofollow noopener\" target=\"_blank\"><strong>Red Bull<\/strong><\/a> sorprendi\u00f3 con la noticia del despido de <strong>Christian Horner<\/strong>. El brit\u00e1nico dej\u00f3 a los de Milton Keynes despu\u00e9s de 20 a\u00f1os y a pesar de su salida, todav\u00eda sigue siendo tema de conversaci\u00f3n en el paddock de la <a href=\"https:\/\/www.record.com.mx\/formula1\/emocionado-y-sin-voz-esta-fue-la-reaccion-de-lando-norris-tras-ganar-el-gp-de-hungria\" rel=\"nofollow noopener\" target=\"_blank\"><strong>F\u00f3rmula 1<\/strong><\/a>.\u00a0<\/p>\n<p><a href=\"https:\/\/www.record.com.mx\/formula1\/toto-wolff-en-desacuerdo-con-declaraciones-de-lewis-hamilton-es-el-mejor-de-todos-los\" rel=\"nofollow noopener\" target=\"_blank\"><strong>Toto Wolff<\/strong><\/a> y <strong>Zak Brown<\/strong>, los m\u00e1s grandes \u00abrivales\u00bb de Horner en las \u00faltimas temporadas recientes, fueron quienes hablaron sobre la situaci\u00f3n del brit\u00e1nico en los dos \u00faltimos Grandes Premios. Sin embargo, ambos tuvieron posturas distintas respecto a quien fue por varios a\u00f1os su hom\u00f3logo.\u00a0 <img loading=\"lazy\" decoding=\"async\" data-entity-uuid=\"e9fe7ce4-df73-4abb-9fd7-e6f347bd1577\" data-entity-type=\"file\" src=\"https:\/\/www.europesays.com\/es\/wp-content\/uploads\/2025\/08\/SI202210220467 (1).jpg\" width=\"1200\" height=\"853\" alt=\"Brown no disimul\u00f3 su cr\u00edtica a Horner\" data-caption=\"Brown no disimul\u00f3 su cr\u00edtica a Horner | RED BULL\u00a0\"\/><\/p>\n<p>Brown no disimul\u00f3 su cr\u00edtica a Horner | RED BULL\u00a0<\/p>\n<p>Zak Brown &#8216;celebr\u00f3&#8217; salida de Horner\u00a0<\/p>\n<p>Mientras que en el <strong>Gran Premio de B\u00e9lgica<\/strong>, Toto, director de <strong>Mercedes<\/strong>, brome\u00f3 y se\u00f1al\u00f3 que esperaba que Horner no llegara a la <strong>FIA<\/strong>, Brown, CEO de <strong>McLaren<\/strong>, fue m\u00e1s serio en sus comentarios el pasado <strong>Gran Premio de Hungr\u00eda<\/strong>. \u00abSe pas\u00f3 de la raya\u00bb, declar\u00f3 respecto a Horner.\u00a0<\/p>\n<p>En entrevista con The Telegraph, Brown acus\u00f3 que Horner llev\u00f3 al extremo las disputas \u00abpol\u00edticas\u00bb que existen dentro de la F\u00f3rmula 1. \u00abSiempre habr\u00e1 pol\u00edtica en la F\u00f3rmula 1 \u2014 intentos de atacar los &#8216;flexi-wings&#8217; y cosas as\u00ed \u2014 pero cuando empiezas con acusaciones fr\u00edvolas, simplemente se excede el l\u00edmite\u00bb.\u00a0<\/p>\n<p>\u00abSi ahora miro el pit lane, veo que todav\u00eda peleamos duro en lo pol\u00edtico, pero no se cruzan l\u00edmites \u2014 algo que s\u00ed pasaba antes\u00bb, a\u00f1adi\u00f3 el estadounidense.\u00a0<\/p>\n<p><img loading=\"lazy\" decoding=\"async\" data-entity-uuid=\"64c5617a-7105-4dcc-bf9a-1e351814ba3e\" data-entity-type=\"file\" src=\"https:\/\/www.europesays.com\/es\/wp-content\/uploads\/2025\/08\/AP25215514691201.jpg\" width=\"1024\" height=\"683\" alt=\"Brown no tuvo en problema en quejarse de Horner\" data-caption=\"Brown no tuvo en problema en quejarse de Horner | AP\"\/><\/p>\n<p>Brown no tuvo en problema en quejarse de Horner | AP<\/p>\n<p>Brown aplaudi\u00f3 el ascenso de Mekies\u00a0<\/p>\n<p>Por ahora, Red Bull decidi\u00f3 que <strong>Lauren Mekies, <\/strong>que antes de la salida de Horner estaba al frente de <strong>Racing Bulls, <\/strong>asumiera el cargo que dej\u00f3 vacante el brit\u00e1nico. Al respecto, Brown consider\u00f3 que fue un nombramiento merecido para el franc\u00e9s. \u00abEstoy contento de que Laurent tenga ahora ese rol. Me cae bien Laurent\u00bb.\u00a0<\/p>\n<p>\u00abEsto ser\u00e1 saludable y ojal\u00e1 podamos volver a centrarnos en la competencia en pista. Creo que ser\u00e1 m\u00e1s sano con Laurent; lo conozco desde hace tiempo y ser\u00e1 bueno competir contra \u00e9l. Ahora hay un mayor nivel de confianza de que, cuando nos sentemos a hablar de un tema confidencial, no se usar\u00e1 autom\u00e1ticamente como un arma pol\u00edtica\u00bb, finaliz\u00f3.\u00a0<\/p>\n<p><a href=\"https:\/\/www.record.com.mx\/formula1\/sergio-checo-perez-tuvo-mejor-temporada-en-2024-que-lo-hecho-por-lawson-y-tsunoda-en-2025\" rel=\"nofollow noopener\" target=\"_blank\"><strong>TAMBI\u00c9N TE PUEDE INTERESAR: <\/strong><strong>Sergio \u00abCheco\u00bb P\u00e9rez tuvo mejor temporada en 2024 que lo hecho por Lawson y Tsunoda en 2025<\/strong><\/a><\/p>\n<p><img loading=\"lazy\" decoding=\"async\" data-entity-uuid=\"99491d06-d3e3-4561-a61e-f56689d5fa5f\" data-entity-type=\"file\" src=\"https:\/\/www.europesays.com\/es\/wp-content\/uploads\/2025\/08\/SI202508021569 (1).jpg\" width=\"1200\" height=\"777\" alt=\"Mekies asumi\u00f3 el cargo de Horner\" data-caption=\"Mekies asumi\u00f3 el cargo de Horner | RED BULL\"\/><\/p>\n<p>Mekies asumi\u00f3 el cargo de Horner | RED BULL<\/p>\n","protected":false},"excerpt":{"rendered":"Un mes se va a cumplir desde que Red Bull sorprendi\u00f3 con la noticia del despido de Christian&hellip;\n","protected":false},"author":2,"featured_media":28882,"comment_status":"","ping_status":"","sticky":false,"template":"","format":"standard","meta":{"footnotes":""},"categories":[270],"tags":[4671,168,25,24,306,271,272,212,23,167,15047],"class_list":{"0":"post-28881","1":"post","2":"type-post","3":"status-publish","4":"format-standard","5":"has-post-thumbnail","7":"category-formula-1","8":"tag-christian-horner","9":"tag-deportes","10":"tag-es","11":"tag-espana","12":"tag-f1","13":"tag-formula-1","14":"tag-formula1","15":"tag-red-bull","16":"tag-spain","17":"tag-sports","18":"tag-zak-brown"},"share_on_mastodon":{"url":"","error":""},"_links":{"self":[{"href":"https:\/\/www.europesays.com\/es\/wp-json\/wp\/v2\/posts\/28881","targetHints":{"allow":["GET"]}}],"collection":[{"href":"https:\/\/www.europesays.com\/es\/wp-json\/wp\/v2\/posts"}],"about":[{"href":"https:\/\/www.europesays.com\/es\/wp-json\/wp\/v2\/types\/post"}],"author":[{"embeddable":true,"href":"https:\/\/www.europesays.com\/es\/wp-json\/wp\/v2\/users\/2"}],"replies":[{"embeddable":true,"href":"https:\/\/www.europesays.com\/es\/wp-json\/wp\/v2\/comments?post=28881"}],"version-history":[{"count":0,"href":"https:\/\/www.europesays.com\/es\/wp-json\/wp\/v2\/posts\/28881\/revisions"}],"wp:featuredmedia":[{"embeddable":true,"href":"https:\/\/www.europesays.com\/es\/wp-json\/wp\/v2\/media\/28882"}],"wp:attachment":[{"href":"https:\/\/www.europesays.com\/es\/wp-json\/wp\/v2\/media?parent=28881"}],"wp:term":[{"taxonomy":"category","embeddable":true,"href":"https:\/\/www.europesays.com\/es\/wp-json\/wp\/v2\/categories?post=28881"},{"taxonomy":"post_tag","embeddable":true,"href":"https:\/\/www.europesays.com\/es\/wp-json\/wp\/v2\/tags?post=28881"}],"curies":[{"name":"wp","href":"https:\/\/api.w.org\/{rel}","templated":true}]}}