{"id":288814,"date":"2025-12-15T02:48:12","date_gmt":"2025-12-15T02:48:12","guid":{"rendered":"https:\/\/www.europesays.com\/es\/288814\/"},"modified":"2025-12-15T02:48:12","modified_gmt":"2025-12-15T02:48:12","slug":"toma-de-posesion-de-la-nueva-junta-de-gobierno","status":"publish","type":"post","link":"https:\/\/www.europesays.com\/es\/288814\/","title":{"rendered":"Toma de posesi\u00f3n de la nueva Junta de Gobierno"},"content":{"rendered":"<p>\t    \t  <img loading=\"lazy\" decoding=\"async\" width=\"400\" height=\"229\" src=\"https:\/\/www.europesays.com\/es\/wp-content\/uploads\/2025\/12\/blog2.png\" class=\"attachment- size- wp-post-image\" alt=\"\"  \/>            <\/p>\n<p>En la tarde del pasado d\u00eda 13 de diciembre, en la Bas\u00edlica de la Macarena, a las 20:45 horas se celebr\u00f3 la Sagrada Eucarist\u00eda con Invocaci\u00f3n al Esp\u00edritu Santo que estuvo presidida por el Rvdo. Sr. NHD.\u00a0Jos\u00e9 Mar\u00eda Losada Lahera, Rector de la Bas\u00edlica y Director Espiritual de la Hermandad.<\/p>\n<p>Al Ofertorio, <strong>se realiz\u00f3 la toma de posesi\u00f3n de la nueva Junta de Gobierno<\/strong> que resultara elegida en el Cabildo de Elecciones celebrado el pasado d\u00eda 30 de noviembre una vez cumplidos los tr\u00e1mites de rigor conforme a las Normas Diocesanas y a las propias Reglas de la Hermandad y Confirmada por el Delegado Episcopal de Asuntos Jur\u00eddicos de las Hermandades y Cofrad\u00edas.<\/p>\n<p>Agradecemos la asistencia a la Sabatina y toma de posesi\u00f3n de la nueva junta de gobierno al presidente del Consejo de Hermandades, a los hermanos mayores y representantes de las Hermandades del Gran Poder, Santa Genoveva, Estudiantes, San Pablo, Pino Montano, Sacramental de San Gil, Roc\u00edo Macarena, Carmen de San Gil, Buen Fin y Mar\u00eda Auxiliadora de la Trinidad, as\u00ed como a los representantes de las Bandas de la Centuria y del Carmen de Salteras<\/p>\n<p>Fotograf\u00edas NHD. Emilio S\u00e1enz \/ Hermandad.<\/p>\n<p><\/p>\n","protected":false},"excerpt":{"rendered":"En la tarde del pasado d\u00eda 13 de diciembre, en la Bas\u00edlica de la Macarena, a las 20:45&hellip;\n","protected":false},"author":2,"featured_media":288815,"comment_status":"","ping_status":"","sticky":false,"template":"","format":"standard","meta":{"footnotes":""},"categories":[5],"tags":[69360,17,18,25,24,13,14,11,29052,19,20,9,10,15,16,23,12,21,22,29053],"class_list":{"0":"post-288814","1":"post","2":"type-post","3":"status-publish","4":"format-standard","5":"has-post-thumbnail","7":"category-titulares","8":"tag-toma-de-posesion-de-la-nueva-junta-de-gobierno","9":"tag-breaking-news","10":"tag-breakingnews","11":"tag-es","12":"tag-espana","13":"tag-featured-news","14":"tag-featurednews","15":"tag-headlines","16":"tag-hermandad-de-la-macarena","17":"tag-latest-news","18":"tag-latestnews","19":"tag-news","20":"tag-noticias","21":"tag-noticias-destacadas","22":"tag-noticiasdestacadas","23":"tag-spain","24":"tag-titulares","25":"tag-ultimas-noticias","26":"tag-ultimasnoticias","27":"tag-web-oficial-de-la-hermandad-de-la-macarena"},"share_on_mastodon":{"url":"https:\/\/pubeurope.com\/@es\/115721306555366247","error":""},"_links":{"self":[{"href":"https:\/\/www.europesays.com\/es\/wp-json\/wp\/v2\/posts\/288814","targetHints":{"allow":["GET"]}}],"collection":[{"href":"https:\/\/www.europesays.com\/es\/wp-json\/wp\/v2\/posts"}],"about":[{"href":"https:\/\/www.europesays.com\/es\/wp-json\/wp\/v2\/types\/post"}],"author":[{"embeddable":true,"href":"https:\/\/www.europesays.com\/es\/wp-json\/wp\/v2\/users\/2"}],"replies":[{"embeddable":true,"href":"https:\/\/www.europesays.com\/es\/wp-json\/wp\/v2\/comments?post=288814"}],"version-history":[{"count":0,"href":"https:\/\/www.europesays.com\/es\/wp-json\/wp\/v2\/posts\/288814\/revisions"}],"wp:featuredmedia":[{"embeddable":true,"href":"https:\/\/www.europesays.com\/es\/wp-json\/wp\/v2\/media\/288815"}],"wp:attachment":[{"href":"https:\/\/www.europesays.com\/es\/wp-json\/wp\/v2\/media?parent=288814"}],"wp:term":[{"taxonomy":"category","embeddable":true,"href":"https:\/\/www.europesays.com\/es\/wp-json\/wp\/v2\/categories?post=288814"},{"taxonomy":"post_tag","embeddable":true,"href":"https:\/\/www.europesays.com\/es\/wp-json\/wp\/v2\/tags?post=288814"}],"curies":[{"name":"wp","href":"https:\/\/api.w.org\/{rel}","templated":true}]}}