{"id":288818,"date":"2025-12-15T02:57:05","date_gmt":"2025-12-15T02:57:05","guid":{"rendered":"https:\/\/www.europesays.com\/es\/288818\/"},"modified":"2025-12-15T02:57:05","modified_gmt":"2025-12-15T02:57:05","slug":"el-atletico-madrileno-sigue-imparable-en-el-liderato","status":"publish","type":"post","link":"https:\/\/www.europesays.com\/es\/288818\/","title":{"rendered":"El Atl\u00e9tico Madrile\u00f1o sigue imparable en el liderato"},"content":{"rendered":"<p data-mrf-recirculation=\"Links P\u00e1rrafos\" class=\"ue-c-article__paragraph paragraph ue-c-article--first-letter-highlighted\">Duelo de filiales entre<strong> Atl\u00e9tico Madrile\u00f1o y Sevilla Atl\u00e9tico<\/strong> en el que los primeros buscaban recuperar la ventaja de <strong>cuatro puntos con Europa y Sabadell <\/strong>en lo m\u00e1s alto de la tabla&#8230; y los segundos sumar para alejarse de la zona peligrosa de la tabla.\u00a0<\/p>\n<p data-mrf-recirculation=\"Links P\u00e1rrafos\" class=\"ue-c-article__paragraph paragraph\">Un minuto tard\u00f3 Ibra, referente del Sevilla Atl\u00e9tico, en <strong>meter el miedo en el cuerpo al Madrile\u00f1o de Fernando Torres <\/strong>con un disparo que repeli\u00f3 el larguero&#8230; antes de que Arnau, dos minutos despu\u00e9s, avisara de que no iba a ser f\u00e1cil sacar algo del campo del actual l\u00edder de la categor\u00eda.\u00a0<\/p>\n<p data-mrf-recirculation=\"Links P\u00e1rrafos\" class=\"ue-c-article__paragraph paragraph\"><strong>Fue Belloti, con una genialidad, el que empez\u00f3 a decantar el partido<\/strong>. Un gran disparo desde fuera del \u00e1rea se col\u00f3 por la escuadra visitante cuando apenas hab\u00edan pasado 17 minutos del duelo de filiales. Cuatro m\u00e1s tarde, sin soluci\u00f3n de continuidad, Bo\u00f1ar casi hace el segundo tras un pase de Julio D\u00edaz.\u00a0\u00a0<\/p>\n<p data-mrf-recirculation=\"Links P\u00e1rrafos\" class=\"ue-c-article__paragraph paragraph\">El acoso local continu\u00f3 con la sucesi\u00f3n de ocasiones. <strong>Rayane y Cubo tuvieron tambi\u00e9n el 2-0 en sus botas en la primera media hora.<\/strong> Sin \u00e9xito y con la opci\u00f3n de que el filial sevillista volviera a tomar la iniciativa y casi empatar otra vez con una ocasi\u00f3n clara de Ibra, replicada antes del descanso por un Bellotti que acarici\u00f3 el doblete pero que no pudo superar a Rafa Romero en el mano a mano,<\/p>\n<p>Segunda parte con muchas ocasiones<\/p>\n<p data-mrf-recirculation=\"Links P\u00e1rrafos\" class=\"ue-c-article__paragraph paragraph\">La segunda parte arranc\u00f3 como acab\u00f3 la primera, con un carrusel de ocasiones de ambos equipos y con Rafa Romero y Esquivel desbaratando ocasiones claras de Bellotti, Isra y Pablo Rivera. Fue el segundo, por ah\u00ed, el que m\u00e1s peligro gener\u00f3 en el segundo acto y protagoniz\u00f3 la mejor jugador visitante: un disparo al palo en el 86&#8242; que evit\u00f3 quitarle dos puntos a un Atl\u00e9tico que va lanzado hacia el ascenso. <strong>De momento, sigue con cuatro puntos de ventaja.<\/strong><\/p>\n<p>Ficha t\u00e9cnica<\/p>\n<p data-mrf-recirculation=\"Links P\u00e1rrafos\" class=\"ue-c-article__paragraph paragraph\">Ciudad Deportiva Alcal\u00e1 de Henares<\/p>\n<p data-mrf-recirculation=\"Links P\u00e1rrafos\" class=\"ue-c-article__paragraph paragraph\"><strong>Atl\u00e9tico Madrile\u00f1o:<\/strong>\u00a0Esquivel, Bo\u00f1ar (A&#8217; 89), Puric, Dani Mart\u00ednez, Julio D\u00edaz, Javi Serrano, Bellotti (92&#8242; Castillo), Rayane (92&#8242; Morcillo), Iker Luque (65&#8242; Jano), Arnau (65&#8242; Koke Mota) y Cubo (82&#8242; Sits).<\/p>\n<p data-mrf-recirculation=\"Links P\u00e1rrafos\" class=\"ue-c-article__paragraph paragraph\"><strong>Entrenador: <\/strong>Fernando Torres<\/p>\n<p data-mrf-recirculation=\"Links P\u00e1rrafos\" class=\"ue-c-article__paragraph paragraph\"><strong>Sevilla Atl\u00e9tico:\u00a0<\/strong>Rafa Romero, Espi\u00f1eira (82&#8242; Miguel), Jalade, Sergio Mart\u00ednez, Pablo Rivera (82&#8242; Altozano A&#8217;96), Nico Guill\u00e9n, Collado (63&#8242; Alexis Ciria), Bakary (63&#8242; Alcaide) Sow (A26&#8242;), Raihani (46&#8242; Isra Dom\u00ednguez) e Ibra<\/p>\n<p data-mrf-recirculation=\"Links P\u00e1rrafos\" class=\"ue-c-article__paragraph paragraph\"><strong>Entrenador: <\/strong>Luci Mart\u00edn<\/p>\n<p data-mrf-recirculation=\"Links P\u00e1rrafos\" class=\"ue-c-article__paragraph paragraph\"><strong>Goles: 1-0 <\/strong>Bellotti<\/p>\n<p data-mrf-recirculation=\"Links P\u00e1rrafos\" class=\"ue-c-article__paragraph paragraph\"><strong>\u00c1rbitro:<\/strong>\u00a0Velasco Arbaiza<\/p>\n","protected":false},"excerpt":{"rendered":"Duelo de filiales entre Atl\u00e9tico Madrile\u00f1o y Sevilla Atl\u00e9tico en el que los primeros buscaban recuperar la ventaja&hellip;\n","protected":false},"author":2,"featured_media":288819,"comment_status":"","ping_status":"","sticky":false,"template":"","format":"standard","meta":{"footnotes":""},"categories":[268],"tags":[168,25,24,280,282,281,23,167],"class_list":{"0":"post-288818","1":"post","2":"type-post","3":"status-publish","4":"format-standard","5":"has-post-thumbnail","7":"category-futbol","8":"tag-deportes","9":"tag-es","10":"tag-espana","11":"tag-football","12":"tag-futbol","13":"tag-soccer","14":"tag-spain","15":"tag-sports"},"share_on_mastodon":{"url":"https:\/\/pubeurope.com\/@es\/115721341905201836","error":""},"_links":{"self":[{"href":"https:\/\/www.europesays.com\/es\/wp-json\/wp\/v2\/posts\/288818","targetHints":{"allow":["GET"]}}],"collection":[{"href":"https:\/\/www.europesays.com\/es\/wp-json\/wp\/v2\/posts"}],"about":[{"href":"https:\/\/www.europesays.com\/es\/wp-json\/wp\/v2\/types\/post"}],"author":[{"embeddable":true,"href":"https:\/\/www.europesays.com\/es\/wp-json\/wp\/v2\/users\/2"}],"replies":[{"embeddable":true,"href":"https:\/\/www.europesays.com\/es\/wp-json\/wp\/v2\/comments?post=288818"}],"version-history":[{"count":0,"href":"https:\/\/www.europesays.com\/es\/wp-json\/wp\/v2\/posts\/288818\/revisions"}],"wp:featuredmedia":[{"embeddable":true,"href":"https:\/\/www.europesays.com\/es\/wp-json\/wp\/v2\/media\/288819"}],"wp:attachment":[{"href":"https:\/\/www.europesays.com\/es\/wp-json\/wp\/v2\/media?parent=288818"}],"wp:term":[{"taxonomy":"category","embeddable":true,"href":"https:\/\/www.europesays.com\/es\/wp-json\/wp\/v2\/categories?post=288818"},{"taxonomy":"post_tag","embeddable":true,"href":"https:\/\/www.europesays.com\/es\/wp-json\/wp\/v2\/tags?post=288818"}],"curies":[{"name":"wp","href":"https:\/\/api.w.org\/{rel}","templated":true}]}}