{"id":288820,"date":"2025-12-15T02:58:08","date_gmt":"2025-12-15T02:58:08","guid":{"rendered":"https:\/\/www.europesays.com\/es\/288820\/"},"modified":"2025-12-15T02:58:08","modified_gmt":"2025-12-15T02:58:08","slug":"shaila-durcal-y-carmen-morales-rompen-su-silencio-sobre-la-ruina-economica-de-fedra-lorente-hemos-ayudado","status":"publish","type":"post","link":"https:\/\/www.europesays.com\/es\/288820\/","title":{"rendered":"Shaila D\u00farcal y Carmen Morales rompen su silencio sobre la ruina econ\u00f3mica de Fedra Lorente: \u00abHemos ayudado\u00bb"},"content":{"rendered":"<p class=\"paragraph\" id=\"paragraph_1\">El testimonio de <strong>Fedra Lorente<\/strong> (73) sobre la dif\u00edcil situaci\u00f3n econ\u00f3mica que atraviesa ha provocado un gran impacto. La actriz, conocida por su papel de <strong>La Bomb<\/strong>i en el m\u00edtico <strong>Un<\/strong>, <strong>dos<\/strong>, <strong>tres<\/strong>&#8230;<strong> responda otra vez<\/strong>, el espacio dirigido por el malogrado <a cmp-ltrk=\"links-parrafos\" cmp-ltrk-idx=\"0\" data-mrf-link=\"https:\/\/www.elespanol.com\/personajes\/chicho_ibanez_serrador\/\" data-mrf-recirculation-id=\"links-parrafos_0\" href=\"https:\/\/www.elespanol.com\/personajes\/chicho_ibanez_serrador\/?utm_cmp_rs=linksinline\" mrfobservableid=\"cdefa583-717e-4da1-9cfb-4d4893672a0f\" target=\"_blank\" rel=\"nofollow noopener\"><strong>Chicho Ib\u00e1\u00f1ez Serrador<\/strong><\/a>. revelaba hace unos d\u00edas que se encuentra en la m\u00e1s absoluta <strong>ruina.<\/strong> <\/p>\n<p class=\"paragraph\" id=\"paragraph_2\">Su precariedad financiera, anunciada a trav\u00e9s de una entrevista en la revista Semana, se produce apenas unos meses despu\u00e9s de la muerte de su marido, <strong>Miguel Morales.<\/strong> <\/p>\n<p class=\"paragraph\" id=\"paragraph_3\">El excomponente del grupo<strong> Los Brincos <\/strong>falleci\u00f3 el pasado mes de septiembre a los 75 a\u00f1os como consecuencia de una enfermedad que llev\u00f3 con la m\u00e1xima discreci\u00f3n. Ahora, la ic\u00f3nica actriz ha desvelado que<strong> su marido fue v\u00edctima de varias estafas por internet<\/strong> y que eso provoc\u00f3 situaciones complicadas en su familia: ha tenido que recurrir a la ayuda de <strong>C\u00e1ritas<\/strong> para poder comer.<\/p>\n<p class=\"paragraph\" id=\"paragraph_4\">Sobre su testimonio se han pronunciado sus sobrinas, <a href=\"https:\/\/www.elespanol.com\/corazon\/famosos\/20240331\/carmen-morales-luis-guerra-anos-despues-separacion-detalles-divorcio-relacion\/843415717_0.html?utm_cmp_rs=linksinline\" rel=\"nofollow noopener\" target=\"_blank\"><strong>Carmen Morales<\/strong><\/a> (55) y <strong>Shaila D\u00farcal<\/strong> (46). Ambas hermanas, hijas de la desaparecida <a href=\"https:\/\/www.elespanol.com\/personajes\/rocio_durcal\/?utm_cmp_rs=linksinline\" target=\"_blank\" rel=\"nofollow noopener\"><strong>Roc\u00edo D\u00farcal,<\/strong><\/a> han respondido sobre este asunto en la alfombra roja de los <strong>Premios Forqu\u00e9<\/strong>, y le han mandado sus mejores deseos.<\/p>\n<p><img loading=\"lazy\" decoding=\"async\" alt=\"Carmen Morales en los Premios Platino 2025.\" height=\"180\" src=\"https:\/\/www.europesays.com\/es\/wp-content\/uploads\/2025\/12\/1003743734363_255155176_320x180.jpg\" width=\"320\" data-lazy-status=\"processed\" data-lazy-info=\"remove loading item 1\"\/><\/p>\n<p>                                                            Primeras palabras de Carmen Morales y Shaila D\u00farcal tras la dura confesi\u00f3n de su t\u00eda, Fedra Lorente<\/p>\n<p>Carmen Morales: \u00abMi t\u00edo me consult\u00f3\u00bb<\/p>\n<p class=\"paragraph\" id=\"paragraph_5\">Cabe recordar cu\u00e1l es el v\u00ednculo familiar que une a Carmen Morales y a Shaila D\u00farcal con Fedra Lorente. La actriz estuvo casada desde <strong>1975<\/strong> con el m\u00fasico <strong>Miguel Morales<\/strong>. Este era hermano de <strong>Antonio Morales \u00abJunior\u00bb<\/strong>, el padre de ambas.<\/p>\n<p class=\"paragraph\" id=\"paragraph_6\">Carmen Morales reconoc\u00eda que<strong> estaba al tanto de las estafas de las que fue v\u00edctima su t\u00edo<\/strong>. En su caso, s\u00ed ten\u00eda conocimiento de lo que suced\u00eda. Su t\u00edo lleg\u00f3 a hablarle de ello en varias ocasiones.<\/p>\n<p class=\"paragraph\" id=\"paragraph_7\">\u00ab<strong>\u00c9l me consult\u00f3 y yo le hice ver que todo era una estafa,<\/strong> <strong>pero \u00e9l no lo quiso ver.<\/strong> Se lo tomaba un poco a la defensiva\u00bb, ha explicado la actriz. \u00abEs muy complicado hacer ver a una persona que piensa que est\u00e1 haciendo el bien, que est\u00e1 siendo estafado\u00bb.<\/p>\n<p class=\"paragraph\" id=\"paragraph_8\">En estos momentos, la int\u00e9rprete tiene claro que lo \u00fanico que puede hacer ahora \u00abes<strong> intentar ayudar a mi t\u00eda y a mi prima<\/strong> lo m\u00e1ximo posible <strong>en tema de papeleos y en tema econ\u00f3mico incluso&#8230;<\/strong> Ahora lo que me preocupa es eso, estar aqu\u00ed para ellas e intentar ayudar y solucionar todos estos problemones que tienen encima\u00bb.<\/p>\n<p class=\"paragraph\" id=\"paragraph_9\">Asimismo, ha recordado que <strong>\u00abmi hermano y yo hemos ayudado, pagado todo el tema del tanatorio y lo del fallecimiento\u00bb.<\/strong><\/p>\n<p class=\"paragraph\" id=\"paragraph_10\">La propia Fedra ha hablado p\u00fablicamente sobre esta ayuda que ha recibido de sus seres queridos. As\u00ed se ha mostrado agradecida de que sus sobrinos nunca la hayan dejado sola: <strong>\u00abHemos estado ah\u00ed para lo que hac\u00eda falta<\/strong> y lo que haga falta en el futuro tambi\u00e9n\u00bb, aseguraba la artista.<\/p>\n<p><img decoding=\"async\" alt=\"Shaila D\u00farcal y Carmen Morales aseguran que su familia est\u00e1 muy unida.\" data-imgm=\"true\" height=\"180\" loading=\"lazy\"  src=\"https:\/\/www.europesays.com\/es\/wp-content\/uploads\/2025\/12\/1003744054840_260473319_1024x576.jpg\"  width=\"320\"\/><\/p>\n<p>                                                            Shaila D\u00farcal y Carmen Morales aseguran que su familia est\u00e1 \u00abmuy unida\u00bb.<\/p>\n<p>                    GTRES<\/p>\n<p>\u00abNos apoyamos much\u00edsimo\u00bb<\/p>\n<p class=\"paragraph\" id=\"paragraph_11\">Por su parte, Shaila D\u00farcal se ha mostrado un tanto confusa. Volcada en su trabajo al otro lado del Atl\u00e1ntico, no sab\u00eda lo que estaba pasando en Espa\u00f1a con su t\u00eda Fedra: <strong>\u00abAcabo de llegar de M\u00e9xico<\/strong> la verdad y pues me he encontrado con&#8230;\u00bb.<\/p>\n<p class=\"paragraph\" id=\"paragraph_12\">\u00abNo tengo toda la informaci\u00f3n, pero te puedo decir que <strong>somos una familia que nos apoyamos siempre much\u00edsimo<\/strong> y nos damos mucho amor y cari\u00f1o. Y para eso estamos, en los momentos buenos, en los regulares y en los d\u00e9biles tambi\u00e9n\u00bb, ha subrayado.<\/p>\n<p class=\"paragraph\" id=\"paragraph_13\">Sin querer m\u00e1s detalles de esta delicada situaci\u00f3n, la cantante ha mostrado su apoyo a su t\u00eda y ha destacado que <strong>\u00ablo m\u00e1s importante es eso, que estemos unidos y que podamos apoyarnos\u00bb.<\/strong><\/p>\n<p><img decoding=\"async\" alt=\"Fedra Lorente ha confesado estar en la ruina econ\u00f3mica.\" data-imgm=\"true\" height=\"180\" loading=\"lazy\"  src=\"https:\/\/www.europesays.com\/es\/wp-content\/uploads\/2025\/12\/1003744054844_260473368_1024x576.jpg\"  width=\"320\"\/><\/p>\n<p>                                                            Fedra Lorente ha confesado estar en la ruina econ\u00f3mica.<\/p>\n<p>                    GTRES<\/p>\n<p class=\"paragraph\" id=\"paragraph_15\">El panorama financiero al que tiene que hacer frente Fedra Lorente comenz\u00f3 a ra\u00edz de<strong> varias estafas. <\/strong>Tal y como ella misma ha deslizado, su marido fue v\u00edctima durante varios a\u00f1os de <strong>un enga\u00f1o por internet.<\/strong><\/p>\n<p class=\"paragraph\" id=\"paragraph_16\">El excomponente de Los Brincos cre\u00eda estar ofreciendo dinero a una mujer americana que dec\u00eda estar enamorada de \u00e9l y que le ped\u00eda dinero para salir de situaciones supuestamente extremas y poder sobrevivir.<\/p>\n<p class=\"paragraph\" id=\"paragraph_17\">Al parecer, su entorno intent\u00f3 advertirle, pero \u00e9l confiaba plenamente en esta presunta mujer, que <strong>promet\u00eda devolverle el dinero con un tal\u00f3n<\/strong>. Un d\u00eda, el prometido cheque le fue enviado por correo electr\u00f3nico. Cuando fue a cobrarlo al banco, le comunicaron que era falso.<\/p>\n<p class=\"paragraph\" id=\"paragraph_18\">Con la estafa, el marido de<strong> Fedra Lorente perdi\u00f3 50.000 euros<\/strong>. Pero no fue la \u00fanica trampa en la que cay\u00f3. M\u00e1s adelante volver\u00eda a picar el anzuelo. Y ser\u00eda v\u00edctima de una nueva estafa.<\/p>\n<p class=\"paragraph\" id=\"paragraph_19\">La cosa fue a mayores cuando unos <strong>falsos abogados<\/strong> le prometieron ayudarle a recuperar el dinero que perdi\u00f3 en el primer enga\u00f1o. Tampoco se dio cuenta entonces de que se hab\u00eda dejado enga\u00f1ar por unos delincuentes. Estos se hicieron pasar por profesionales de su soporte inform\u00e1tico.<\/p>\n<p class=\"paragraph\" id=\"paragraph_20\">\u201cLa cosa es que <strong>es un huev\u00f3n y que se ha dejado llevar\u00bb<\/strong>, relataba Fedra Lorente en el plat\u00f3 de <strong>\u00a1De viernes!<\/strong> \u00ab\u00c9l ha querido ayudar, ha querido hacerlo a su manera y le ha entrado a su cabeza que est\u00e1n peor\u00bb.<\/p>\n<p class=\"paragraph\" id=\"paragraph_21\">\u00abLas cosas que le dec\u00edan eran<strong> terribles.<\/strong> Que los ni\u00f1os no ten\u00edan para comer, que el marido la pegaba, que el pap\u00e1 se estaba muriendo\u2026 <strong>Siempre hab\u00eda historias\u00bb<\/strong>, a\u00f1ad\u00eda ante las c\u00e1maras de televisi\u00f3n.<\/p>\n","protected":false},"excerpt":{"rendered":"El testimonio de Fedra Lorente (73) sobre la dif\u00edcil situaci\u00f3n econ\u00f3mica que atraviesa ha provocado un gran impacto.&hellip;\n","protected":false},"author":2,"featured_media":288821,"comment_status":"","ping_status":"","sticky":false,"template":"","format":"standard","meta":{"footnotes":""},"categories":[174],"tags":[255,146,147,25,24,256,34830,23],"class_list":{"0":"post-288820","1":"post","2":"type-post","3":"status-publish","4":"format-standard","5":"has-post-thumbnail","7":"category-famosos","8":"tag-celebrities","9":"tag-entertainment","10":"tag-entretenimiento","11":"tag-es","12":"tag-espana","13":"tag-famosos","14":"tag-rocio-durcal","15":"tag-spain"},"share_on_mastodon":{"url":"https:\/\/pubeurope.com\/@es\/115721346762769919","error":""},"_links":{"self":[{"href":"https:\/\/www.europesays.com\/es\/wp-json\/wp\/v2\/posts\/288820","targetHints":{"allow":["GET"]}}],"collection":[{"href":"https:\/\/www.europesays.com\/es\/wp-json\/wp\/v2\/posts"}],"about":[{"href":"https:\/\/www.europesays.com\/es\/wp-json\/wp\/v2\/types\/post"}],"author":[{"embeddable":true,"href":"https:\/\/www.europesays.com\/es\/wp-json\/wp\/v2\/users\/2"}],"replies":[{"embeddable":true,"href":"https:\/\/www.europesays.com\/es\/wp-json\/wp\/v2\/comments?post=288820"}],"version-history":[{"count":0,"href":"https:\/\/www.europesays.com\/es\/wp-json\/wp\/v2\/posts\/288820\/revisions"}],"wp:featuredmedia":[{"embeddable":true,"href":"https:\/\/www.europesays.com\/es\/wp-json\/wp\/v2\/media\/288821"}],"wp:attachment":[{"href":"https:\/\/www.europesays.com\/es\/wp-json\/wp\/v2\/media?parent=288820"}],"wp:term":[{"taxonomy":"category","embeddable":true,"href":"https:\/\/www.europesays.com\/es\/wp-json\/wp\/v2\/categories?post=288820"},{"taxonomy":"post_tag","embeddable":true,"href":"https:\/\/www.europesays.com\/es\/wp-json\/wp\/v2\/tags?post=288820"}],"curies":[{"name":"wp","href":"https:\/\/api.w.org\/{rel}","templated":true}]}}