{"id":288836,"date":"2025-12-15T03:10:07","date_gmt":"2025-12-15T03:10:07","guid":{"rendered":"https:\/\/www.europesays.com\/es\/288836\/"},"modified":"2025-12-15T03:10:07","modified_gmt":"2025-12-15T03:10:07","slug":"beatificados-124-martires-espanoles-semeraro-testigos-por-amor-de-verdad-y-justicia","status":"publish","type":"post","link":"https:\/\/www.europesays.com\/es\/288836\/","title":{"rendered":"Beatificados 124 m\u00e1rtires espa\u00f1oles. Semeraro: Testigos por amor de verdad y justicia"},"content":{"rendered":"<p>Esta ma\u00f1ana en Ja\u00e9n se celebr\u00f3 la Misa de beatificaci\u00f3n de 124 sacerdotes, religiosos y laicos, v\u00edctimas de la Guerra Civil Espa\u00f1ola. El Prefecto del Dicasterio para las Causas de los Santos declar\u00f3: Transformaron el sufrimiento en redenci\u00f3n y la sangre en semilla de evangelizaci\u00f3n.<\/p>\n<p><b>Vatican News<\/b><\/p>\n<p>No h\u00e9roes ni luchadores por una ideolog\u00eda, sino testigos de una verdadera valent\u00eda, encarnada en la capacidad de sufrir \u00abpor amor a la verdad y la justicia\u00bb. As\u00ed describi\u00f3 el cardenal Marcello Semeraro, Prefecto del Dicasterio para las Causas de los Santos, a los 124 m\u00e1rtires de la di\u00f3cesis espa\u00f1ola de Ja\u00e9n, beatificados esta ma\u00f1ana, s\u00e1bado 13 de diciembre, en la catedral de la ciudad, dedicada a la Asunci\u00f3n de Mar\u00eda. La Misa fue concelebrada por el obispo Sebasti\u00e1n Chico Mart\u00ednez, ordinario local, y sus dos predecesores, Ram\u00f3n del Hoyo L\u00f3pez y Amadeo Rodr\u00edguez Magro, junto con numerosos cardenales, prelados y sacerdotes de diversas regiones del pa\u00eds.<\/p>\n<p><b>Una historia dolorosa y luminosa<\/b> <\/p>\n<p>Presidiendo el rito en nombre de Le\u00f3n XIV, el cardenal record\u00f3 la historia, a la vez dolorosa y luminosa, ambientada en los acontecimientos de la guerra civil del siglo pasado, de los nuevos beatos, cuya proclamaci\u00f3n estuvo acompa\u00f1ada por el repique de campanas y los aplausos atronadores de la asamblea. Entre ellos se encontraban 110 sacerdotes, una monja de la Orden de Santa Clara y trece laicos. Se pueden dividir en dos grupos principales: el primero, encabezado por el padre Manuel Izquierdo Izquierdo, cuenta con 58 compa\u00f1eros; el segundo, vinculado a la figura del padre Antonio Monta\u00f1\u00e9s Chiquero, cuenta con 64. Todos fueron v\u00edctimas de una guerra que afrontaron con una sola arma: el amor. Tanto es as\u00ed que murieron perdonando a sus verdugos.<\/p>\n<p><b>La esperanza no se rinde ante el mal<\/b> <\/p>\n<p>El perd\u00f3n martirial es \u00abel fruto de la esperanza que no se rinde ante el mal\u00bb, explic\u00f3 Semeraro, refiri\u00e9ndose tambi\u00e9n a la Spe Salvi, la segunda enc\u00edclica de Benedicto XVI, cuyo tercer aniversario se celebrar\u00e1 el 31 de diciembre. En ese documento, record\u00f3 el Prefecto, el te\u00f3logo Papa enfatiz\u00f3 c\u00f3mo ciertas circunstancias de la vida requieren una \u00abgran esperanza\u00bb: son esos momentos en los que \u00abnecesitamos amigos, hermanos y hermanas que, con su testimonio, nos ayuden a comprender que es posible avanzar, que podemos hacerlo\u00bb. Y estos testigos y m\u00e1rtires que se \u00abentregaron totalmente\u00bb por amor nos ayudan a elegir, \u00abincluso en las peque\u00f1as decisiones cotidianas, el bien sobre la comodidad, sabiendo que as\u00ed es realmente como vivimos la vida\u00bb, coment\u00f3 Semeraro.<b\/><\/p>\n<p><b>En juego por algo m\u00e1s grande<\/b> <\/p>\n<p>La fuerza interior de figuras como las de los nuevos beatos, enfatiz\u00f3 el cardenal, reside en su \u00abmedida de humanidad\u00bb, es decir, en su \u00abcapacidad de sufrir por amor a la verdad\u00bb. Un sufrimiento que, a\u00f1adi\u00f3, \u00abnace de la esperanza y el amor por todo lo que es verdadero, justo y santo\u00bb. En esencia, es una \u00abdisposici\u00f3n a arriesgarse por algo mayor\u00bb. Y este es un punto \u00fatil en el contexto cultural actual, en el que \u00abla evasi\u00f3n de uno mismo crece\u00bb y, con ella, las formas de quitarse la vida \u00abse vuelven cada vez m\u00e1s sencillas\u00bb. Por el contrario, como afirm\u00f3 Le\u00f3n XIV, \u00abvivir invoca sentido, direcci\u00f3n, esperanza, porque sin esperanza, la vida corre el riesgo de aparecer como un par\u00e9ntesis entre dos noches eternas, una breve pausa entre el antes y el despu\u00e9s de nuestro paso por la Tierra\u00bb.<\/p>\n<p><b>Semillas de Evangelizaci\u00f3n<\/b> <\/p>\n<p>Los nuevos beatos espa\u00f1oles, sin embargo, son \u00abel testimonio m\u00e1s alto de la fe cristiana\u00bb, una que \u00abencarna el amor total a Cristo y a los hermanos, transformando el sufrimiento en redenci\u00f3n y la sangre en semilla de evangelizaci\u00f3n\u00bb. Su ejemplo, enfatiz\u00f3 el cardenal, no es algo que pueda considerarse concluido en siglos pasados. De hecho, \u00abhoy hay m\u00e1s m\u00e1rtires que en los primeros tiempos de la Iglesia\u00bb, como ha observado el Papa Francisco en varias ocasiones.<\/p>\n<p><b>La virtud cristiana de la fortaleza<\/b> <\/p>\n<p>Al seguir a los 124 m\u00e1rtires de Ja\u00e9n, el Prefecto del Dicasterio para las Causas de los Santos esperaba que experiment\u00e1ramos y conserv\u00e1ramos \u00abel deseo de ser valientes al dar testimonio de Jes\u00fas\u00bb. Junto a esto, concluy\u00f3, tambi\u00e9n destaca la virtud cristiana de la fortaleza, que nos hace \u00abcapaces de vencer el miedo, incluso el miedo a la muerte\u00bb, conscientes de las palabras de Jes\u00fas: \u00ab\u00a1Tened \u00e1nimo, yo he vencido al mundo!\u00bb.<\/p>\n","protected":false},"excerpt":{"rendered":"Esta ma\u00f1ana en Ja\u00e9n se celebr\u00f3 la Misa de beatificaci\u00f3n de 124 sacerdotes, religiosos y laicos, v\u00edctimas de&hellip;\n","protected":false},"author":2,"featured_media":288837,"comment_status":"","ping_status":"","sticky":false,"template":"","format":"standard","meta":{"footnotes":""},"categories":[8],"tags":[17,18,43861,25,24,13,14,69,11,19,20,37290,55053,9,10,15,16,10777,23,12,21,22],"class_list":{"0":"post-288836","1":"post","2":"type-post","3":"status-publish","4":"format-standard","5":"has-post-thumbnail","7":"category-espana","8":"tag-breaking-news","9":"tag-breakingnews","10":"tag-dicasterio","11":"tag-es","12":"tag-espana","13":"tag-featured-news","14":"tag-featurednews","15":"tag-guerra","16":"tag-headlines","17":"tag-latest-news","18":"tag-latestnews","19":"tag-marcello-semeraro","20":"tag-martires","21":"tag-news","22":"tag-noticias","23":"tag-noticias-destacadas","24":"tag-noticiasdestacadas","25":"tag-santos-y-beatos","26":"tag-spain","27":"tag-titulares","28":"tag-ultimas-noticias","29":"tag-ultimasnoticias"},"share_on_mastodon":{"url":"https:\/\/pubeurope.com\/@es\/115721392934546578","error":""},"_links":{"self":[{"href":"https:\/\/www.europesays.com\/es\/wp-json\/wp\/v2\/posts\/288836","targetHints":{"allow":["GET"]}}],"collection":[{"href":"https:\/\/www.europesays.com\/es\/wp-json\/wp\/v2\/posts"}],"about":[{"href":"https:\/\/www.europesays.com\/es\/wp-json\/wp\/v2\/types\/post"}],"author":[{"embeddable":true,"href":"https:\/\/www.europesays.com\/es\/wp-json\/wp\/v2\/users\/2"}],"replies":[{"embeddable":true,"href":"https:\/\/www.europesays.com\/es\/wp-json\/wp\/v2\/comments?post=288836"}],"version-history":[{"count":0,"href":"https:\/\/www.europesays.com\/es\/wp-json\/wp\/v2\/posts\/288836\/revisions"}],"wp:featuredmedia":[{"embeddable":true,"href":"https:\/\/www.europesays.com\/es\/wp-json\/wp\/v2\/media\/288837"}],"wp:attachment":[{"href":"https:\/\/www.europesays.com\/es\/wp-json\/wp\/v2\/media?parent=288836"}],"wp:term":[{"taxonomy":"category","embeddable":true,"href":"https:\/\/www.europesays.com\/es\/wp-json\/wp\/v2\/categories?post=288836"},{"taxonomy":"post_tag","embeddable":true,"href":"https:\/\/www.europesays.com\/es\/wp-json\/wp\/v2\/tags?post=288836"}],"curies":[{"name":"wp","href":"https:\/\/api.w.org\/{rel}","templated":true}]}}