{"id":288838,"date":"2025-12-15T03:11:13","date_gmt":"2025-12-15T03:11:13","guid":{"rendered":"https:\/\/www.europesays.com\/es\/288838\/"},"modified":"2025-12-15T03:11:13","modified_gmt":"2025-12-15T03:11:13","slug":"el-derechista-kast-se-da-como-ganador-en-chile-y-promete-gobernar-sin-mirar-los-colores-politicos","status":"publish","type":"post","link":"https:\/\/www.europesays.com\/es\/288838\/","title":{"rendered":"El derechista Kast se da como ganador en Chile y promete gobernar sin mirar los colores pol\u00edticos"},"content":{"rendered":"<p style=\"\">En una nueva jornada electoral tranquila, los chilenos han concurrido este domingo a las urnas a elegir al mandatario que los gobernar\u00e1 a partir de marzo, ocasi\u00f3n en la que<strong> Gabriel Boric<\/strong> le ha recordado a su sucesor que el presidente electo \u00ablo  &#8230; deber\u00e1 ser de todos los chilenos\u00bb. <\/p>\n<p class=\"voc-p\" style=\"\">El candidato opositor, el derechista <strong>Jos\u00e9 Antonio Kast<\/strong>, al recibir el mensaje, asegur\u00f3 que, tal y como demuestra su trayectoria pol\u00edtica como concejal municipal y diputado, nunca cerrar\u00e1 las puertas a sus opositores.<\/p>\n<p class=\"voc-p\" style=\"\">Con una participaci\u00f3n similar a la registrada en la primera vuelta el pasado 16 de noviembre, donde vot\u00f3 m\u00e1s de un 85% del censo, los electores acudieron desde temprano a las urnas, que cierran a las siete de la tarde (una de la madrugada, hora peninsular espa\u00f1ola).<\/p>\n<p class=\"voc-p\" style=\"\">Seg\u00fan todas las proyecciones y sondeos de opini\u00f3n, el representante de la derecha radical, Jos\u00e9 Antonio Kast, se impondr\u00eda sobre la candidata oficialista y militante comunista, <strong>Jeannette Jara<\/strong>, quien ha concentrado todos en su esfuerzos en no ser se\u00f1alada como la continuidad de la actual administraci\u00f3n. <\/p>\n<p class=\"voc-p\" style=\"\">El primero en emitir su voto fue el presidente <a href=\"https:\/\/www.abc.es\/espana\/sanchez-impulsa-boric-lula-petro-eje-alternativo-20250721183318-nt.html\" target=\"_self\" data-voc-vtm-id=\"in-text-traffic\" title=\"Gabriel Boric\" rel=\"nofollow noopener\">Gabriel Boric<\/a>, quien lo hizo en su ciudad natal, Punta Arenas, en el extremo austral del pa\u00eds. Tras votar, el gobernante llam\u00f3 a la ciudadan\u00eda a acudir a las urnas con tranquilidad y les record\u00f3 que \u00abnuestra decisi\u00f3n incide en el destino compartido de nuestra patria\u00bb.<\/p>\n<p class=\"voc-p\" style=\"\">Boric plante\u00f3 que \u00abel presidente que se elija hoy lo debe ser de todos los chilenos\u00bb, y agreg\u00f3 que se debe ser consciente de que todas las pol\u00edticas p\u00fablicas se construyen siempre sobre otras pol\u00edticas de Estado ya desarrolladas por mandatarios anteriores.<\/p>\n<p>Falsa alarma de bomba en Valpara\u00edso<\/p>\n<p><img decoding=\"async\" loading=\"lazy\" src=\"https:\/\/www.europesays.com\/es\/wp-content\/uploads\/2025\/12\/1504081368-U22087257562Bnv-268x166@diario_abc.jpg\" class=\"voc-p__img\" width=\"268\" height=\"166\" alt=\"Jeannette Jara\"\/><\/p>\n<p>Jeannette Jara<br \/>\nReuters<\/p>\n<p class=\"voc-p\">La candidata oficialista Jeannette Jara concurri\u00f3 a votar al colegio donde estudi\u00f3 en su infancia en una comuna popular de Santiago, justo cuando en la ciudad de Valpara\u00edso los Carabineros evacuaban un local de votaci\u00f3n ante un aviso de bomba. La alerta oblig\u00f3 a que los delegados electorales y los vocales de mesa resguardaran las urnas mientras la Polic\u00eda desalojaba a los votantes, revisaba el lugar y conclu\u00eda que la alarma hab\u00eda sido falsa.<\/p>\n<p class=\"voc-p\">Jeannette Jara coment\u00f3 que, de ser elegida presidenta, desde este lunes comenzar\u00e1 a conversar con las personas que ya ha preseleccionado para que se integren a su futuro gabinete, \u00abgente con experiencia\u00bb.<\/p>\n<p class=\"voc-p\">\u00abCuando se inicia un gobierno debe ya haber trabajo planificado, no se puede partir improvisando\u2026 para gobernar se necesita experiencia\u00bb, agreg\u00f3 haciendo alusi\u00f3n a su paso por la actual administraci\u00f3n.<\/p>\n<p class=\"voc-p\">La exministra tambi\u00e9n llam\u00f3 a los chilenos a \u00abrespetar los resultados debidamente y como corresponde\u00bb.<\/p>\n<p class=\"voc-p\" style=\"\">El mandatario descart\u00f3 de paso que la elecci\u00f3n, donde probablemente se imponga Kast, deba ser le\u00edda como una evaluaci\u00f3n a su mandato. \u00abLlamo a la ciudadan\u00eda a votar para seguir construyendo nuestra democracia\u2026 No creo que esto se trate de un plebiscito al Gobierno o no\u2026 el centro de la discusi\u00f3n est\u00e1 en lo que desean los chilenos para el futuro\u00bb, dijo.<\/p>\n<p class=\"voc-p\" style=\"\">Boric precis\u00f3 que \u00abac\u00e1 se gobierna hasta el \u00faltimo d\u00eda, hasta el cambio de gobierno el 11 de marzo. No hay tiempo para relajarse\u00bb.<\/p>\n<p>\nSin colores pol\u00edticos\n<\/p>\n<p class=\"voc-p\" style=\"\">Jos\u00e9 Antonio Kast emiti\u00f3 su voto en una comuna rural del gran Santiago acompa\u00f1ado de una multitud de seguidores. Tras hacerse eco de las palabras de Boric, coincidi\u00f3 en que el ganador tendr\u00e1 una tremenda responsabilidad y \u00abva a tener que ser el presidente de todos los chilenos\u00bb.<\/p>\n<p class=\"voc-p\" style=\"\">\u00abTodos los temas que nos preocupan no tienen color pol\u00edtico\u2026Si somos elegidos, vamos a dejar claro que somos un equipo a disposici\u00f3n de todos los chilenos sin importar las diferencias\u00bb, agreg\u00f3.<\/p>\n<p class=\"voc-title\">\u00abNos vamos a dejar la vida para reconstruir nuestra patria&#8230; Pero va a depender de la colaboraci\u00f3n de los parlamentarios. No todo pasa por la voluntad del presidente y sus ministros\u00bb<\/p>\n<p class=\"voc-article-position__name\"><strong>Jos\u00e9 Antonio Kast<\/strong><\/p>\n<p class=\"voc-article-position__employ\">Candidato opositor republicano<\/p>\n<p class=\"voc-p\" style=\"\">Al ser consultado sobre las expectativas de su gobierno, Kast se\u00f1al\u00f3 que en los primeros 90 d\u00edas se buscar\u00e1 fijar las bases para el resto de la administraci\u00f3n, pero matiz\u00f3 que claramente no se van a solucionar todos los problemas en ese tiempo.<\/p>\n<p class=\"voc-p\" style=\"\">Tal y como prometi\u00f3, \u00abnos vamos a dejar la vida para reconstruir nuestra patria. Por eso apelamos a la unidad para resolver peque\u00f1os temas que afectan a la ciudadan\u00eda. Tambi\u00e9n va a depender de la colaboraci\u00f3n de los parlamentarios en la C\u00e1mara de Diputados y el Senado; no todo pasa por la voluntad del presidente y sus ministros\u00bb.<\/p>\n","protected":false},"excerpt":{"rendered":"En una nueva jornada electoral tranquila, los chilenos han concurrido este domingo a las urnas a elegir al&hellip;\n","protected":false},"author":2,"featured_media":288839,"comment_status":"","ping_status":"","sticky":false,"template":"","format":"standard","meta":{"footnotes":""},"categories":[5],"tags":[17,18,2047,8045,62141,25,24,13,14,5138,69362,11,61112,19,20,7575,9,10,15,16,1670,10206,23,12,21,22],"class_list":{"0":"post-288838","1":"post","2":"type-post","3":"status-publish","4":"format-standard","5":"has-post-thumbnail","7":"category-titulares","8":"tag-breaking-news","9":"tag-breakingnews","10":"tag-chile","11":"tag-colores","12":"tag-derechista","13":"tag-es","14":"tag-espana","15":"tag-featured-news","16":"tag-featurednews","17":"tag-ganador","18":"tag-gobernar","19":"tag-headlines","20":"tag-kast","21":"tag-latest-news","22":"tag-latestnews","23":"tag-mirar","24":"tag-news","25":"tag-noticias","26":"tag-noticias-destacadas","27":"tag-noticiasdestacadas","28":"tag-politicos","29":"tag-promete","30":"tag-spain","31":"tag-titulares","32":"tag-ultimas-noticias","33":"tag-ultimasnoticias"},"share_on_mastodon":{"url":"https:\/\/pubeurope.com\/@es\/115721397029357246","error":""},"_links":{"self":[{"href":"https:\/\/www.europesays.com\/es\/wp-json\/wp\/v2\/posts\/288838","targetHints":{"allow":["GET"]}}],"collection":[{"href":"https:\/\/www.europesays.com\/es\/wp-json\/wp\/v2\/posts"}],"about":[{"href":"https:\/\/www.europesays.com\/es\/wp-json\/wp\/v2\/types\/post"}],"author":[{"embeddable":true,"href":"https:\/\/www.europesays.com\/es\/wp-json\/wp\/v2\/users\/2"}],"replies":[{"embeddable":true,"href":"https:\/\/www.europesays.com\/es\/wp-json\/wp\/v2\/comments?post=288838"}],"version-history":[{"count":0,"href":"https:\/\/www.europesays.com\/es\/wp-json\/wp\/v2\/posts\/288838\/revisions"}],"wp:featuredmedia":[{"embeddable":true,"href":"https:\/\/www.europesays.com\/es\/wp-json\/wp\/v2\/media\/288839"}],"wp:attachment":[{"href":"https:\/\/www.europesays.com\/es\/wp-json\/wp\/v2\/media?parent=288838"}],"wp:term":[{"taxonomy":"category","embeddable":true,"href":"https:\/\/www.europesays.com\/es\/wp-json\/wp\/v2\/categories?post=288838"},{"taxonomy":"post_tag","embeddable":true,"href":"https:\/\/www.europesays.com\/es\/wp-json\/wp\/v2\/tags?post=288838"}],"curies":[{"name":"wp","href":"https:\/\/api.w.org\/{rel}","templated":true}]}}