{"id":288862,"date":"2025-12-15T03:33:12","date_gmt":"2025-12-15T03:33:12","guid":{"rendered":"https:\/\/www.europesays.com\/es\/288862\/"},"modified":"2025-12-15T03:33:12","modified_gmt":"2025-12-15T03:33:12","slug":"misa-junto-a-la-asociacion-de-trasplantados-hepaticos-de-sevilla-y-huelva","status":"publish","type":"post","link":"https:\/\/www.europesays.com\/es\/288862\/","title":{"rendered":"Misa junto a la Asociaci\u00f3n de Trasplantados Hep\u00e1ticos de Sevilla y Huelva"},"content":{"rendered":"<p>\t    \t  <img loading=\"lazy\" decoding=\"async\" width=\"400\" height=\"221\" src=\"https:\/\/www.europesays.com\/es\/wp-content\/uploads\/2025\/12\/Misa2.png\" class=\"attachment- size- wp-post-image\" alt=\"\"  \/>            <\/p>\n<p>Hoy, a las 12:30 horas, hemos celebrado una emotiva Eucarist\u00eda junto a la <strong>Asociaci\u00f3n de Enfermos y Trasplantados Hep\u00e1ticos de Sevilla y Huelva<\/strong>, un encuentro lleno de fe, esperanza y gratitud.<\/p>\n<p>La misa fue <strong>oficiada por el Rvdo. P. D. Antonio Godoy<\/strong>, sacerdote que lleva dos meses y cinco d\u00edas trasplantado, siendo esta su primera Eucarist\u00eda tras el trasplante, un testimonio vivo de fortaleza y esperanza.<\/p>\n<p>Nos acompa\u00f1aron el director general de Trasplantes, <strong>Dr. Jos\u00e9 P\u00e9rez Bernal<\/strong>, el presidente de la asociaci\u00f3n, <strong>D. Jos\u00e9 Luis Rivas D\u00edaz<\/strong>, la Junta Directiva, doctores del equipo de trasplantes, as\u00ed como enfermos y personas trasplantadas.<\/p>\n<p>Tras la celebraci\u00f3n, se realiz\u00f3 una visita al camar\u00edn de la Sant\u00edsima Virgen de la Esperanza, patrona de nuestra asociaci\u00f3n, donde nuestro director espiritual y rector de la Bas\u00edlica elev\u00f3 unas oraciones ante Ella.<\/p>\n<p>Un d\u00eda profundamente significativo que refuerza la fe, la uni\u00f3n y el agradecimiento por el don de la vida.<\/p>\n<p><\/p>\n","protected":false},"excerpt":{"rendered":"Hoy, a las 12:30 horas, hemos celebrado una emotiva Eucarist\u00eda junto a la Asociaci\u00f3n de Enfermos y Trasplantados&hellip;\n","protected":false},"author":2,"featured_media":288863,"comment_status":"","ping_status":"","sticky":false,"template":"","format":"standard","meta":{"footnotes":""},"categories":[8],"tags":[69365,17,18,25,24,13,14,11,29052,19,20,9,10,15,16,23,12,21,22,29053],"class_list":{"0":"post-288862","1":"post","2":"type-post","3":"status-publish","4":"format-standard","5":"has-post-thumbnail","7":"category-espana","8":"tag-misa-junto-a-la-asociacion-de-trasplantados-hepaticos-de-sevilla-y-huelva","9":"tag-breaking-news","10":"tag-breakingnews","11":"tag-es","12":"tag-espana","13":"tag-featured-news","14":"tag-featurednews","15":"tag-headlines","16":"tag-hermandad-de-la-macarena","17":"tag-latest-news","18":"tag-latestnews","19":"tag-news","20":"tag-noticias","21":"tag-noticias-destacadas","22":"tag-noticiasdestacadas","23":"tag-spain","24":"tag-titulares","25":"tag-ultimas-noticias","26":"tag-ultimasnoticias","27":"tag-web-oficial-de-la-hermandad-de-la-macarena"},"share_on_mastodon":{"url":"https:\/\/pubeurope.com\/@es\/115721483427773615","error":""},"_links":{"self":[{"href":"https:\/\/www.europesays.com\/es\/wp-json\/wp\/v2\/posts\/288862","targetHints":{"allow":["GET"]}}],"collection":[{"href":"https:\/\/www.europesays.com\/es\/wp-json\/wp\/v2\/posts"}],"about":[{"href":"https:\/\/www.europesays.com\/es\/wp-json\/wp\/v2\/types\/post"}],"author":[{"embeddable":true,"href":"https:\/\/www.europesays.com\/es\/wp-json\/wp\/v2\/users\/2"}],"replies":[{"embeddable":true,"href":"https:\/\/www.europesays.com\/es\/wp-json\/wp\/v2\/comments?post=288862"}],"version-history":[{"count":0,"href":"https:\/\/www.europesays.com\/es\/wp-json\/wp\/v2\/posts\/288862\/revisions"}],"wp:featuredmedia":[{"embeddable":true,"href":"https:\/\/www.europesays.com\/es\/wp-json\/wp\/v2\/media\/288863"}],"wp:attachment":[{"href":"https:\/\/www.europesays.com\/es\/wp-json\/wp\/v2\/media?parent=288862"}],"wp:term":[{"taxonomy":"category","embeddable":true,"href":"https:\/\/www.europesays.com\/es\/wp-json\/wp\/v2\/categories?post=288862"},{"taxonomy":"post_tag","embeddable":true,"href":"https:\/\/www.europesays.com\/es\/wp-json\/wp\/v2\/tags?post=288862"}],"curies":[{"name":"wp","href":"https:\/\/api.w.org\/{rel}","templated":true}]}}