{"id":288888,"date":"2025-12-15T03:57:16","date_gmt":"2025-12-15T03:57:16","guid":{"rendered":"https:\/\/www.europesays.com\/es\/288888\/"},"modified":"2025-12-15T03:57:16","modified_gmt":"2025-12-15T03:57:16","slug":"vini-le-lanza-un-cable-a-xabi","status":"publish","type":"post","link":"https:\/\/www.europesays.com\/es\/288888\/","title":{"rendered":"Vini le lanza un cable a Xabi"},"content":{"rendered":"<p class=\"\">Resulta imposible determinar cu\u00e1nto tiempo aguantar\u00e1 Xabi Alonso agarrado al m\u00e1stil, pero el partido de Mendizorroza, resultado al margen, no le ayudar\u00e1. El Madrid jug\u00f3 bien un ratito corto, <b>Mbapp\u00e9 se invent\u00f3 el gol que siempre figura en la carta <\/b>y luego el equipo volvi\u00f3 a decolorarse, aunque no de manera uniforme: Bellingham y Rodrygo espabilaron, Vinicius apareci\u00f3 cuando le necesit\u00f3 el equipo y el resto fue m\u00e1s fr\u00edo que calor en una victoria que apenas desgrava. El Alav\u00e9s le ech\u00f3 ganas y valor. Lo que no tuvo fue remate, herramienta imprescindible para no irse ante un grande con las manos vac\u00edas. <\/p>\n<p class=\"\">El Madrid lleg\u00f3 a Vitoria en medio de un paisaje lunar: dos derrotas consecutivas, un descontento creciente y sonoro con las figuras, un entrenador casi amortizado, el Bar\u00e7a arropado con siete puntos de ventaja y <b>nueve bajas por lesi\u00f3n o sanci\u00f3n,<\/b> lo que obligaba a jugar con lo puesto. Pero lo puesto dej\u00f3 un once de alt\u00edsima gama. Salvo Asencio y el debutante Valdepe\u00f1as, remiendo a las ausencias de los tres laterales izquierdos, el resto podr\u00eda formar parte de cualquier<b> alineaci\u00f3n de gala. <\/b>La excusa de las bajas se hab\u00eda quedado peque\u00f1a.<\/p>\n<p><img decoding=\"async\" src=\"https:\/\/www.europesays.com\/es\/wp-content\/uploads\/2025\/12\/VTAIIYFQMRKURE2X2UVDLDZDJE.jpg\" alt=\"Vini le lanza un cable a Xabi\" height=\"2819\" width=\"5536\"   loading=\"lazy\"\/>Mbapp\u00e9 marc\u00f3 as\u00ed el 0-1<br \/>\nJESUS ALVAREZ ORIHUELA<\/p>\n<p class=\"\">Xabi Alonso defendi\u00f3 el primero de una sucesi\u00f3n de match-balls que se avecinan juntando de nuevo a <b>Arda G\u00fcler y Bellingham<\/b>, que no acaban de ser centrocampistas en el sentido m\u00e1s estricto del t\u00e9rmino, con carencias en el corte y la confecci\u00f3n. A menudo hundi\u00f3 a <b>Tchouameni <\/b>entre los dos centrales en un papel de escolta de la pareja, especialmente en la salida de la pelota, aunque el Alav\u00e9s fue menos presionante ah\u00ed de lo que acostumbra en el inicio. No todos los rivales merecen el mismo tratamiento.<\/p>\n<p>Siempre Mbapp\u00e9<\/p>\n<p class=\"\">Lo cierto es que el equipo blanco ejerci\u00f3 en ese tramo una buena defensa de su entrenador. <b>Arrincon\u00f3 al Alav\u00e9s<\/b>, movi\u00f3 la pelota con cierto criterio, lanz\u00f3 a Valverde, otra vez lateral por necesidades del servicio, muy arriba y le puso dos buenos balones a Mbapp\u00e9. Ninguno de los dos acab\u00f3 en el blanco, pero anduvieron realmente cerca. <b>Rodrygo<\/b>, futbolista en rehabilitaci\u00f3n despu\u00e9s de una desaparici\u00f3n flagrante durante meses, tuvo la tercera. Valverde le dej\u00f3 en el mismo lugar desde donde le marc\u00f3 al City el mi\u00e9rcoles. Esta vez cruz\u00f3 el derechazo m\u00e1s de la cuenta. <\/p>\n<p class=\"\">El Alav\u00e9s abandonaba poco la barricada y cuando lo hac\u00eda, era para lanzar balones largos a <b>Lucas Boy\u00e9<\/b>, un percusionista sobradamente probado. La mejor de sus arrancadas top\u00f3 con Valdepe\u00f1as, un canterano de gran f\u00edsico.<\/p>\n<p><img decoding=\"async\" src=\"https:\/\/www.europesays.com\/es\/wp-content\/uploads\/2025\/12\/52RNAMDTAVORLJMN536HBBSXME.jpg\" alt=\"Vini le lanza un cable a Xabi\" height=\"3370\" width=\"4988\"   loading=\"lazy\"\/>Carlos Vicente es felicitado por sus compa\u00f1eros tras anotar el 1-1.L. Rico<\/p>\n<p class=\"\">Sin embargo, el Madrid, que no es ejemplo de perseverancia, comenz\u00f3 a aburrirse de darle vueltas a esa caja fuerte albiazul. Y justo cuando parec\u00eda invertirse la tendencia, el equipo de Xabi Alonso se encontr\u00f3 un tesoro: el espacio. Un Rodrygo combativo le limpi\u00f3 la pelota a Denis Su\u00e1rez para que Bellingham pusiera en la pista de despegue a <b>Mbapp\u00e9<\/b>. <b>El franc\u00e9s vol\u00f3 desde la izquierda, hizo desaparecer a Tenaglia a toda mecha y mand\u00f3 su derechazo a la red. <\/b>Un gol tantas veces visto y no por ello defendible. Es la velocidad a la que lo ejecuta lo que invalida cualquier contramedida.<\/p>\n<p class=\"\">El gol cambi\u00f3 el choque. El Alav\u00e9s paso de resistente a propositivo y, ahora s\u00ed, apret\u00f3 la salida de pelota del Madrid e hizo buenas migas con ella. La acometida babazorra oblig\u00f3 al equipo blanco a jugar en largo y ah\u00ed ni Vinicius ni Mbapp\u00e9 sacaron partido. <b>Las disputas no est\u00e1n entre las diez mejores virtudes de ambos<\/b>. Especialmente desactivado se mostr\u00f3 el brasile\u00f1o, al que el papel de segundo punta no le ayuda en el momento valle que vive. <\/p>\n<p class=\"\">Un Madrid ausente para entonces lleg\u00f3 con ventaja al descanso gracias a que<b> Courtois le quit\u00f3 el gol a Ib\u00e1\u00f1ez en acto cristiano de poner la mejilla<\/b>. Su cara fue defensa suficiente al remate a quemarropa.<\/p>\n<p class=\"\">Pasado el ecuador, el partido deriv\u00f3 en tost\u00f3n. Al Alav\u00e9s la combatividad no le llevaba hasta el \u00e1rea. En el Madrid, <b>Bellingham<\/b>, en su mejor actuaci\u00f3n del curso, no encontraba c\u00f3mplices. <\/p>\n<p>La revoluci\u00f3n Carlos Vicente<\/p>\n<p class=\"\">Coudet fue el primero en romper la encalmada y le sali\u00f3 excelentemente. <b>Carlos Vicente<\/b>, reci\u00e9n llegado al duelo, supo controlar un pelotazo largo de Blanco y, sin m\u00e1s, meti\u00f3 un derechazo que super\u00f3 a Courtois. El Madrid se lo hab\u00eda buscado. La falta de presi\u00f3n de los centrocampistas le costaba el empate. <\/p>\n<p class=\"\">La cosa no acab\u00f3 ah\u00ed. Con el Madrid de brazos ca\u00eddos, Carlos Vicente escap\u00f3 de Valdepe\u00f1as y le regal\u00f3 un pase de gol a <b>Toni Mart\u00ednez <\/b>que se qued\u00f3 en grado de tentativa porque <b>Asencio <\/b>le molest\u00f3 lo justo para estropear el remate. <\/p>\n<p><img decoding=\"async\" src=\"https:\/\/www.europesays.com\/es\/wp-content\/uploads\/2025\/12\/QB7CBUYNIFLGRCKYW4WLS4M62I.jpg\" alt=\"Vini le lanza un cable a Xabi\" height=\"2149\" width=\"5404\"   loading=\"lazy\"\/>Rodrygo dio el triunfo al Madrid con este remate tras recibir de Vinicius.<br \/>\nJESUS ALVAREZ ORIHUELANoticias relacionadas<a href=\"https:\/\/as.com\/futbol\/primera\/endrick-se-va-aunque-salga-xabi-f202512-n\/\" class=\"s_m_w\" title=\"El acuerdo de cesi\u00f3n entre Real Madrid y Lyon es firme. El brasile\u00f1o saldr\u00e1 cedido en enero para buscar foco de cara al Mundial.\" data-tb-link=\"\" rel=\"nofollow noopener\" target=\"_blank\"><img decoding=\"async\" src=\"https:\/\/www.europesays.com\/es\/wp-content\/uploads\/2025\/12\/1765771035_89_KC4VNMFMWBMZTDLV3BYIRIO6JQ.jpg\" alt=\"Endrick se va aunque salga Xabi\" class=\"\" height=\"9\" width=\"16\"   loading=\"lazy\" data-tb-thumbnail=\"\"\/><\/a><a href=\"https:\/\/as.com\/futbol\/champions\/vuelve-el-madrid-falta-la-suerte-f202512-n\/\" class=\"s_m_w\" title=\"El Madrid, sin Mbapp\u00e9, mejora en juego y actitud, pero no le da para imponerse a un City reserv\u00f3n. El larguero evit\u00f3 el empate.\" data-tb-link=\"\" rel=\"nofollow noopener\" target=\"_blank\"><img decoding=\"async\" src=\"https:\/\/www.europesays.com\/es\/wp-content\/uploads\/2025\/12\/USIU5ED7OFODZKGZEWRG3VPZNM.jpg\" alt=\"M\u00e1s ganas que suerte\" class=\"\" height=\"9\" width=\"16\"   loading=\"lazy\" data-tb-thumbnail=\"\"\/><\/a><\/p>\n<p class=\"\">El Madrid andaba cerca del KO cuando <b>Vinicius <\/b>qui\u00e9n sabe si pag\u00f3 el rescate de Xabi. En su \u00fanica acci\u00f3n de m\u00e9rito, se anticip\u00f3 a Otto, le dej\u00f3 atr\u00e1s en la carrera y le regal\u00f3 un tanto cargado de ox\u00edgeno a <b>Rodrygo<\/b>. Con el golpe de viento a favor, el t\u00e9cnico blanco quit\u00f3 a Valdepe\u00f1as, que sufr\u00eda ante su nueva pareja, y coloc\u00f3 a Valverde como lateral izquierdo, navaja suiza a su pesar. A\u00fan hubo tiempo para que Garc\u00eda Verdura y el VAR <b>se comieran un penalti claro de Tenaglia a Vinicius<\/b> la semana en que Laporta declar\u00f3 por el Caso Negreira. Mal momento para meter la pata. Y as\u00ed, braceando, gan\u00f3 el Madrid la orilla para disimular en la tabla que esto sigue sin funcionar.<\/p>\n<p class=\"\"><b>\u00a1Tus opiniones importan!<\/b> Comenta en los art\u00edculos y suscr\u00edbete gratis a nuestra <a href=\"https:\/\/asfan.as.com\/newsletters\/\" target=\"_blank\" rel=\"nofollow noopener\" title=\"https:\/\/asfan.as.com\/newsletters\/\">newsletter<\/a> y a las alertas informativas en la <a href=\"https:\/\/as.com\/aplicacion-de-as-n\/\" target=\"_blank\" rel=\"nofollow noopener\" title=\"https:\/\/as.com\/aplicacion-de-as-n\/\">App<\/a> o el canal de <a href=\"https:\/\/www.whatsapp.com\/channel\/0029VaAasdA7j6g745nz9M10\" target=\"_blank\" rel=\"nofollow noopener\" title=\"https:\/\/www.whatsapp.com\/channel\/0029VaAasdA7j6g745nz9M10\">WhatsApp<\/a>. \u00bfBuscas licenciar contenido? Haz clic <a href=\"https:\/\/profesional.elpais.com\/soluciones-sindicacion?utm_medium=interno&amp;utm_source=crosslinking&amp;utm_campaign=sindicacion_as_pie_articulos\" target=\"_blank\" rel=\"nofollow noopener\" title=\"https:\/\/profesional.elpais.com\/soluciones-sindicacion?utm_medium=interno&amp;utm_source=crosslinking&amp;utm_campaign=sindicacion_as_pie_articulos\">aqu\u00ed<\/a><\/p>\n<p class=\"stat-tl ev-fw-tl\"><strong>Cambios<\/strong><\/p>\n<p class=\"ev-text-aux\">\n                            <strong>Carles Ale\u00f1\u00e1<\/strong> (66&#8242;, Abde Rebbach),                             <strong>Toni Mart\u00ednez<\/strong> (66&#8242;, Pablo Ib\u00e1\u00f1ez),                             <strong>Carlos Vicente<\/strong> (66&#8242;, Calebe),                             <strong>Gonzalo Garc\u00eda<\/strong> (77&#8242;, Arda G\u00fcler),                             <strong>Dean Huijsen<\/strong> (77&#8242;, Valde),                             <strong>Brahim D\u00edaz<\/strong> (82&#8242;, Rodrygo),                             <strong>Ander Guevara<\/strong> (82&#8242;, Denis Su\u00e1rez),                             <strong>Franco Mastantuono<\/strong> (88&#8242;, Vin\u00edcius J\u00fanior),                             <strong>Youssef Enr\u00edquez<\/strong> (88&#8242;, Victor Parada)                        <\/p>\n<p class=\"stat-tl ev-fw-tl\"><strong>Goles<\/strong><\/p>\n<p class=\"ev-text-aux\">\n                                                                                                        0-1, 23&#8242;: <strong>Kylian Mbappe<\/strong>,                                                                                 1-1, 67&#8242;: <strong>Carlos Vicente<\/strong>,                                                                                 1-2, 75&#8242;: <strong>Rodrygo<\/strong>                        <\/p>\n<p class=\"stat-tl ev-fw-tl\"><strong>Tarjetas<\/strong><\/p>\n<p class=\"ev-text-aux\">\n                Arbitro: Victor Garc\u00eda Verdura<br \/>Arbitro VAR: Pablo Gonz\u00e1lez Fuertes, Jos\u00e9 Luis Guzm\u00e1n Mansilla<br \/><strong>Victor Parada<\/strong> (5&#8242;,Amarilla),                                     <strong>Vinicius Junior<\/strong> (79&#8242;,Amarilla),                                     <strong>Abde Rebbach<\/strong> (88&#8242;,Amarilla),                                     <strong>Ander Guevara<\/strong> (92&#8242;,Amarilla)                            <\/p>\n","protected":false},"excerpt":{"rendered":"Resulta imposible determinar cu\u00e1nto tiempo aguantar\u00e1 Xabi Alonso agarrado al m\u00e1stil, pero el partido de Mendizorroza, resultado al&hellip;\n","protected":false},"author":2,"featured_media":288889,"comment_status":"","ping_status":"","sticky":false,"template":"","format":"standard","meta":{"footnotes":""},"categories":[5],"tags":[17,18,25,24,13,14,11,19,20,9,10,15,16,23,12,21,22],"class_list":{"0":"post-288888","1":"post","2":"type-post","3":"status-publish","4":"format-standard","5":"has-post-thumbnail","7":"category-titulares","8":"tag-breaking-news","9":"tag-breakingnews","10":"tag-es","11":"tag-espana","12":"tag-featured-news","13":"tag-featurednews","14":"tag-headlines","15":"tag-latest-news","16":"tag-latestnews","17":"tag-news","18":"tag-noticias","19":"tag-noticias-destacadas","20":"tag-noticiasdestacadas","21":"tag-spain","22":"tag-titulares","23":"tag-ultimas-noticias","24":"tag-ultimasnoticias"},"share_on_mastodon":{"url":"https:\/\/pubeurope.com\/@es\/115721577915248703","error":""},"_links":{"self":[{"href":"https:\/\/www.europesays.com\/es\/wp-json\/wp\/v2\/posts\/288888","targetHints":{"allow":["GET"]}}],"collection":[{"href":"https:\/\/www.europesays.com\/es\/wp-json\/wp\/v2\/posts"}],"about":[{"href":"https:\/\/www.europesays.com\/es\/wp-json\/wp\/v2\/types\/post"}],"author":[{"embeddable":true,"href":"https:\/\/www.europesays.com\/es\/wp-json\/wp\/v2\/users\/2"}],"replies":[{"embeddable":true,"href":"https:\/\/www.europesays.com\/es\/wp-json\/wp\/v2\/comments?post=288888"}],"version-history":[{"count":0,"href":"https:\/\/www.europesays.com\/es\/wp-json\/wp\/v2\/posts\/288888\/revisions"}],"wp:featuredmedia":[{"embeddable":true,"href":"https:\/\/www.europesays.com\/es\/wp-json\/wp\/v2\/media\/288889"}],"wp:attachment":[{"href":"https:\/\/www.europesays.com\/es\/wp-json\/wp\/v2\/media?parent=288888"}],"wp:term":[{"taxonomy":"category","embeddable":true,"href":"https:\/\/www.europesays.com\/es\/wp-json\/wp\/v2\/categories?post=288888"},{"taxonomy":"post_tag","embeddable":true,"href":"https:\/\/www.europesays.com\/es\/wp-json\/wp\/v2\/tags?post=288888"}],"curies":[{"name":"wp","href":"https:\/\/api.w.org\/{rel}","templated":true}]}}