{"id":288894,"date":"2025-12-15T04:07:16","date_gmt":"2025-12-15T04:07:16","guid":{"rendered":"https:\/\/www.europesays.com\/es\/288894\/"},"modified":"2025-12-15T04:07:16","modified_gmt":"2025-12-15T04:07:16","slug":"el-plan-de-irene-rosales-con-el-que-envia-un-dardo-directo-al-corazon-de-kiko","status":"publish","type":"post","link":"https:\/\/www.europesays.com\/es\/288894\/","title":{"rendered":"El plan de Irene Rosales con el que env\u00eda un dardo directo al coraz\u00f3n de Kiko"},"content":{"rendered":"<p class=\"paragraph\"><a href=\"https:\/\/www.esdiario.com\/chismografo\/251108\/171750\/punalada-kiko-rivera-irene-rosales-vuelta-vida.html\" title=\"La pu\u00f1alada de Kiko Rivera a Irene Rosales en su vuelta a la vida p\u00fablica\" rel=\"nofollow noopener\" target=\"_blank\">Irene Rosales <\/a>est\u00e1 en una etapa muy feliz de su vida. La que fuera colaboradora de Fiesta finalizaba su relaci\u00f3n con <a href=\"https:\/\/www.esdiario.com\/chismografo\/251126\/173223\/ultimas-fotos-kiko-rivera-colman-vaso-paciencia-hombre-libre-soltero.html\" title=\"Las \u00faltimas fotos de Kiko Rivera colman el vaso de su paciencia de hombre libre y soltero\" rel=\"nofollow noopener\" target=\"_blank\">Kiko Rivera<\/a> este verano y, pocas semanas despu\u00e9s, sal\u00edan a la luz las im\u00e1genes que demostraban que la de Sevilla estaba <b>enamorada de un empresario sevillano<\/b>.<\/p>\n<p>            <a href=\"#\" title=\"\"><\/p>\n<p>                    <img loading=\"lazy\" decoding=\"async\" data-index=\"\" width=\"140\" height=\"140\" alt=\"Kiko Rivera encuentra aliados entre los enemigos de Isabel Pantoja\" data-full=\"[object Object]\" data-original=\"[object Object]\" src=\"https:\/\/imagenes.esdiario.com\/files\/related_image\/uploads\/2025\/12\/06\/69345d80b10d7.jpeg\" data-full-src=\"https:\/\/www.europesays.com\/es\/wp-content\/uploads\/2025\/12\/69345d80b10d7.jpeg\"\/><\/p>\n<p>            <\/a><\/p>\n<p class=\"paragraph\">El propio hijo de <a href=\"https:\/\/www.esdiario.com\/chismografo\/251205\/174012\/anabel-pantoja-jorge-javier-vazquez-marcan-salvame-telecinco-anos-despues.html\" title=\"Anabel Pantoja y Jorge Javier V\u00e1zquez se marcan un S\u00e1lvame en Telecinco muchos a\u00f1os despu\u00e9s\" rel=\"nofollow noopener\" target=\"_blank\">Isabel Pantoja<\/a> hablaba en \u00a1De viernes!\u00a0sobre su separaci\u00f3n, desvelando c\u00f3mo descubri\u00f3 el nuevo romance de su exmujer: \u00ab<b>Yo me entero por la prensa<\/b>, el mismo d\u00eda que sale por la prensa me manda un mensaje. Lo considero un poco fr\u00edo\u00bb, aseguraba.<\/p>\n<p>Completamente integrados<\/p>\n<p class=\"paragraph\">Lo cierto es que pese a todas la pol\u00e9micas que suscit\u00f3 este noviazgo y a las declaraciones del primo de <a href=\"https:\/\/www.esdiario.com\/chismografo\/251212\/174524\/plena-guerra-rumores-madre-novio-anabel-pantoja-elige-idolo-dos.html\" title=\"En plena guerra de rumores entre su madre y su novio Anabel Pantoja \" idealiza=\"\" solo=\"\" a=\"\" uno=\"\" de=\"\" los=\"\" dos=\"\" rel=\"nofollow noopener\" target=\"_blank\">Anabel Pantoja<\/a> al respecto, los tortolitos se muestran m\u00e1s felices que nunca, compartiendo numerosas im\u00e1genes juntos, incluso con las nietas de Pantoja.<\/p>\n<p class=\"paragraph\">Y es que la relaci\u00f3n va viento en popa, tanto, que <a href=\"https:\/\/www.esdiario.com\/chismografo\/251105\/171523\/irene-rosales-novio-guillermo-pasean-pueblo.html\" title=\"Irene Rosales y su novio Guillermo pasean por su pueblo y les cazan \" in=\"\" fraganti=\"\" rel=\"nofollow noopener\" target=\"_blank\">Irene Rosales y su novio Guillermo<\/a> ya han acudido a su primera boda juntos como pareja oficial, seg\u00fan ha desvelado, en exclusiva, \u00a1Vaya Fama!\u00a0donde han mostrado todas las im\u00e1genes de este \u00edntimo momento.<\/p>\n<p class=\"paragraph\">\u00abTodos ven a Guillermo muy contento en esta relaci\u00f3n. Irene tambi\u00e9n est\u00e1 muy feliz. <b>Es una m\u00e1s en el grupo de Guillermo<\/b>, pero tambi\u00e9n \u00e9l en el grupo de Irene. Adem\u00e1s, esta pareja que ha renovado sus votos ya ha quedado con ella varias veces, con lo que podemos decir que poco a poco se va consolidando la relaci\u00f3n. Est\u00e1n muy felices\u00bb, a\u00f1ad\u00edan en <a href=\"https:\/\/www.esdiario.com\/chismografo\/medios\/251213\/174640\/emma-garcia-lidera-renovacion-fiesta-asegura-futuro-telecinco.html\" title=\"Emma Garc\u00eda lidera la renovaci\u00f3n de \u2018Fiesta\u2019 y asegura su futuro en Telecinco\" rel=\"nofollow noopener\" target=\"_blank\">Telecinco<\/a>.<\/p>\n","protected":false},"excerpt":{"rendered":"Irene Rosales est\u00e1 en una etapa muy feliz de su vida. La que fuera colaboradora de Fiesta finalizaba&hellip;\n","protected":false},"author":2,"featured_media":288895,"comment_status":"","ping_status":"","sticky":false,"template":"","format":"standard","meta":{"footnotes":""},"categories":[174],"tags":[255,146,147,25,24,256,30468,23],"class_list":{"0":"post-288894","1":"post","2":"type-post","3":"status-publish","4":"format-standard","5":"has-post-thumbnail","7":"category-famosos","8":"tag-celebrities","9":"tag-entertainment","10":"tag-entretenimiento","11":"tag-es","12":"tag-espana","13":"tag-famosos","14":"tag-irene-rosales","15":"tag-spain"},"share_on_mastodon":{"url":"https:\/\/pubeurope.com\/@es\/115721617588150170","error":""},"_links":{"self":[{"href":"https:\/\/www.europesays.com\/es\/wp-json\/wp\/v2\/posts\/288894","targetHints":{"allow":["GET"]}}],"collection":[{"href":"https:\/\/www.europesays.com\/es\/wp-json\/wp\/v2\/posts"}],"about":[{"href":"https:\/\/www.europesays.com\/es\/wp-json\/wp\/v2\/types\/post"}],"author":[{"embeddable":true,"href":"https:\/\/www.europesays.com\/es\/wp-json\/wp\/v2\/users\/2"}],"replies":[{"embeddable":true,"href":"https:\/\/www.europesays.com\/es\/wp-json\/wp\/v2\/comments?post=288894"}],"version-history":[{"count":0,"href":"https:\/\/www.europesays.com\/es\/wp-json\/wp\/v2\/posts\/288894\/revisions"}],"wp:featuredmedia":[{"embeddable":true,"href":"https:\/\/www.europesays.com\/es\/wp-json\/wp\/v2\/media\/288895"}],"wp:attachment":[{"href":"https:\/\/www.europesays.com\/es\/wp-json\/wp\/v2\/media?parent=288894"}],"wp:term":[{"taxonomy":"category","embeddable":true,"href":"https:\/\/www.europesays.com\/es\/wp-json\/wp\/v2\/categories?post=288894"},{"taxonomy":"post_tag","embeddable":true,"href":"https:\/\/www.europesays.com\/es\/wp-json\/wp\/v2\/tags?post=288894"}],"curies":[{"name":"wp","href":"https:\/\/api.w.org\/{rel}","templated":true}]}}