{"id":288896,"date":"2025-12-15T04:10:20","date_gmt":"2025-12-15T04:10:20","guid":{"rendered":"https:\/\/www.europesays.com\/es\/288896\/"},"modified":"2025-12-15T04:10:20","modified_gmt":"2025-12-15T04:10:20","slug":"aciertos-y-errores-de-su-edicion-en-prime-video-y-sus-opciones-de-futuro-en-tv","status":"publish","type":"post","link":"https:\/\/www.europesays.com\/es\/288896\/","title":{"rendered":"aciertos y errores de su edici\u00f3n en Prime Video, y sus opciones de futuro en TV"},"content":{"rendered":"<p class=\"article-text\">\n        <strong>OT 2025<\/strong><strong> <\/strong>celebra este lunes 15 de diciembre su gran final en <strong>Amazon Prime Video<\/strong>. Despu\u00e9s de tres meses de formaci\u00f3n en la Academia dirigida por <strong>Noem\u00ed Galera<\/strong> y 12 galas en directo con <strong>Chenoa <\/strong>al frente, el talent musical de <strong>Gestmusic <\/strong>llega a su desenlace con <a href=\"https:\/\/www.eldiario.es\/vertele\/noticias\/ot-2025-vivio-ultima-expulsion-eligio-5-finalistas-definitivos-emociono-chenoa-palabras-noemi-galera_1_12829324.html\" target=\"_blank\" data-mrf-recirculation=\"links-noticia\" class=\"link\" rel=\"nofollow noopener\">cinco concursantes<\/a> en la pelea por la victoria: <strong>Claudia Arenas, Cristina, Guille Toledano, Olivia y Tinho<\/strong>. Uno de ellos, el elegido por los espectadores, se alzar\u00e1 con los <strong>100.000 euros<\/strong> del premio, poniendo el broche de oro a la decimotercera edici\u00f3n del formato, la segunda desde su salto a la plataforma de pago del gigante americano.\n    <\/p>\n<p>    <a href=\"https:\/\/www.eldiario.es\/vertele\/entrevistas\/guillo-rist-expulsado-ot-2025-aclara-bajon-defiende-criticas-parte-reality-hemos-sido-naturales_1_12831317.html\" data-mrf-recirculation=\"saber-mas\" data-dl-event=\"saber-mas\" rel=\"nofollow noopener\" target=\"_blank\"><\/p>\n<p class=\"know-more__title\">ENTREVISTA | Guillo Rist aclara su baj\u00f3n en &#8216;OT 2025&#8217; y se defiende ante las cr\u00edticas por la parte del reality: \u00abHemos sido muy naturales\u00bb<\/p>\n<p>            <img decoding=\"async\" class=\"lazy\" loading=\"lazy\" data-src=\"https:\/\/static.eldiario.es\/clip\/5d08d145-3b96-418f-8e30-1eac73b9149d_16-9-aspect-ratio_default_0.jpg\" src=\"data:image\/svg+xml,%3Csvg xmlns=\" http:=\"\" viewbox=\"0 0 880 495\" alt=\"Guillo Rist aclara su baj\u00f3n en 'OT 2025' y se defiende ante las cr\u00edticas por la parte del reality: &quot;Hemos sido muy naturales&quot;\"\/><\/p>\n<p>                        <\/a><\/p>\n<p class=\"article-text\">\n        La \u00faltima gala de la temporada arrancar\u00e1 con una <strong>primera grupal<\/strong> a cargo de los cinco finalistas, que entonar\u00e1n el <strong>Marta, Sebas, Guille y los dem\u00e1s<\/strong> de <strong>Amaral<\/strong>. Pero esta no ser\u00e1 la \u00fanica actuaci\u00f3n conjunta, ya que, como manda la tradici\u00f3n, la final concluir\u00e1 con los <strong>16 concursantes<\/strong> de Operaci\u00f3n Triunfo 2025 cantando juntos sobre el escenario <strong>el himno<\/strong> que han compuesto para la edici\u00f3n y que lleva por t\u00edtulo Ese lugar.\n    <\/p>\n<p class=\"article-text\">\n        Entre medio, los participantes que a\u00fan optan a la gloria se lo jugar\u00e1n todo en una primera ronda <strong>actuaciones individuales<\/strong> con canciones que ellos mismos han elegido para la ocasi\u00f3n. Al t\u00e9rmino, Chenoa revelar\u00e1 la identidad del<strong> 4\u00ba y 5\u00ba clasificado<\/strong>. En ese momento, OT 2025 pondr\u00e1 <strong>los marcadores a cero y dar\u00e1 comienzo a una nueva votaci\u00f3n<\/strong> entre los 3 finalistas definitivos.\n    <\/p>\n<p>            <img decoding=\"async\" class=\"lazy\" loading=\"lazy\" data-src=\"https:\/\/static.eldiario.es\/clip\/debc0722-9bb3-4ac5-af45-dcf0d6555aca_16-9-discover-aspect-ratio_default_0.jpg\" src=\"data:image\/svg+xml,%3Csvg xmlns=\" http:=\"\" viewbox=\"0 0 1200 675\" alt=\"Chenoa y los concursantes de 'OT 2025', en la Gala 12\"\/><\/p>\n<p class=\"article-text\">\n        Esta votaci\u00f3n final, de la cual saldr\u00e1 el nuevo ganador o ganadora de Operaci\u00f3n Triunfo, se prolongar\u00e1 durante la segunda ronda de n\u00fameros musicales. Esta vez, los tres participantes restantes <strong>volver\u00e1n a interpretar sus temas de la Gala 0<\/strong>, con los que se presentaron por primera vez ante la audiencia del talent show. Finalmente, la presentadora anunciar\u00e1 el nombre del vencedor.\n    <\/p>\n<p class=\"article-text\">\n        Las canciones de los cinco concursantes para la final de OT 2025:\n    <\/p>\n<ul>\n<li><strong>Claudia Arenas<\/strong>: Vivir as\u00ed es morir de amor (Camilo Sesto)<\/li>\n<li><strong>Cristina<\/strong>: La Noia (Angelina Mango)<\/li>\n<li><strong>Guille Toledano<\/strong>: Haz conmigo lo que quieras (Walls)<\/li>\n<li><strong>Olivia<\/strong>: It\u2019s all coming back to me now (C\u00e9line Dion)<\/li>\n<li><strong>Tinho<\/strong>: Lose Control (Teddy Swims)<\/li>\n<\/ul>\n<p class=\"article-text\">\n        Las canciones de los cinco finalistas de su Gala 0 en OT 2025:\n    <\/p>\n<ul>\n<li><strong>Claudia Arenas<\/strong>: Oscar Winning Tears (Raye)<\/li>\n<li><strong>Cristina<\/strong>: My baby just cares for me (Nina Simone)<\/li>\n<li><strong>Guille Toledano<\/strong>: Cu\u00e1nto me duele (Morat)<\/li>\n<li><strong>Olivia<\/strong>: Break free (Ariana Grande)<\/li>\n<li><strong>Tinho<\/strong>: Hold the line (Toto)<\/li>\n<\/ul>\n<p class=\"article-text\">\n        Con la proclamaci\u00f3n del ganador, se dar\u00e1 por concluida una nueva edici\u00f3n de Operaci\u00f3n Triunfo que, como todas las anteriores, deja tras de s\u00ed <strong>un nuevo reguero de luces y sombras <\/strong>sobre las que tomar nota. En este caso, con mayor rigurosidad, ya que el futuro del formato vuelve a estar en el aire para Gestmusic, la productora que lo pari\u00f3 hace 25 a\u00f1os. La pelota ahora mismo est\u00e1 en el tejado de Amazon Prime Video, que <strong>deber\u00e1 decidir si lo renueva<\/strong> por una tercera entrega en la plataforma, <strong>o lo deja ir<\/strong>, abri\u00e9ndose entonces un abanico de posibilidades para el programa.\n    <\/p>\n<p class=\"article-text\">\n        Ante este incierto porvenir, analizamos los <strong>puntos fuertes y d\u00e9biles<\/strong> de OT 2025 antes de plantear <strong>qu\u00e9 opciones<\/strong> tendr\u00eda el formato si Prime Video lo deja escapar y vuelve a estar en el mercado.\n    <\/p>\n<p>    Los puntos fuertes de &#8216;OT 2025&#8217;<\/p>\n<ul>\n<li><strong>Conversaci\u00f3n social en digital <\/strong><\/li>\n<\/ul>\n<p class=\"article-text\">\n        Al margen de las audiencias que Operaci\u00f3n Triunfo pueda estar cosechando en su segunda temporada en Amazon Prime Video -que no han trascendido-, lo cierto es que sigue siendo el programa televisivo que <strong>domina la conversaci\u00f3n social<\/strong> en el \u00e1mbito digital. D\u00eda a d\u00eda, y semana tras semanas, los <strong>hashtags <\/strong>oficiales del directo y de sus galas, as\u00ed como el nombre de sus participantes, contin\u00faan col\u00e1ndose entre los trending topics de X -antes conocido como Twitter- y las tendencias m\u00e1s virales de TikTok.\n    <\/p>\n<p class=\"article-text\">\n        Del mismo modo, y a pesar de que en su salto al streaming ha perdido p\u00fablico potencial, OT es el<strong> \u00fanico programa capaz de trasladar esa conversaci\u00f3n digital a la calle<\/strong>, encontr\u00e1ndonos a menudo en c\u00edrculos laborales, familiares o de amistades, a alguien con quien compartir impresiones sobre lo que ocurre en el concurso musical. Adem\u00e1s, es de los pocos espacios televisivos -no deportivos- capaces de <strong>generar evento y reuni\u00f3n<\/strong> cada semana frente a la peque\u00f1a pantalla. OT 2025 puls\u00f3 su fuerza en las pasadas <strong>firmas, con casi 9.000 personas<\/strong> asistiendo a la cita con sus concursantes favoritos en Valencia, Madrid y Barcelona.\n    <\/p>\n<ul>\n<li><strong>Dinamizaci\u00f3n de la industria musical<\/strong><\/li>\n<\/ul>\n<p class=\"article-text\">\n        Lejos de las cifras de sus ediciones m\u00e1s exitosas, aunque sin la presi\u00f3n y pretensi\u00f3n por alcanzarlas, Operaci\u00f3n Triunfo sigue dinamizando la industria. Con mayor o menor incidencia, el programa contin\u00faa col\u00e1ndose <strong>en los charts y rakings de escuchas<\/strong> semanales de las plataformas musicales de streaming. Adem\u00e1s, es el \u00fanico talent musical de la televisi\u00f3n espa\u00f1ola con poder para impulsar a nuevos artistas, generando un a\u00f1o m\u00e1s<strong> una amplia cantera de cantantes emergentes <\/strong>con posibilidades de hacer, no todos pero s\u00ed algunos de ellos, carrera en nuestro pa\u00eds. Mientras tanto, la gira de OT 2025, sin cifras a\u00fan sobre la venta de entradas, contar\u00e1 con <strong>trece fechas<\/strong>, dos m\u00e1s que el tour de OT 2023.\n    <\/p>\n<ul>\n<li><strong>Conservaci\u00f3n de la frescura<\/strong><\/li>\n<\/ul>\n<p class=\"article-text\">\n        OT, como formato, <strong>concluye con m\u00e1s frescura<\/strong> esta quinta edici\u00f3n -desde que comenzase en 2017 su nueva etapa- que tras las primeras cinco ediciones del pasado. Tras tres primeras temporadas en TVE y otras dos en Telecinco, con la cadena privada desvirtuando el talent musical en pos de potenciar la parte de reality m\u00e1s pol\u00e9mica, Operaci\u00f3n Triunfo dio m\u00e1s signos de desgaste que en la actualidad. <strong>La f\u00f3rmula no est\u00e1 agotada<\/strong> e incluso si finalmente volviese al abierto, podr\u00eda ser reclamo para un p\u00fablico generalista que lo seguir\u00eda sintiendo como un regreso.\n    <\/p>\n<p>            <img decoding=\"async\" class=\"lazy\" loading=\"lazy\" data-src=\"https:\/\/static.eldiario.es\/clip\/64ea11b6-a0f0-4dad-8433-0f807fb9ab1d_16-9-discover-aspect-ratio_default_0.jpg\" src=\"data:image\/svg+xml,%3Csvg xmlns=\" http:=\"\" viewbox=\"0 0 1200 675\" alt=\"Crespo, Guillo, Guille Toledano, Olivia y Claudia Arenas en la gala 11 de 'OT 2025'\"\/><\/p>\n<ul>\n<li><strong>Eficacia en su p\u00fablico objetivo<\/strong><\/li>\n<\/ul>\n<p class=\"article-text\">\n        OT 2025 ha vuelto a tener claro a qu\u00e9 plaza se enfrenta. Su estancia en una plataforma de pago lo ha consolidado como un programa generacional, siendo<strong> efectivo a la hora de definirse y dirigirse<\/strong> hacia su p\u00fablico directo y objetivo. Eso s\u00ed, en el caso de una vuelta al abierto, deber\u00eda replantearse cambiar algunos aspectos y claves para llegar a un mayor p\u00fablico potencial.\n    <\/p>\n<ul>\n<li><strong>Dominio de &#8216;la vida en directo&#8217;<\/strong><\/li>\n<\/ul>\n<p class=\"article-text\">\n        La vida en directo, que en Espa\u00f1a arranc\u00f3 en el a\u00f1o 2000 con la llegada del entonces revolucionario Gran Hermano, est\u00e1 hoy dominada por Operaci\u00f3n Triunfo. Su emisi\u00f3n gratuita a trav\u00e9s de Youtube lo convierte, en su parte de reality, en el \u00fanico espacio televisivo capaz de lograr <strong>un gran seguimiento en vivo<\/strong> por parte de la audiencia. La propia mec\u00e1nica -con sus clases, ensayos, charlas y visitas- parece <strong>una f\u00f3rmula m\u00e1s inagotable<\/strong> que la empleada en otros programas, como puede ser el caso del mencionado GH.\n    <\/p>\n<ul>\n<li><strong>El asentamiento de su tira diaria <\/strong><\/li>\n<\/ul>\n<p class=\"article-text\">\n        El <strong>Conexi\u00f3n OT<\/strong> de <strong>Miriam Rodr\u00edguez<\/strong> ha encajado mejor que el magac\u00edn diario que en OT 2023 conduc\u00eda Xuso Jones desde plat\u00f3. El espacio recupera de alg\u00fan modo la esencia de los res\u00famenes diarios de anta\u00f1o, y su sencillez -y la del saloncito desde el que se realiza- ha logrado <strong>una mayor intimidad y cercan\u00eda<\/strong> con el p\u00fablico. Con el p\u00fablico&#8230; y con los concursantes, profesores e invitados que han pasado por el sof\u00e1 de la gallega a lo largo de estos tres meses. En el caso de los triunfitos, parecen haberse sentido m\u00e1s c\u00f3modos en este formato que en el anterior desde el gran plat\u00f3 del concurso.\n    <\/p>\n<p>    Los puntos d\u00e9biles de &#8216;OT 2025&#8217;: <\/p>\n<p class=\"article-text\">\n        Las galas de OT 2025 -como ya ven\u00eda pasando en OT 2023- han sido un mero tr\u00e1mite para el concurso. Por varias razones. M\u00e1s all\u00e1 de las actuaciones, el programa parece haber perdido <strong>capacidad para sorprender<\/strong> al espectador, para <strong>hacer televisi\u00f3n<\/strong> y provocar <strong>momentos \u00fanicos<\/strong>, salvo en contadas excepciones, que nos hagan <strong>vibrar al otro lado<\/strong> de la pantalla. Y ah\u00ed la sobreprotecci\u00f3n que el programa ha establecido sobre los concursantes, en muchos y diferentes aspectos, tiene gran parte de la culpa.\n    <\/p>\n<p class=\"article-text\">\n        No tener a<strong> todos los participantes en el sof\u00e1<\/strong> desde el arranque de la gala minimiza las opciones de Chenoa de interactuar con todos y de que puedan suceder giros o reacciones imprevisibles. El <a href=\"https:\/\/www.eldiario.es\/vertele\/noticias\/ot-2025-escogio-sexta-expulsada-favorita-indiscutible-vivio-peores-escenarios-programa_1_12738458.html\" target=\"_blank\" data-mrf-recirculation=\"links-noticia\" class=\"link\" rel=\"nofollow noopener\">parraque de Claudia en la Gala 7<\/a>, cuando como favorita tuvo que elegir a qu\u00e9 concursante salvaba de la nominaci\u00f3n, y el gran impacto que caus\u00f3 en los espectadores, dio cuenta de donde ha colocado OT el list\u00f3n para hacer televisi\u00f3n m\u00e1s all\u00e1 del \u00e1mbito musical. Por otro lado, con los muy medidos <strong>v\u00eddeos<\/strong> que emiten antes de cada actuaci\u00f3n, el p\u00fablico que s\u00f3lo ve las galas no obtiene <strong>una &#8216;fotograf\u00eda&#8217; real<\/strong> de lo que ha pasado en la Academia durante la semana. Y hay m\u00e1s razones, aunque estas tienen relaci\u00f3n con el resto de puntos d\u00e9biles que enumeramos a continuaci\u00f3n.\n    <\/p>\n<ul>\n<li><strong>Un repertorio empobrecido: <\/strong><\/li>\n<\/ul>\n<p class=\"article-text\">\n        El <strong>reparto de temas<\/strong> ha sido el gran tal\u00f3n de Aquiles de Operaci\u00f3n Triunfo en sus dos ediciones en Amazon. El problema con los<strong> derechos de autor <\/strong>de las <strong>canciones<\/strong>, que ya <a href=\"https:\/\/www.eldiario.es\/vertele\/noticias\/ot-2023-final-amazon-prime-video-5-aciertos-deberia-renovarlo-5-claves-mejorar-posible-proxima-edicion_1_10928121.html#:~:text=derechos%20de%20las%20canciones\" target=\"_blank\" data-mrf-recirculation=\"links-noticia\" class=\"link\" rel=\"nofollow noopener\">explicamos en verTele<\/a>, ha generado aut\u00e9nticos quebraderos de cabeza a Gestmusic, que no ha podido ofrecer al p\u00fablico los temas de gala que quer\u00eda, e incluso no ha podido conceder a los participantes muchas de sus elecciones de nominados. Esto ha empobrecido las galas, impidiendo la realizaci\u00f3n de m\u00e1s actuaciones memorables. Adem\u00e1s, esto ha afectado a lo ocurrido dentro de la Academia, donde concursantes y profesores -como pasaba este jueves con Manu Guix y sus pupilos en la sala del piano- han evidenciado su <strong>malestar al no poder siquiera cantar <\/strong>canciones en el Canal 24 horas sobre las que no tuvieran derechos. En definitiva, un programa de m\u00fasica con dificultades para hacer m\u00fasica.\n    <\/p>\n<blockquote class=\"twitter-tweet\" data-media-max-width=\"560\">\n<p lang=\"es\" dir=\"ltr\">despu\u00e9s de doce canciones se dan cuenta que no tienen los derechos. <a href=\"https:\/\/twitter.com\/hashtag\/OTDirecto11D?src=hash&amp;ref_src=twsrc%5Etfw\" rel=\"nofollow noopener\" target=\"_blank\">#OTDirecto11D<\/a> <a href=\"https:\/\/t.co\/ekndrZy6ca\" rel=\"nofollow\">pic.twitter.com\/ekndrZy6ca<\/a><\/p>\n<p>\u2014 tecni. (@besondere_13) <a href=\"https:\/\/twitter.com\/besondere_13\/status\/1999097282986131665?ref_src=twsrc%5Etfw\" rel=\"nofollow noopener\" target=\"_blank\">December 11, 2025<\/a><\/p><\/blockquote>\n<ul>\n<li><strong>Contenidos &#8216;protegidos&#8217; y viralizaci\u00f3n de lo pol\u00e9mico<\/strong><\/li>\n<\/ul>\n<p class=\"article-text\">\n        Al contrario de lo que sucedi\u00f3 durante su anterior etapa en TVE, Prime Video no ha compartido de forma inmediata <strong>las actuaciones de cada gala en Youtube<\/strong>, teniendo que acudir a la plataforma para poder volver a verlas. Lo mismo con los <strong>pases de micros<\/strong>, que este a\u00f1o por primera vez se han emitido en directo en Prime Video en lugar de en Youtube. Probablemente, esto haya ayudado a<strong> inflar sus datos de consumo <\/strong>y, como compa\u00f1\u00eda de pago, est\u00e1n en todo su derecho de establecer estrategias que incrementen su rendimiento.\n    <\/p>\n<p class=\"article-text\">\n        Sin embargo, &#8216;capar&#8217; contenidos ha impedido la <strong>viralizaci\u00f3n de ensayos y actuaciones destacadas<\/strong> que podr\u00edan favorecer la autopromoci\u00f3n de OT a nuevos posibles espectadores y hacer relucir el formato, presumiendo de la calidad y el potencial de sus participantes. Al estar todo &#8216;escondido&#8217; en la plataforma, no se ha contrarrestado la viralizaci\u00f3n de <a href=\"https:\/\/www.eldiario.es\/vertele\/noticias\/noemi-galera-ot-2025-tinho-lucia-aclara-pasado-desmayo-obligacion-protegerles-videos_1_12743395.html\" target=\"_blank\" data-mrf-recirculation=\"links-noticia\" class=\"link\" rel=\"nofollow noopener\">momentos pol\u00e9micos o descontexualizados<\/a> que han podido empa\u00f1ar en algunos puntos de la edici\u00f3n la percepci\u00f3n general que se ten\u00eda sobre el programa.\n    <\/p>\n<ul>\n<li><strong>Una interfaz poco intuitiva <\/strong><\/li>\n<\/ul>\n<p class=\"article-text\">\n        Amazon Prime Video ha encontrado dificultades para hacer relucir OT 2025 dentro de la propia plataforma. Su <strong>interfaz en televisores es compleja de manejar<\/strong> y la experiencia de usuario no es del todo positiva a la hora de intentar hallar r\u00e1pidamente los contenidos del programa que se est\u00e1n buscando. M\u00e1s all\u00e1 de asomar en portada sus emisiones en directo, el men\u00fa <strong>no pone f\u00e1cil encontrar los v\u00eddeos <\/strong>de las actuaciones completas o de las emisiones concluidas, con miniaturas que, en este \u00faltimo caso, confunden a la hora de seleccionar cu\u00e1l es la correcta. Adem\u00e1s, la aplicaci\u00f3n en televisores deber\u00eda <strong>permitir ver los directos ya empezados<\/strong> desde el principio, tal y como hace en pantallas m\u00f3viles y ordenadores.\n    <\/p>\n<p class=\"article-text\">\n        Tras el fallido experimento de OT 2023 con sus posgalas, OT 2025 debi\u00f3 devolver El Chat m\u00e1s tradicional a su emisi\u00f3n tras las galas.<strong> <\/strong><strong>El Chat <\/strong><strong>ha quedado este a\u00f1o escondido<\/strong> en una noche de viernes en la que muchos espectadores -m\u00e1s a\u00fan entre los j\u00f3venes- no est\u00e1n en casa. Es una buena idea que en esa v\u00edspera del fin de semana haya contenidos distendidos -para el p\u00fablico y para los propios concursantes-, pero lo cierto es que es un material que la mayor parte de la audiencia se ha acabado perdiendo.\n    <\/p>\n<p class=\"article-text\">\n        Lo mismo con<strong> la llegada a la Academia<\/strong> de los concursantes tras las galas. Afortunadamente, Prime Video rectific\u00f3 y volvi\u00f3 a ofrecer unos minutos -bastante escasos, seamos sinceros- de este contenido en directo. El objetivo inicial parec\u00eda guard\u00e1rselo para convocar a los espectadores al Conexi\u00f3n OT del d\u00eda siguiente, pero era evidente que el programa perd\u00eda as\u00ed la oportunidad de fidelizar a unos fans que, tras las galas, siempre quedaban enganchados al 24 horas para ver las reacciones -positivas o negativas- de los concursantes.\n    <\/p>\n<p>            <img decoding=\"async\" class=\"lazy\" loading=\"lazy\" data-src=\"https:\/\/static.eldiario.es\/clip\/bef78d93-1c3f-4c27-b8d7-975b1cee2e92_16-9-discover-aspect-ratio_default_0.jpg\" src=\"data:image\/svg+xml,%3Csvg xmlns=\" http:=\"\" viewbox=\"0 0 1200 675\" alt=\"El jurado de 'OT 2025' en la gala 6 de Prime Video\"\/><\/p>\n<p class=\"article-text\">\n        Ha sido impactante -e incluso por momentos sonrojante- ver al jurado pidiendo perd\u00f3n a los concursantes tras nominarlos. Sin querer un regreso a aquellos a\u00f1os en los que jueces sobreactuados vapuleaban sin escr\u00fapulos a los participantes, y entendiendo el tacto y la empat\u00eda que quer\u00edan implementar los actuales, llama la atenci\u00f3n que el programa se olvide, como hemos dicho, de que <strong>se est\u00e1 haciendo televisi\u00f3n, de que hay una mec\u00e1nica y unas normas.<\/strong> Si OT no se toma en serio a s\u00ed mismo, as\u00ed lo har\u00e1n los concursantes y, por extensi\u00f3n, el propio p\u00fablico.\n    <\/p>\n<p class=\"article-text\">\n        En numerosas ocasiones, las valoraciones del jurado de OT 2025, por<strong> un lenguaje extremadamente cuidado <\/strong>ante el miedo a hacer da\u00f1o, se han vuelto ininteligibles, confundiendo a los participantes y volvi\u00e9ndose a veces incoherentes. El d\u00eda de las notas qued\u00f3 m\u00e1s que reflejado, cuando los argumentos que daba el comit\u00e9 eran incoherentes con las calificaciones que le acababan poniendo a los triunfitos. Se tambaleaba as\u00ed la credibilidad del concurso.\n    <\/p>\n<ul>\n<li><strong>Una generaci\u00f3n \u00bfanestesiada?<\/strong><\/li>\n<\/ul>\n<p class=\"article-text\">\n        El casting de OT 2025 ha tra\u00eddo a nuestras pantallas a un elenco de 16 j\u00f3venes de gran talento y con gran formaci\u00f3n musical. Sin embargo, durante el desarrollo de la edici\u00f3n se han comportado ante las c\u00e1maras de <strong>una manera controlada, y por momentos fr\u00eda<\/strong>, que ha hecho que al p\u00fablico le costara conectar con ellos. A los fans y a la propia Noem\u00ed Galera, que hace tan solo unos d\u00edas confesaba en Conexi\u00f3n OT las trabas que ha sentido este a\u00f1o para lograr <strong>una relaci\u00f3n m\u00e1s cercana y fluida<\/strong> con los participantes. Tambi\u00e9n hace unos d\u00edas <strong>Edurne <\/strong>les advert\u00eda -a modo de toque de atenci\u00f3n- de que si no se abr\u00edan a nivel personal, los espectadores se encontrar\u00edan con m\u00e1s dificultades para conocerlos como artistas.\n    <\/p>\n<p class=\"article-text\">\n        Por otro lado, Gestmusic llev\u00f3 a<strong> In\u00e9s Hernand <\/strong>de <a href=\"https:\/\/www.eldiario.es\/vertele\/noticias\/ines-hernand-sorprende-academia-ot-2025-noticia-exterior-espana-no-presenta-eurovision_1_12827239.html\" target=\"_blank\" data-mrf-recirculation=\"links-noticia\" class=\"link\" rel=\"nofollow noopener\">visita a la Academia<\/a> para lo que pareci\u00f3 una sacudida a los concursantes antes de su salida al exterior. Con la charla, la comunicadora y Noem\u00ed Galera invitaron a sus alumnos a reflexionar sobre el <strong>altavoz <\/strong>y la <strong>responsabilidad <\/strong>que van a tener a partir de ahora para pronuciarse sobre <strong>temas sociales o pol\u00edticos.<\/strong> Durante el encuentro, los participantes evidenciaron que o bien no tienen mucha idea sobre lo que ocurre en el mundo -fruto de una gran desinformaci\u00f3n que varios de ellos reconocieron-, o bien tienen algunas nociones pero les da miedo compartirlas por miedo a las reacciones del exterior.\n    <\/p>\n<p class=\"article-text\">\n        Todo ello nos invita a reflexionar sobre la educaci\u00f3n que est\u00e1n recibiendo los j\u00f3venes y plantearnos dudas sobre si la generaci\u00f3n supuestamente &#8216;m\u00e1s preparada&#8217; de la historia est\u00e1 llegando a la vida adulta con suficientes conocimientos socioculturales, con pensamiento cr\u00edtico y, sobre todo, con sensibilidad real sobre lo que ocurre, con mayor o menor proximidad, en su entorno.\n    <\/p>\n<p>            <img decoding=\"async\" class=\"lazy\" loading=\"lazy\" data-src=\"https:\/\/static.eldiario.es\/clip\/eff78f1e-6225-4540-8d8f-56ace5b58ea6_16-9-discover-aspect-ratio_default_0.jpg\" src=\"data:image\/svg+xml,%3Csvg xmlns=\" http:=\"\" viewbox=\"0 0 1200 675\" alt=\"Noem\u00ed Galera y los 16 concursantes de 'OT 2025'\"\/><\/p>\n<p>    &#8216;Operaci\u00f3n Triunfo&#8217; y su posible vuelta al mercado televisivo<\/p>\n<p class=\"article-text\">\n        Con este panorama de luces y sombras llega Operaci\u00f3n Triunfo a otro momento clave de su historia en la peque\u00f1a pantalla, medio al que ha demostrado con creces saber adaptarse a lo largo de sus 25 a\u00f1os de cat\u00f3dica vida. M\u00e1s pronto que tarde, <strong>a Amazon le tocar\u00e1 hacer balance<\/strong> -si no lo ha hecho ya- para decidir si le compensa seguir apostando por un gran <strong>formato que ha impulsado su imagen de marca<\/strong>, colocando a la plataforma Prime Video en el imaginario colectivo, o si considera que no merece la pena seguir invirtiendo tanto dinero en un costoso espacio televisivo que, viendo <a href=\"https:\/\/www.eldiario.es\/vertele\/audiencias-tv\/audiencia-ot-2023-operacion-triunfo-3-5-millones-espectadores-amazon-prime-video-plataformas_1_10940350.html\" target=\"_blank\" data-mrf-recirculation=\"links-noticia\" class=\"link\" rel=\"nofollow noopener\">la cifras de consumo de la edici\u00f3n pasada<\/a>, encuentran muy dif\u00edcil de rentabilizar.\n    <\/p>\n<p class=\"article-text\">\n        En caso de una respuesta negativa, Gestmusic deber\u00e1 sentarse a valorar qu\u00e9 opciones de futuro tiene para OT tras volver a salir al mercado: <strong>saltar a otra plataforma<\/strong> -en la cual se encontar\u00edan con los <strong>mismos inconvenientes<\/strong> que con Amazon-, o <strong>volver a la televisi\u00f3n en abierto<\/strong>, con mayor o menor adaptaci\u00f3n entre las principales cadenas generalistas. Entre las privadas, <strong>Telecinco <\/strong>no parece ser el mejor destino para los intereses del formato -por la grave crisis que atraviesa el canal y por el tono que all\u00ed le dieron en el pasado- y <strong>Antena 3 <\/strong>ya tiene consolidada -aunque algo desgastada- su principal marca de talent show musical con <strong>La Voz.<\/strong>\n    <\/p>\n<p class=\"article-text\">\n        <strong>TVE<\/strong>, la emisora p\u00fablica, se plantar\u00eda as\u00ed como la &#8216;casa&#8217; en la que <strong>mejor encaje <\/strong>encontrar\u00eda Operaci\u00f3n Triunfo, que volver\u00eda a la televisi\u00f3n de todos m\u00e1s de un lustro despu\u00e9s de su salida. Lo cierto es que en TVE, en sus dos etapas previas, OT vivi\u00f3 <strong>sus mejores d\u00edas de popularidad y prestigio<\/strong>, aunque es verdad que en su \u00faltima edici\u00f3n all\u00ed, la de 2020, empez\u00f3 a dar s\u00edntomas de desgaste en sus audiencias, lastrado -tambi\u00e9n hay que destacarlo- por las dificultades que se encontr\u00f3 el programa con el estallido de la pandemia. En todo caso, tras varios a\u00f1os alejado de la tele en abierto, TVE podr\u00eda convertir la vuelta de OT a La 1 en <strong>un atractivo reclamo para su audiencia<\/strong>, con la oportunidad de recuperar otro pulso para sus galas y alejarlo del espacio encorsetado en el que, como hemos analizado previamente, se ha estado convirtiendo.\n    <\/p>\n<p>    <a href=\"https:\/\/www.eldiario.es\/vertele\/noticias\/eurovision-semana-descomposicion-israel-retirada-paises-cruces-acusatorios-trofeo-devuelto_1_12839112.html\" data-mrf-recirculation=\"saber-mas-abajo\" data-dl-event=\"saber-mas-abajo\" rel=\"nofollow noopener\" target=\"_blank\"><\/p>\n<p class=\"know-more__title\">La semana de la descomposici\u00f3n de Eurovisi\u00f3n por Israel: retirada de pa\u00edses, cruces acusatorios y un trofeo devuelto<\/p>\n<p>            <img decoding=\"async\" class=\"lazy\" loading=\"lazy\" data-src=\"https:\/\/static.eldiario.es\/clip\/15cc3c45-a569-484f-8ad6-22638186bea3_16-9-aspect-ratio_default_0.jpg\" src=\"data:image\/svg+xml,%3Csvg xmlns=\" http:=\"\" viewbox=\"0 0 880 495\" alt=\"La semana de la descomposici\u00f3n de Eurovisi\u00f3n por Israel: retirada de pa\u00edses, cruces acusatorios y trofeos devueltos\"\/><\/p>\n<p>                        <\/a><\/p>\n<p class=\"article-text\">\n        El propio <strong>Jos\u00e9 Pablo L\u00f3pez<\/strong>, presidente de RTVE, lanz\u00f3 a mediados de octubre<a href=\"https:\/\/twitter.com\/Josepablo_ls\/status\/1979572031101227503?ref_src=twsrc%5Etfw%7Ctwcamp%5Etweetembed%7Ctwterm%5E1979572031101227503%7Ctwgr%5E9f0fbeedbf028223b5ae9cf2275d94874e947542%7Ctwcon%5Es1_&amp;ref_url=https%3A%2F%2Feltelevisero.huffingtonpost.es%2F2025%2F10%2Fel-presidente-de-rtve-reconoce-el-error-de-perder-operacion-triunfo-y-muchos-apoyan-esta-teoria%2F\" target=\"_blank\" rel=\"nofollow noopener\" data-mrf-recirculation=\"links-noticia\" class=\"link\"> un gui\u00f1o a Operaci\u00f3n Triunfo<\/a>, mostr\u00e1ndose <strong>\u201cmuy de acuerdo\u201d <\/strong>con un usuario que lamentaba<strong> \u201cel error\u201d que cometi\u00f3 la p\u00fablica dej\u00e1ndolo marchar. <\/strong>Por su parte, con la visita de In\u00e9s Hernand -y alguna otra m\u00e1s que se ha hecho durante la edici\u00f3n-, Gestmusic pareci\u00f3 querer reivindicar a los espectadores y al propio sector televisivo <strong>la gran vocaci\u00f3n de servicio <\/strong>que, si quiere, puede tener el programa. Sea como sea, habr\u00e1 que esperar a que Amazon tome su esperada decisi\u00f3n. Eso s\u00ed, en caso de que OT quisiera recalar en la p\u00fablica, la plataforma deber\u00eda hacerlo relativamente pronto para que sus responsables tengan margen de maniobra. TVE depende de la estabilidad del Gobierno y <strong>un cambio en el ejecutivo podr\u00eda poner en peligro<\/strong> este cat\u00f3dico matrimonio.\n    <\/p>\n<p>                                    <script async src=\"https:\/\/platform.twitter.com\/widgets.js\" charset=\"utf-8\"><\/script><\/p>\n","protected":false},"excerpt":{"rendered":"OT 2025 celebra este lunes 15 de diciembre su gran final en Amazon Prime Video. Despu\u00e9s de tres&hellip;\n","protected":false},"author":2,"featured_media":288897,"comment_status":"","ping_status":"","sticky":false,"template":"","format":"standard","meta":{"footnotes":""},"categories":[171],"tags":[45,69371,2197,146,147,4697,25,24,1058,2848,1173,221,521,23,214,2338],"class_list":{"0":"post-288896","1":"post","2":"type-post","3":"status-publish","4":"format-standard","5":"has-post-thumbnail","7":"category-tv","8":"tag-45","9":"tag-aciertos","10":"tag-edicion","11":"tag-entertainment","12":"tag-entretenimiento","13":"tag-errores","14":"tag-es","15":"tag-espana","16":"tag-final","17":"tag-futuro","18":"tag-opciones","19":"tag-ot","20":"tag-prime","21":"tag-spain","22":"tag-tv","23":"tag-video"},"share_on_mastodon":{"url":"https:\/\/pubeurope.com\/@es\/115721628740529551","error":""},"_links":{"self":[{"href":"https:\/\/www.europesays.com\/es\/wp-json\/wp\/v2\/posts\/288896","targetHints":{"allow":["GET"]}}],"collection":[{"href":"https:\/\/www.europesays.com\/es\/wp-json\/wp\/v2\/posts"}],"about":[{"href":"https:\/\/www.europesays.com\/es\/wp-json\/wp\/v2\/types\/post"}],"author":[{"embeddable":true,"href":"https:\/\/www.europesays.com\/es\/wp-json\/wp\/v2\/users\/2"}],"replies":[{"embeddable":true,"href":"https:\/\/www.europesays.com\/es\/wp-json\/wp\/v2\/comments?post=288896"}],"version-history":[{"count":0,"href":"https:\/\/www.europesays.com\/es\/wp-json\/wp\/v2\/posts\/288896\/revisions"}],"wp:featuredmedia":[{"embeddable":true,"href":"https:\/\/www.europesays.com\/es\/wp-json\/wp\/v2\/media\/288897"}],"wp:attachment":[{"href":"https:\/\/www.europesays.com\/es\/wp-json\/wp\/v2\/media?parent=288896"}],"wp:term":[{"taxonomy":"category","embeddable":true,"href":"https:\/\/www.europesays.com\/es\/wp-json\/wp\/v2\/categories?post=288896"},{"taxonomy":"post_tag","embeddable":true,"href":"https:\/\/www.europesays.com\/es\/wp-json\/wp\/v2\/tags?post=288896"}],"curies":[{"name":"wp","href":"https:\/\/api.w.org\/{rel}","templated":true}]}}