{"id":289030,"date":"2025-12-15T06:19:16","date_gmt":"2025-12-15T06:19:16","guid":{"rendered":"https:\/\/www.europesays.com\/es\/289030\/"},"modified":"2025-12-15T06:19:16","modified_gmt":"2025-12-15T06:19:16","slug":"concierto-de-navidad-2025-el-papa-que-la-musica-sea-un-lugar-del-alma","status":"publish","type":"post","link":"https:\/\/www.europesays.com\/es\/289030\/","title":{"rendered":"Concierto de Navidad 2025. El Papa: Que la m\u00fasica sea un lugar del alma"},"content":{"rendered":"<p>Este s\u00e1bado, 13 de diciembre, el Santo Padre recibi\u00f3 en audiencia, en la Sala Clementina del Vaticano, a los promotores y artistas del Concierto de Navidad 2025, que apoya un proyecto misionero salesiano en la Rep\u00fablica del Congo. El Papa: \u201cLa m\u00fasica sea un espacio donde el coraz\u00f3n tome voz, acerc\u00e1ndonos a Dios y haciendo que nuestra humanidad est\u00e9 cada vez m\u00e1s inspirada por su amor\u201d.<\/p>\n<p><b>Vatican News<\/b><\/p>\n<p>\u201cLa Navidad, nos recuerda que Dios, para revelarse, elige un marco humano. No usa escenarios imponentes, sino una casa sencilla; no aparece de lejos, sino que se acerca; no se queda en un lugar inaccesible del cielo, sino que llega al coraz\u00f3n mismo de nuestras peque\u00f1as historias\u201d, lo dijo el Papa Le\u00f3n XIV en sus saludos a los promotores y a los artistas del Concierto de Navidad, a quienes recibi\u00f3 en audiencia, este s\u00e1bado 13 de diciembre, en la Sala Clementina del Vaticano.<\/p>\n<p><b>Celebrar la Navidad con la m\u00fasica y el espect\u00e1culo<\/b> <\/p>\n<p>En sus saludos, el Santo Padre record\u00f3 que, este tradicional evento celebra el misterio del Nacimiento de Jes\u00fas a trav\u00e9s de los lenguajes universales de la m\u00fasica y el espect\u00e1culo, y que adem\u00e1s promueve la solidaridad.<\/p>\n<p>\u201cEsta noche escucharemos melod\u00edas nacidas en diversos contextos, vinculadas a diferentes historias, generaciones y sensibilidades. Y, sin embargo, como sucede en el cielo nocturno, estas luces sonoras compondr\u00e1n armoniosamente una constelaci\u00f3n com\u00fan que, como tal, no es solo un modelo, sino una gu\u00eda\u201d.<\/p>\n<p><b>Un diario compartido que preserva los sentimientos<\/b> <\/p>\n<p>Adem\u00e1s, el Pont\u00edfice indic\u00f3 que, la m\u00fasica nace de la vida cotidiana, acompa\u00f1a nuestros movimientos, nuestros recuerdos, nuestras luchas.<\/p>\n<p>\u201cEs un diario compartido que preserva los sentimientos de todos \u2014nostalgia, deseo, espera, desconcierto, renacimiento\u2014, narrando nuestro camino con sencillez y, al mismo tiempo, profundidad\u201d.<\/p>\n<p><b>La vida cotidiana puede ser un lugar de encuentro con Dios<\/b> <\/p>\n<p>Asimismo, el Obispo de Roma record\u00f3 a los artistas que, la Navidad, nos recuerda que Dios, para revelarse, elige un marco humano.<\/p>\n<p>\u201cNo usa escenarios imponentes, sino una casa sencilla; no aparece de lejos, sino que se acerca; no se queda en un lugar inaccesible del cielo, sino que nos llega al coraz\u00f3n mismo de nuestras peque\u00f1as historias. De esta manera, nos revela que la vida cotidiana, tal como es, puede convertirse en un lugar de encuentro con \u00c9l\u201d.<\/p>\n<p><b>Un proyecto misionero salesiano en la Rep\u00fablica del Congo<\/b> <\/p>\n<p>Y al destacar el car\u00e1cter solidario del Concierto de Navidad, el Papa dijo que, este evento apoya un proyecto misionero salesiano en la Rep\u00fablica del Congo: la construcci\u00f3n de una escuela primaria con capacidad para 350 ni\u00f1os.<\/p>\n<p>\u201cEsto tambi\u00e9n nos hace reflexionar, record\u00e1ndonos que la belleza, cuando es aut\u00e9ntica, no se encierra en s\u00ed misma, sino que genera decisiones responsables para el cuidado del mundo. As\u00ed, la cultura se convierte en un soplo de aire fresco para la dignidad de todos, especialmente de los m\u00e1s vulnerables\u201d.<\/p>\n<p><b>El concierto como una peregrinaci\u00f3n interior<\/b> <\/p>\n<p>Finalmente, antes de invocar la bendici\u00f3n del Se\u00f1or para los artistas y sus familias, el Papa Le\u00f3n XIV los invit\u00f3 a vivir este momento como una peregrinaci\u00f3n interior.<\/p>\n<p>\u201cCon ocasi\u00f3n de la Navidad, la m\u00fasica sea un lugar del alma: un espacio donde el coraz\u00f3n tome voz, acerc\u00e1ndonos a Dios y haciendo que nuestra humanidad est\u00e9 cada vez m\u00e1s inspirada por su amor\u201d.<\/p>\n<p>\u00a1Que tengan un buen concierto y una Feliz Navidad!<\/p>\n","protected":false},"excerpt":{"rendered":"Este s\u00e1bado, 13 de diciembre, el Santo Padre recibi\u00f3 en audiencia, en la Sala Clementina del Vaticano, a&hellip;\n","protected":false},"author":2,"featured_media":289031,"comment_status":"","ping_status":"","sticky":false,"template":"","format":"standard","meta":{"footnotes":""},"categories":[42],"tags":[34494,2509,17,18,2507,13,14,11,61,62,63,64,19,20,185,2951,9,10,15,16,400,69390,12,21,22,65,66,67],"class_list":{"0":"post-289030","1":"post","2":"type-post","3":"status-publish","4":"format-standard","5":"has-post-thumbnail","7":"category-internacional","8":"tag-arte-sacro","9":"tag-audiencias","10":"tag-breaking-news","11":"tag-breakingnews","12":"tag-escuela-y-universidad","13":"tag-featured-news","14":"tag-featurednews","15":"tag-headlines","16":"tag-internacional","17":"tag-international","18":"tag-international-news","19":"tag-internationalnews","20":"tag-latest-news","21":"tag-latestnews","22":"tag-musica","23":"tag-navidad","24":"tag-news","25":"tag-noticias","26":"tag-noticias-destacadas","27":"tag-noticiasdestacadas","28":"tag-papa-leon-xiv","29":"tag-republica-del-congo","30":"tag-titulares","31":"tag-ultimas-noticias","32":"tag-ultimasnoticias","33":"tag-world","34":"tag-world-news","35":"tag-worldnews"},"share_on_mastodon":{"url":"https:\/\/pubeurope.com\/@es\/115722136049626844","error":""},"_links":{"self":[{"href":"https:\/\/www.europesays.com\/es\/wp-json\/wp\/v2\/posts\/289030","targetHints":{"allow":["GET"]}}],"collection":[{"href":"https:\/\/www.europesays.com\/es\/wp-json\/wp\/v2\/posts"}],"about":[{"href":"https:\/\/www.europesays.com\/es\/wp-json\/wp\/v2\/types\/post"}],"author":[{"embeddable":true,"href":"https:\/\/www.europesays.com\/es\/wp-json\/wp\/v2\/users\/2"}],"replies":[{"embeddable":true,"href":"https:\/\/www.europesays.com\/es\/wp-json\/wp\/v2\/comments?post=289030"}],"version-history":[{"count":0,"href":"https:\/\/www.europesays.com\/es\/wp-json\/wp\/v2\/posts\/289030\/revisions"}],"wp:featuredmedia":[{"embeddable":true,"href":"https:\/\/www.europesays.com\/es\/wp-json\/wp\/v2\/media\/289031"}],"wp:attachment":[{"href":"https:\/\/www.europesays.com\/es\/wp-json\/wp\/v2\/media?parent=289030"}],"wp:term":[{"taxonomy":"category","embeddable":true,"href":"https:\/\/www.europesays.com\/es\/wp-json\/wp\/v2\/categories?post=289030"},{"taxonomy":"post_tag","embeddable":true,"href":"https:\/\/www.europesays.com\/es\/wp-json\/wp\/v2\/tags?post=289030"}],"curies":[{"name":"wp","href":"https:\/\/api.w.org\/{rel}","templated":true}]}}