{"id":289034,"date":"2025-12-15T06:23:36","date_gmt":"2025-12-15T06:23:36","guid":{"rendered":"https:\/\/www.europesays.com\/es\/289034\/"},"modified":"2025-12-15T06:23:36","modified_gmt":"2025-12-15T06:23:36","slug":"emilia-deja-metro-y-medio-de-nieve-en-el-teide-la-nevada-mas-intensa-desde-2016","status":"publish","type":"post","link":"https:\/\/www.europesays.com\/es\/289034\/","title":{"rendered":"Emilia deja metro y medio de nieve en el Teide, la nevada m\u00e1s intensa desde 2016"},"content":{"rendered":"<p class=\"c-paragraph\">El paso de la borrasca Emilia por <a href=\"https:\/\/www.20minutos.es\/tags\/lugares\/tenerife.html\" title=\"Tenerife\" rel=\"nofollow noopener\" target=\"_blank\">Tenerife<\/a> <b>ha dejado una capa de nieve de metro y medio<\/b> de espesor en el <a href=\"https:\/\/www.20minutos.es\/tags\/lugares\/parque-nacional-del-teide.html\" title=\"Parque Nacional del Teide\" rel=\"nofollow noopener\" target=\"_blank\">Parque Nacional del Teide<\/a>, una nevada que no se ve\u00eda en la isla desde el a\u00f1o 2016. En el lugar, adem\u00e1s, los term\u00f3metros han alcanzado hasta <b>-4 \u00baC.<\/b><\/p>\n<p class=\"c-paragraph\">La nieve ha cubierto as\u00ed todo el valle de Ucanca, adem\u00e1s de los montes de Arico, Arafo y G\u00fcimar, seg\u00fan informa el Cabildo de Tenerife, que <b>ha organizado un operativo especial por nevada<\/b>, con m\u00e1s de una decena de efectivos, para proceder a la reapertura de las carreteras de acceso al Teide cuando se den las condiciones.\u00a0<\/p>\n<p class=\"c-paragraph\">La presidenta, Rosa D\u00e1vila, ha indicado que el objetivo principal es garantizar<b> la seguridad y protecci\u00f3n de todos los tinerfe\u00f1os<\/b> por lo que se est\u00e1n coordinando todos los medios necesarios \u00abcon la m\u00e1xima prudencia\u00bb.\u00a0<\/p>\n<p class=\"c-paragraph\">Durante el paso de la borrasca, se han producido en la isla <b>un total 584 incidencias relacionadas<\/b> con la acci\u00f3n del fuerte viento. Las incidencias contabilizadas han estado derivadas, en su mayor\u00eda, de la acci\u00f3n del viento, con actuaciones relacionadas con la ca\u00edda y retirada de \u00e1rboles, vallas, farolas y mobiliario urbano, as\u00ed como obst\u00e1culos en la red viaria, sin que se hayan registrado incidencias de gravedad ni da\u00f1os personales.<\/p>\n<p class=\"c-paragraph\">El viento ha provocado adem\u00e1s\u00a0<b>retrasos y desv\u00edos puntuales en el aeropuerto de Tenerife Norte<\/b>, aunque sin incidencias de consideraci\u00f3n y el transporte mar\u00edtimo se ha mantenido operativo.\u00a0<\/p>\n<p class=\"c-paragraph\">La borrasca ha dejado asimismo rachas de viento de hasta 159 km\/h en Iza\u00f1a, as\u00ed como<b> valores de 109 km\/h en Candelaria y Las Ca\u00f1adas<\/b>. Tambi\u00e9n vientos sostenidos superiores a 60 km\/h en zonas de median\u00edas y acumulados de lluvia superiores a 69 litros por metro cuadrados en Arico y registros destacados tambi\u00e9n en G\u00fc\u00edmar y Arafo.\u00a0<\/p>\n","protected":false},"excerpt":{"rendered":"El paso de la borrasca Emilia por Tenerife ha dejado una capa de nieve de metro y medio&hellip;\n","protected":false},"author":2,"featured_media":289035,"comment_status":"","ping_status":"","sticky":false,"template":"","format":"standard","meta":{"footnotes":""},"categories":[5],"tags":[17,18,51,9135,25,24,13,14,11,19,20,697,14236,9,16248,10,15,16,23,12,21,22],"class_list":{"0":"post-289034","1":"post","2":"type-post","3":"status-publish","4":"format-standard","5":"has-post-thumbnail","7":"category-titulares","8":"tag-breaking-news","9":"tag-breakingnews","10":"tag-deja","11":"tag-emilia","12":"tag-es","13":"tag-espana","14":"tag-featured-news","15":"tag-featurednews","16":"tag-headlines","17":"tag-latest-news","18":"tag-latestnews","19":"tag-medio","20":"tag-metro","21":"tag-news","22":"tag-nieve","23":"tag-noticias","24":"tag-noticias-destacadas","25":"tag-noticiasdestacadas","26":"tag-spain","27":"tag-titulares","28":"tag-ultimas-noticias","29":"tag-ultimasnoticias"},"share_on_mastodon":{"url":"https:\/\/pubeurope.com\/@es\/115722151711430717","error":""},"_links":{"self":[{"href":"https:\/\/www.europesays.com\/es\/wp-json\/wp\/v2\/posts\/289034","targetHints":{"allow":["GET"]}}],"collection":[{"href":"https:\/\/www.europesays.com\/es\/wp-json\/wp\/v2\/posts"}],"about":[{"href":"https:\/\/www.europesays.com\/es\/wp-json\/wp\/v2\/types\/post"}],"author":[{"embeddable":true,"href":"https:\/\/www.europesays.com\/es\/wp-json\/wp\/v2\/users\/2"}],"replies":[{"embeddable":true,"href":"https:\/\/www.europesays.com\/es\/wp-json\/wp\/v2\/comments?post=289034"}],"version-history":[{"count":0,"href":"https:\/\/www.europesays.com\/es\/wp-json\/wp\/v2\/posts\/289034\/revisions"}],"wp:featuredmedia":[{"embeddable":true,"href":"https:\/\/www.europesays.com\/es\/wp-json\/wp\/v2\/media\/289035"}],"wp:attachment":[{"href":"https:\/\/www.europesays.com\/es\/wp-json\/wp\/v2\/media?parent=289034"}],"wp:term":[{"taxonomy":"category","embeddable":true,"href":"https:\/\/www.europesays.com\/es\/wp-json\/wp\/v2\/categories?post=289034"},{"taxonomy":"post_tag","embeddable":true,"href":"https:\/\/www.europesays.com\/es\/wp-json\/wp\/v2\/tags?post=289034"}],"curies":[{"name":"wp","href":"https:\/\/api.w.org\/{rel}","templated":true}]}}