{"id":289046,"date":"2025-12-15T06:37:18","date_gmt":"2025-12-15T06:37:18","guid":{"rendered":"https:\/\/www.europesays.com\/es\/289046\/"},"modified":"2025-12-15T06:37:18","modified_gmt":"2025-12-15T06:37:18","slug":"luis-y-ana-fernandez-los-protegidos-un-nuevo-poder-la-serie-sigue-viva-gracias-al-carino-del-publico","status":"publish","type":"post","link":"https:\/\/www.europesays.com\/es\/289046\/","title":{"rendered":"Luis y Ana Fern\u00e1ndez (&#8216;Los protegidos: Un nuevo poder&#8217;): \u00abLa serie sigue viva gracias al cari\u00f1o del p\u00fablico\u00bb"},"content":{"rendered":"<p>Este 2025 se cumplen 15 a\u00f1os desde el estreno de &#8216;<a href=\"https:\/\/www.ecartelera.com\/series\/los-protegidos\/\" data-mention-type=\"serie\" data-mention-id=\"348\" rel=\"nofollow noopener\" target=\"_blank\">Los protegidos<\/a>&#8216;, <strong>uno de los fen\u00f3menos m\u00e1s grandes de la televisi\u00f3n espa\u00f1ola<\/strong>, que debut\u00f3 en Antena 3. Tras tres temporadas con los mismos personajes: la original, &#8216;El regreso&#8217; y &#8216;A.D.N.&#8217;, <strong>llega ahora una nueva entrega en Atresplayer<\/strong>: &#8216;Los protegidos: Un nuevo poder&#8217;.<\/p>\n<p>Tr\u00e1iler &#8216;Los Protegidos: Un nuevo poder&#8217;<\/p>\n<p><video id=\"vid-36036\" class=\"video-js vjs-default-skin\" data-title=\"Tr\u00e1iler 'Los Protegidos: Un nuevo poder'\" poster=\"https:\/\/www.ecartelera.com\/images\/videos\/36000\/f36036.jpg\" controls=\"\" preload=\"auto\" width=\"640\" height=\"360\" playsinline=\"\" data-vtt=\"\/\/v1.ecartelera.com\/video\/36000\/36036_sprite.vtt\" data-stream=\"1\">El navegador no soporta el tag de v\u00eddeo.<\/video><\/p>\n<p>X<\/p>\n<p>En esta nueva temporada, la familia Castillo deja temporalmente los laboratorios de ADN para pasar unas Navidades tranquilas en casa. O eso creen, <strong>hasta que un extra\u00f1o caso relacionado con un Elfo Travieso rompe la calma<\/strong>, y descubren que detr\u00e1s de este misterio se esconde algo mucho m\u00e1s oscuro. Con motivo del estreno de esta nueva aventura, <strong>en eCartelera hemos tenido la oportunidad de charlar con <a href=\"https:\/\/www.ecartelera.com\/personas\/luis-fernandez\/\" data-mention-type=\"persona\" data-mention-id=\"4024\" rel=\"nofollow noopener\" target=\"_blank\">Luis Fern\u00e1ndez<\/a> y <a href=\"https:\/\/www.ecartelera.com\/personas\/ana-fernandez-garcia\/\" data-mention-type=\"persona\" data-mention-id=\"12412\" rel=\"nofollow noopener\" target=\"_blank\">Ana Fern\u00e1ndez Garc\u00eda<\/a>.<\/strong><\/p>\n<p>Luis reflexiona sobre c\u00f3mo, tras tantos a\u00f1os, &#8216;Los protegidos&#8217; sigue siendo una demanda de los fans: \u00abEs una cuesti\u00f3n del p\u00fablico, son ellos los que mantienen viva la serie.<strong> Muchos nos escriben diciendo que vieron la serie con sus padres y ahora la ven con sus hijos<\/strong>. Si la serie sigue existiendo, es gracias al cari\u00f1o del p\u00fablico\u00bb. Respecto a las din\u00e1micas entre los personajes, Luis asegura que \u00abse mantienen intactas a lo largo de estos 15 a\u00f1os. He visto crecer a mi personaje y a mis compa\u00f1eros<strong>. Es algo muy bonito y especial, nos ha convertido en una gran familia<\/strong>\u00ab.<\/p>\n<p>\t\t\t\t\t\t\t<img decoding=\"async\" loading=\"lazy\" src=\"https:\/\/www.europesays.com\/es\/wp-content\/uploads\/2025\/12\/214261_los-protegidos.jpg\" alt=\"'Los protegidos': 15 a\u00f1os desde la primera temporada\" width=\"1200\" height=\"799\"\/><\/p>\n<p>\t\t\t\t\t\t&#8216;Los protegidos&#8217;: 15 a\u00f1os desde la primera temporada (Atresplayer)<\/p>\n<p>Luis comenta sobre la evoluci\u00f3n de su personaje, Culebra: \u00abVais a ver a un Culebra evolucionado, aunque no distinto. <strong>Se encuentra en un proceso de introspecci\u00f3n<\/strong>, tratando de conocer mejor a su hija y a su mujer en esta nueva etapa\u00bb. Por su parte, Ana, quien interpreta a Sandra, explica que el objetivo principal de su personaje en esta temporada es \u00abproteger a su hija para que no sufra, aunque esa sobreprotecci\u00f3n tambi\u00e9n viene de heridas del pasado. <strong>El gran reto de Sandra y Culebra en esta temporada es encontrar un equilibrio con su hija y con los poderes que ella posee<\/strong>\u00ab.<\/p>\n<p>Al reflexionar sobre su evoluci\u00f3n personal y profesional, Luis comenta: \u00abEl Luis de ahora ha pasado por un proceso de confianza en uno mismo, de quererme m\u00e1s. Ha sido un trabajo personal que no cambiar\u00eda, <strong>porque todo lo que viv\u00ed en &#8216;Los protegidos&#8217; me hizo ser quien soy ahora<\/strong>\u00ab. Luis tambi\u00e9n destaca que, aunque haya nuevos villanos, la esencia de la familia Castillo sigue intacta: \u00abA pesar de que aparezca un nuevo villano, <strong>la familia sigue luchando junta<\/strong>. Eso es algo que a la gente le encanta y con lo que se siente identificada\u00bb.<\/p>\n<p>Un reencuentro nost\u00e1lgico<\/p>\n<p>Uno de los momentos m\u00e1s emotivos de la nueva temporada es el reencuentro con Jimena (<a href=\"https:\/\/www.ecartelera.com\/personas\/angie-cepeda\/\" data-mention-type=\"persona\" data-mention-id=\"2855\" rel=\"nofollow noopener\" target=\"_blank\">Angie Cepeda<\/a>), uno de los personajes m\u00e1s queridos de la serie original. Luis recuerda: \u00abEl reencuentro ha sido como hace 15 a\u00f1os. Hubo momentos de risa, todos lo necesit\u00e1bamos. <strong>Ha sido como un regalo<\/strong>\u00ab. Ana a\u00f1ade: \u00abHa sido maravilloso. <strong>La aparici\u00f3n de Jimena impacta emocionalmente a toda la familia<\/strong>, aunque su trama est\u00e1 m\u00e1s conectada con otros personajes\u00bb.<\/p>\n<p>\t\t\t\t\t\t\t<img decoding=\"async\" loading=\"lazy\" src=\"https:\/\/www.europesays.com\/es\/wp-content\/uploads\/2025\/12\/239771_los-protegidos-arranca-el-rodaje-de-la-tercera-.jpg\" alt=\"'Los protegidos': Una gran familia\" width=\"1200\" height=\"750\"\/><\/p>\n<p>\t\t\t\t\t\t&#8216;Los protegidos&#8217;: Una gran familia (Atresplayer)<\/p>\n<p>El paso del tiempo tambi\u00e9n trae nuevos conflictos para los personajes. En esta temporada, los Castillo deber\u00e1n enfrentarse a la amenaza que suponen los m\u00f3viles y las redes sociales, que pueden poner en peligro su anonimato. Luis opina que \u00ab<strong>es algo muy crudo para ellos<\/strong>. Hasta ahora, s\u00f3lo unas pocas personas sab\u00edan de su existencia. Ahora, todo el mundo se enterar\u00e1 de que hay personas diferentes viviendo entre nosotros\u00bb. Ana reflexiona: \u00ab<strong>Tienen que enfrentarse a esa amenaza extra<\/strong>, porque todo el mundo tiene un m\u00f3vil. Van a tener que resolver la situaci\u00f3n\u00bb.<\/p>\n<p>La esencia de la serie<\/p>\n<p>Una de las claves del \u00e9xito de &#8216;Los protegidos&#8217; es c\u00f3mo equilibra las tramas sobre los poderes sobrenaturales con los conflictos emocionales y familiares. Luis opina: \u00ab<strong>Esta temporada es la que m\u00e1s recuerda al inicio<\/strong>. Se ha dado un enfoque muy humano y personal a los personajes y la historia. La serie habla sobre los problemas personales y c\u00f3mo los resolvemos a trav\u00e9s de la uni\u00f3n familiar\u00bb.<\/p>\n<p>\t\t\t\t\t\t\t<img decoding=\"async\" loading=\"lazy\" src=\"https:\/\/www.europesays.com\/es\/wp-content\/uploads\/2025\/12\/247930_el-triler-de-los-protegidos-un-nuevo-poder-abre-la-puerta-a-un-nuevo-crossover-c.jpg\" alt=\"'Los Protegidos: Un nuevo poder': La gran amenaza para los Castillo son los m\u00f3viles\" width=\"1200\" height=\"509\"\/><\/p>\n<p>\t\t\t\t\t\t&#8216;Los Protegidos: Un nuevo poder&#8217;: La gran amenaza para los Castillo son los m\u00f3viles (Atresplayer)<\/p>\n<p>Ana tambi\u00e9n reflexiona sobre la esencia de la serie: \u00ab<strong>Los v\u00ednculos emocionales son lo que ha mantenido a la serie viva<\/strong>. En el fondo, &#8216;Los protegidos&#8217; es una met\u00e1fora de lo que significa ser diferente. Cuando eres diferente, la sociedad te puede tachar de bicho raro. Pero no pasa nada por ser y pensar diferente, <strong>siempre y cuando lo hagas con respeto<\/strong>\u00ab.<\/p>\n<p>Televisi\u00f3n tradicional vs. Streaming<\/p>\n<p>Luis analiza c\u00f3mo el nuevo panorama de la televisi\u00f3n afecta a la serie: \u00abEl cambio a plataformas ha sido algo que la sociedad ha acogido de forma natural. A nosotros no nos afecta demasiado, porque al final tienes que convivir con ello. <strong>Creo que si la serie se hubiera emitido en abierto, tambi\u00e9n habr\u00eda tenido buenos n\u00fameros<\/strong>. No soy pretencioso, pero no hay muchas series como esta: <strong>que hable de la familia y lo diferente de una manera tan humana<\/strong>\u00ab.<\/p>\n<p>Ana reflexiona sobre el salto de la televisi\u00f3n tradicional a las plataformas: \u00ab<strong>Antes, viv\u00edas con mucha presi\u00f3n por las audiencias<\/strong>. Si no consegu\u00edas ciertos n\u00fameros, te cancelaban. Se viv\u00eda con mucha angustia. Ahora, con las plataformas, haces el producto y listo. <strong>Te da m\u00e1s estabilidad<\/strong>. Aunque la parte negativa es que, ahora que los rodajes son m\u00e1s r\u00e1pidos y econ\u00f3micos, los equipos de trabajo en Espa\u00f1a se han dado cuenta de que, apretando el tiempo, los proyectos siguen adelante y siguen forzando los tiempos. <strong>Eso hace que los rodajes sean m\u00e1s intensos y menos descansados<\/strong>\u00ab.<\/p>\n","protected":false},"excerpt":{"rendered":"Este 2025 se cumplen 15 a\u00f1os desde el estreno de &#8216;Los protegidos&#8216;, uno de los fen\u00f3menos m\u00e1s grandes&hellip;\n","protected":false},"author":2,"featured_media":289047,"comment_status":"","ping_status":"","sticky":false,"template":"","format":"standard","meta":{"footnotes":""},"categories":[171],"tags":[1014,1015,1013,177,1011,146,147,25,24,782,1019,1016,753,1012,23,1017,214,1018],"class_list":{"0":"post-289046","1":"post","2":"type-post","3":"status-publish","4":"format-standard","5":"has-post-thumbnail","7":"category-tv","8":"tag-actores","9":"tag-actrices","10":"tag-cartelera","11":"tag-cine","12":"tag-ecartelera","13":"tag-entertainment","14":"tag-entretenimiento","15":"tag-es","16":"tag-espana","17":"tag-estrellas","18":"tag-fotogramas","19":"tag-fotos","20":"tag-peliculas","21":"tag-pelis","22":"tag-spain","23":"tag-trailers","24":"tag-tv","25":"tag-videos"},"share_on_mastodon":{"url":"https:\/\/pubeurope.com\/@es\/115722207393276791","error":""},"_links":{"self":[{"href":"https:\/\/www.europesays.com\/es\/wp-json\/wp\/v2\/posts\/289046","targetHints":{"allow":["GET"]}}],"collection":[{"href":"https:\/\/www.europesays.com\/es\/wp-json\/wp\/v2\/posts"}],"about":[{"href":"https:\/\/www.europesays.com\/es\/wp-json\/wp\/v2\/types\/post"}],"author":[{"embeddable":true,"href":"https:\/\/www.europesays.com\/es\/wp-json\/wp\/v2\/users\/2"}],"replies":[{"embeddable":true,"href":"https:\/\/www.europesays.com\/es\/wp-json\/wp\/v2\/comments?post=289046"}],"version-history":[{"count":0,"href":"https:\/\/www.europesays.com\/es\/wp-json\/wp\/v2\/posts\/289046\/revisions"}],"wp:featuredmedia":[{"embeddable":true,"href":"https:\/\/www.europesays.com\/es\/wp-json\/wp\/v2\/media\/289047"}],"wp:attachment":[{"href":"https:\/\/www.europesays.com\/es\/wp-json\/wp\/v2\/media?parent=289046"}],"wp:term":[{"taxonomy":"category","embeddable":true,"href":"https:\/\/www.europesays.com\/es\/wp-json\/wp\/v2\/categories?post=289046"},{"taxonomy":"post_tag","embeddable":true,"href":"https:\/\/www.europesays.com\/es\/wp-json\/wp\/v2\/tags?post=289046"}],"curies":[{"name":"wp","href":"https:\/\/api.w.org\/{rel}","templated":true}]}}