{"id":289089,"date":"2025-12-15T07:07:07","date_gmt":"2025-12-15T07:07:07","guid":{"rendered":"https:\/\/www.europesays.com\/es\/289089\/"},"modified":"2025-12-15T07:07:07","modified_gmt":"2025-12-15T07:07:07","slug":"rocket-lab-lanzo-la-mision-raise-and-shine-la-primera-para-la-jaxa","status":"publish","type":"post","link":"https:\/\/www.europesays.com\/es\/289089\/","title":{"rendered":"Rocket Lab lanz\u00f3 la misi\u00f3n RAISE And Shine, la primera para la JAXA"},"content":{"rendered":"<p>Rocket Lab Corporation lanz\u00f3 el domingo con \u00e9xito su primera misi\u00f3n dedicada para la\u00a0Agencia Japonesa de Exploraci\u00f3n Aeroespacial (JAXA), un hito crucial en la importancia global de Electron para el acceso regular, fiable y dedicado al espacio.<\/p>\n<p>La misi\u00f3n \u00abRAISE And Shine\u00bb despeg\u00f3 del Complejo de Lanzamiento 1 de Rocket Lab en Nueva Zelanda para <strong>desplegar la nave espacial RApid Innovative payload demonstration SatellitE-4 (RAISE-4)<\/strong> de la agencia: una demostraci\u00f3n de ocho tecnolog\u00edas desarrolladas por empresas privadas, universidades e instituciones de investigaci\u00f3n de todo Jap\u00f3n. Esta misi\u00f3n fue la primera de dos misiones dedicadas al Programa de Demostraci\u00f3n de Tecnolog\u00eda Satelital Innovadora de JAXA, una iniciativa de la agencia para demostrar nuevas e innovadoras capacidades y tecnolog\u00edas desarrolladas por la econom\u00eda espacial japonesa.<\/p>\n<p>El \u00e9xito del lanzamiento de Rocket Lab para JAXA<strong> refleja la creciente integraci\u00f3n de empresas comerciales en los programas espaciales nacionales<\/strong>, tanto a nivel nacional como internacional. Como l\u00edder consolidado en lanzamientos peque\u00f1os en EEUU, Electron tambi\u00e9n es la opci\u00f3n preferida para lanzamientos peque\u00f1os fiables a nivel mundial, con su segunda misi\u00f3n para JAXA programada para el primer trimestre de 2026.\u00a0Tambi\u00e9n est\u00e1 previsto un lanzamiento espec\u00edfico de Electron para la Agencia Espacial Europea (ESA) para el pr\u00f3ximo a\u00f1o, lo que subraya a\u00fan m\u00e1s la demanda internacional de Electron.<\/p>\n<p>Peter Beck, fundador y director ejecutivo de Rocket Lab, declar\u00f3 que \u00abesta misi\u00f3n dedicada<strong> proporcion\u00f3 precisi\u00f3n y fiabilidad a una de las agencias espaciales m\u00e1s respetadas del mundo<\/strong>\u00a0y estamos sumamente orgullosos de apoyar a JAXA con el acceso dedicado al espacio necesario para impulsar el crecimiento de la econom\u00eda aeroespacial japonesa. Nos enorgullece seguir ofreciendo la capacidad de respuesta y el rendimiento en los que conf\u00edan los operadores de sat\u00e9lites japoneses\u00bb.<\/p>\n<p>\u00abRAISE And Shine\u00bb fue el <strong>decimonoveno\u00a0lanzamiento del a\u00f1o\u00a0de Rocket Lab<\/strong>: una extensi\u00f3n del nuevo r\u00e9cord anual de lanzamiento Electron de la compa\u00f1\u00eda, establecido el mes pasado con\u00a0dos misiones consecutivas lanzadas en 48 horas.<\/p>\n","protected":false},"excerpt":{"rendered":"Rocket Lab Corporation lanz\u00f3 el domingo con \u00e9xito su primera misi\u00f3n dedicada para la\u00a0Agencia Japonesa de Exploraci\u00f3n Aeroespacial&hellip;\n","protected":false},"author":2,"featured_media":289090,"comment_status":"","ping_status":"","sticky":false,"template":"","format":"standard","meta":{"footnotes":""},"categories":[80],"tags":[82,95,94,25,24,69460,69461,69462,23],"class_list":["post-289089","post","type-post","status-publish","format-standard","has-post-thumbnail","category-economia","tag-business","tag-economia","tag-economy","tag-es","tag-espana","tag-jaxa","tag-raise-and-shine","tag-rocket-lab","tag-spain"],"share_on_mastodon":{"url":"https:\/\/pubeurope.com\/@es\/115722324915843508","error":""},"_links":{"self":[{"href":"https:\/\/www.europesays.com\/es\/wp-json\/wp\/v2\/posts\/289089","targetHints":{"allow":["GET"]}}],"collection":[{"href":"https:\/\/www.europesays.com\/es\/wp-json\/wp\/v2\/posts"}],"about":[{"href":"https:\/\/www.europesays.com\/es\/wp-json\/wp\/v2\/types\/post"}],"author":[{"embeddable":true,"href":"https:\/\/www.europesays.com\/es\/wp-json\/wp\/v2\/users\/2"}],"replies":[{"embeddable":true,"href":"https:\/\/www.europesays.com\/es\/wp-json\/wp\/v2\/comments?post=289089"}],"version-history":[{"count":0,"href":"https:\/\/www.europesays.com\/es\/wp-json\/wp\/v2\/posts\/289089\/revisions"}],"wp:featuredmedia":[{"embeddable":true,"href":"https:\/\/www.europesays.com\/es\/wp-json\/wp\/v2\/media\/289090"}],"wp:attachment":[{"href":"https:\/\/www.europesays.com\/es\/wp-json\/wp\/v2\/media?parent=289089"}],"wp:term":[{"taxonomy":"category","embeddable":true,"href":"https:\/\/www.europesays.com\/es\/wp-json\/wp\/v2\/categories?post=289089"},{"taxonomy":"post_tag","embeddable":true,"href":"https:\/\/www.europesays.com\/es\/wp-json\/wp\/v2\/tags?post=289089"}],"curies":[{"name":"wp","href":"https:\/\/api.w.org\/{rel}","templated":true}]}}