{"id":289105,"date":"2025-12-15T07:21:08","date_gmt":"2025-12-15T07:21:08","guid":{"rendered":"https:\/\/www.europesays.com\/es\/289105\/"},"modified":"2025-12-15T07:21:08","modified_gmt":"2025-12-15T07:21:08","slug":"un-guernica-made-in-azpeitia","status":"publish","type":"post","link":"https:\/\/www.europesays.com\/es\/289105\/","title":{"rendered":"Un &#8216;Guernica&#8217; made in Azpeitia"},"content":{"rendered":"<p>Egurnika, as\u00ed se llama el proyecto que acaban de presentar en Azpeitia y que pretende recrear en una talla de madera y a tama\u00f1o real  &#8230; la c\u00e9lebre obra de Picasso. El objetivo es \u00abcrear, con motivo del centenario del bombardeo de Gernika, una reproducci\u00f3n en madera y a tama\u00f1o real del &#8216;Guernica&#8217;\u00bb. Se han embarcado en una \u00abtarea complicada\u00bb, ya que quieren respetar las dimensiones originales del cuadro: 3,49 metros de alto por 7,77 de ancho.<\/p>\n<p class=\"v-p\">Cerca de una veintena de tallistas \u2013alumnos actuales y antiguos de la Escuela de Arte y Dise\u00f1o (ADI)\u2013 se han enzarzado en el proyecto. No les falta ilusi\u00f3n ni ganas para arrancar. El grupo lo forman artesanos de todas las edades, \u00abdesde los seis a\u00f1os que tiene el m\u00e1s joven hasta los 77 del mayor\u00bb, asegura Mikel San Juan, art\u00edfice del proyecto.<\/p>\n<p class=\"v-p\">Entre ellos se encuentra tambi\u00e9n Miriam Quintana, profesora de pintura en ADI. \u00abQueremos que este sea un homenaje a la talla, a los antiguos artesanos y a los tallistas de Azpeitia\u00bb, afirma. Como una de las mujeres que participan en la iniciativa, Quintana hace asimismo un llamamiento a otras tallistas que quieran sumarse.<\/p>\n<p>Un sue\u00f1o hecho realidad<\/p>\n<p class=\"v-p\">San Juan ver\u00e1 materializado en Egurnika uno de los sue\u00f1os de su padre, el tambi\u00e9n tallista Manolo San Juan, fallecido en 2023. \u00abEn las muchas horas que pas\u00e9 con mi padre en el taller, siempre dec\u00eda que le hubiese gustado hacer un gran &#8216;Guernica&#8217; en madera a tama\u00f1o natural\u00bb, recuerda, aunque \u00ab&#8217;Guernicas&#8217; hemos hecho muchos\u00bb, matiza.<\/p>\n<p class=\"v-p\">No es la primera vez que se atreve con una talla del &#8216;Guernica&#8217;, pero reconoce que en esta ocasi\u00f3n siente cierto \u00abv\u00e9rtigo\u00bb, algo que comparten el resto de compa\u00f1eros. Aun as\u00ed, est\u00e1n \u00abilusionados\u00bb. \u00abMantener al grupo en acci\u00f3n durante tanto tiempo ser\u00e1 un arduo trabajo; tendremos que tomarlo con tranquilidad y reservar fuerzas\u00bb, admite.<\/p>\n<p class=\"v-p\">Aunque a\u00fan no cuentan con lo m\u00e1s importante \u2013la madera donde empezar\u00e1n a trabajar\u2013, ya han hecho las gestiones y esperan recibir en breve los primeros metros c\u00fabicos de \u00abcasta\u00f1o asturiano\u00bb. De momento disponen de un local cedido por el Ayuntamiento, en la Plaza de Toros, para comenzar a materializar el proyecto. M\u00e1s adelante quieren organizar \u00abvisitas, talleres y charlas\u00bb.<\/p>\n<p class=\"v-p\">El equipo de Egurnika ya ha dado su primera cincelada. Esperan tener la obra terminada en abril de 2037, cuando se cumplan 100 a\u00f1os del bombardeo de Gernika. Azpeitia contar\u00e1 entonces con su propio &#8216;Guernica&#8217;.<\/p>\n","protected":false},"excerpt":{"rendered":"Egurnika, as\u00ed se llama el proyecto que acaban de presentar en Azpeitia y que pretende recrear en una&hellip;\n","protected":false},"author":2,"featured_media":289106,"comment_status":"","ping_status":"","sticky":false,"template":"","format":"standard","meta":{"footnotes":""},"categories":[173],"tags":[229,233,231,230,7055,232,234,146,147,25,24,13378,31838,23],"class_list":{"0":"post-289105","1":"post","2":"type-post","3":"status-publish","4":"format-standard","5":"has-post-thumbnail","7":"category-arte-y-diseno","8":"tag-arte","9":"tag-arte-y-diseno","10":"tag-arts","11":"tag-arts-and-design","12":"tag-azpeitia","13":"tag-design","14":"tag-diseno","15":"tag-entertainment","16":"tag-entretenimiento","17":"tag-es","18":"tag-espana","19":"tag-guernica","20":"tag-made","21":"tag-spain"},"share_on_mastodon":{"url":"https:\/\/pubeurope.com\/@es\/115722379769272958","error":""},"_links":{"self":[{"href":"https:\/\/www.europesays.com\/es\/wp-json\/wp\/v2\/posts\/289105","targetHints":{"allow":["GET"]}}],"collection":[{"href":"https:\/\/www.europesays.com\/es\/wp-json\/wp\/v2\/posts"}],"about":[{"href":"https:\/\/www.europesays.com\/es\/wp-json\/wp\/v2\/types\/post"}],"author":[{"embeddable":true,"href":"https:\/\/www.europesays.com\/es\/wp-json\/wp\/v2\/users\/2"}],"replies":[{"embeddable":true,"href":"https:\/\/www.europesays.com\/es\/wp-json\/wp\/v2\/comments?post=289105"}],"version-history":[{"count":0,"href":"https:\/\/www.europesays.com\/es\/wp-json\/wp\/v2\/posts\/289105\/revisions"}],"wp:featuredmedia":[{"embeddable":true,"href":"https:\/\/www.europesays.com\/es\/wp-json\/wp\/v2\/media\/289106"}],"wp:attachment":[{"href":"https:\/\/www.europesays.com\/es\/wp-json\/wp\/v2\/media?parent=289105"}],"wp:term":[{"taxonomy":"category","embeddable":true,"href":"https:\/\/www.europesays.com\/es\/wp-json\/wp\/v2\/categories?post=289105"},{"taxonomy":"post_tag","embeddable":true,"href":"https:\/\/www.europesays.com\/es\/wp-json\/wp\/v2\/tags?post=289105"}],"curies":[{"name":"wp","href":"https:\/\/api.w.org\/{rel}","templated":true}]}}